{"id":48710,"date":"2025-10-22T13:08:42","date_gmt":"2025-10-22T16:08:42","guid":{"rendered":"https:\/\/unisalesiano.com.br\/aracatuba\/?p=48710"},"modified":"2025-10-22T13:09:22","modified_gmt":"2025-10-22T16:09:22","slug":"alunos-de-administracao-e-ciencias-contabeis-participam-da-feira-do-empreendedor-do-sebrae","status":"publish","type":"post","link":"https:\/\/unisalesiano.com.br\/aracatuba\/alunos-de-administracao-e-ciencias-contabeis-participam-da-feira-do-empreendedor-do-sebrae\/","title":{"rendered":"Alunos de Administra\u00e7\u00e3o e Ci\u00eancias Cont\u00e1beis participam da Feira do Empreendedor do Sebrae"},"content":{"rendered":"<p>Um grupo de 44 alunos dos <strong>Cursos de Administra\u00e7\u00e3o e Ci\u00eancias Cont\u00e1beis do UniSALESIANO<\/strong>, acompanhados pelo<strong> Coordenador de Administra\u00e7\u00e3o, Prof. Jos\u00e9 Carlos Lorenzetti<\/strong>, participou de uma visita t\u00e9cnica \u00e0 Feira do Empreendedor do Sebrae, realizada no Centro de Exposi\u00e7\u00f5es, em S\u00e3o Paulo, no dia 18 de outubro.<\/p>\n<p>O evento, que aconteceu das 10h \u00e0s 20h, proporcionou aos participantes uma imers\u00e3o no universo do empreendedorismo e da inova\u00e7\u00e3o, com palestras, workshops e demonstra\u00e7\u00f5es voltadas \u00e0 Intelig\u00eancia Artificial, gest\u00e3o empresarial e tend\u00eancias de mercado.<\/p>\n<p>Durante a feira, os acad\u00eamicos puderam conhecer experi\u00eancias e solu\u00e7\u00f5es aplicadas a diversos segmentos econ\u00f4micos, como com\u00e9rcio, ind\u00fastria, servi\u00e7os p\u00fablicos, pecu\u00e1ria, agroneg\u00f3cio, \u00e1rea hospitalar, startups e tecnologia da informa\u00e7\u00e3o (T.I.).<\/p>\n<p>De acordo com Lorenzetti, a atividade teve como objetivo aproximar os alunos das pr\u00e1ticas atuais do mercado, ampliando o aprendizado al\u00e9m da sala de aula. \u201cEventos como esse s\u00e3o fundamentais para que nossos alunos compreendam as transforma\u00e7\u00f5es no ambiente empresarial e desenvolvam uma vis\u00e3o mais estrat\u00e9gica e empreendedora\u201d, destacou.<\/p>\n<p>&nbsp;<\/p>\n","protected":false},"excerpt":{"rendered":"<p>Um grupo de 44 alunos dos Cursos de Administra\u00e7\u00e3o e Ci\u00eancias Cont\u00e1beis do UniSALESIANO, acompanhados pelo Coordenador de Administra\u00e7\u00e3o, Prof. Jos\u00e9 Carlos Lorenzetti, participou de uma visita t\u00e9cnica \u00e0 Feira do Empreendedor do Sebrae, realizada no Centro de Exposi\u00e7\u00f5es, em S\u00e3o Paulo, no dia 18 de outubro. O evento, que aconteceu das 10h \u00e0s 20h, [&hellip;]<\/p>\n","protected":false},"author":3,"featured_media":48711,"comment_status":"open","ping_status":"open","sticky":false,"template":"","format":"standard","meta":{"footnotes":""},"categories":[11,8,7],"tags":[77,103,83,416,16],"class_list":["post-48710","post","type-post","status-publish","format-standard","has-post-thumbnail","hentry","category-institucional","category-sociais","category-tecnologia","tag-administracao","tag-aracatuba","tag-ciencias-contabeis","tag-sebrae","tag-unisalesiano"],"yoast_head":"<!-- This site is optimized with the Yoast SEO plugin v17.4 - https:\/\/yoast.com\/wordpress\/plugins\/seo\/ -->\n<title>Alunos de Administra\u00e7\u00e3o e Ci\u00eancias Cont\u00e1beis participam da Feira do Empreendedor do Sebrae - UniSALESIANO Ara\u00e7atuba\/SP<\/title>\n<meta name=\"robots\" content=\"index, follow, max-snippet:-1, max-image-preview:large, max-video-preview:-1\" \/>\n<link rel=\"canonical\" href=\"https:\/\/unisalesiano.com.br\/aracatuba\/alunos-de-administracao-e-ciencias-contabeis-participam-da-feira-do-empreendedor-do-sebrae\/\" \/>\n<meta property=\"og:locale\" content=\"pt_BR\" \/>\n<meta property=\"og:type\" content=\"article\" \/>\n<meta property=\"og:title\" content=\"Alunos de Administra\u00e7\u00e3o e Ci\u00eancias Cont\u00e1beis participam da Feira do Empreendedor do Sebrae - UniSALESIANO Ara\u00e7atuba\/SP\" \/>\n<meta property=\"og:description\" content=\"Um grupo de 44 alunos dos Cursos de Administra\u00e7\u00e3o e Ci\u00eancias Cont\u00e1beis do UniSALESIANO, acompanhados pelo Coordenador de Administra\u00e7\u00e3o, Prof. Jos\u00e9 Carlos Lorenzetti, participou de uma visita t\u00e9cnica \u00e0 Feira do Empreendedor do Sebrae, realizada no Centro de Exposi\u00e7\u00f5es, em S\u00e3o Paulo, no dia 18 de outubro. O evento, que aconteceu das 10h \u00e0s 20h, [&hellip;]\" \/>\n<meta property=\"og:url\" content=\"https:\/\/unisalesiano.com.br\/aracatuba\/alunos-de-administracao-e-ciencias-contabeis-participam-da-feira-do-empreendedor-do-sebrae\/\" \/>\n<meta property=\"og:site_name\" content=\"UniSALESIANO Ara\u00e7atuba\/SP\" \/>\n<meta property=\"article:published_time\" content=\"2025-10-22T16:08:42+00:00\" \/>\n<meta property=\"article:modified_time\" content=\"2025-10-22T16:09:22+00:00\" \/>\n<meta property=\"og:image\" content=\"https:\/\/unisalesiano.com.br\/aracatuba\/wp-content\/uploads\/2025\/10\/WhatsApp-Image-2025-10-20-at-11.36.52.jpeg\" \/>\n\t<meta property=\"og:image:width\" content=\"1600\" \/>\n\t<meta property=\"og:image:height\" content=\"1200\" \/>\n<meta name=\"twitter:card\" content=\"summary_large_image\" \/>\n<meta name=\"twitter:label1\" content=\"Escrito por\" \/>\n\t<meta name=\"twitter:data1\" content=\"Monique Bueno\" \/>\n\t<meta name=\"twitter:label2\" content=\"Est. tempo de leitura\" \/>\n\t<meta name=\"twitter:data2\" content=\"1 minuto\" \/>\n<script type=\"application\/ld+json\" class=\"yoast-schema-graph\">{\"@context\":\"https:\/\/schema.org\",\"@graph\":[{\"@type\":\"WebSite\",\"@id\":\"https:\/\/unisalesiano.com.br\/aracatuba\/#website\",\"url\":\"https:\/\/unisalesiano.com.br\/aracatuba\/\",\"name\":\"UniSALESIANO Ara\\u00e7atuba\/SP\",\"description\":\"Centro Universit\\u00e1rio Cat\\u00f3lico Salesiano Auxilium\",\"potentialAction\":[{\"@type\":\"SearchAction\",\"target\":{\"@type\":\"EntryPoint\",\"urlTemplate\":\"https:\/\/unisalesiano.com.br\/aracatuba\/?s={search_term_string}\"},\"query-input\":\"required name=search_term_string\"}],\"inLanguage\":\"pt-BR\"},{\"@type\":\"ImageObject\",\"@id\":\"https:\/\/unisalesiano.com.br\/aracatuba\/alunos-de-administracao-e-ciencias-contabeis-participam-da-feira-do-empreendedor-do-sebrae\/#primaryimage\",\"inLanguage\":\"pt-BR\",\"url\":\"https:\/\/unisalesiano.com.br\/aracatuba\/wp-content\/uploads\/2025\/10\/WhatsApp-Image-2025-10-20-at-11.36.52.jpeg\",\"contentUrl\":\"https:\/\/unisalesiano.com.br\/aracatuba\/wp-content\/uploads\/2025\/10\/WhatsApp-Image-2025-10-20-at-11.36.52.jpeg\",\"width\":1600,\"height\":1200},{\"@type\":\"WebPage\",\"@id\":\"https:\/\/unisalesiano.com.br\/aracatuba\/alunos-de-administracao-e-ciencias-contabeis-participam-da-feira-do-empreendedor-do-sebrae\/#webpage\",\"url\":\"https:\/\/unisalesiano.com.br\/aracatuba\/alunos-de-administracao-e-ciencias-contabeis-participam-da-feira-do-empreendedor-do-sebrae\/\",\"name\":\"Alunos de Administra\\u00e7\\u00e3o e Ci\\u00eancias Cont\\u00e1beis participam da Feira do Empreendedor do Sebrae - UniSALESIANO Ara\\u00e7atuba\/SP\",\"isPartOf\":{\"@id\":\"https:\/\/unisalesiano.com.br\/aracatuba\/#website\"},\"primaryImageOfPage\":{\"@id\":\"https:\/\/unisalesiano.com.br\/aracatuba\/alunos-de-administracao-e-ciencias-contabeis-participam-da-feira-do-empreendedor-do-sebrae\/#primaryimage\"},\"datePublished\":\"2025-10-22T16:08:42+00:00\",\"dateModified\":\"2025-10-22T16:09:22+00:00\",\"author\":{\"@id\":\"https:\/\/unisalesiano.com.br\/aracatuba\/#\/schema\/person\/964caaa63bddcf301b320e385db5203a\"},\"breadcrumb\":{\"@id\":\"https:\/\/unisalesiano.com.br\/aracatuba\/alunos-de-administracao-e-ciencias-contabeis-participam-da-feira-do-empreendedor-do-sebrae\/#breadcrumb\"},\"inLanguage\":\"pt-BR\",\"potentialAction\":[{\"@type\":\"ReadAction\",\"target\":[\"https:\/\/unisalesiano.com.br\/aracatuba\/alunos-de-administracao-e-ciencias-contabeis-participam-da-feira-do-empreendedor-do-sebrae\/\"]}]},{\"@type\":\"BreadcrumbList\",\"@id\":\"https:\/\/unisalesiano.com.br\/aracatuba\/alunos-de-administracao-e-ciencias-contabeis-participam-da-feira-do-empreendedor-do-sebrae\/#breadcrumb\",\"itemListElement\":[{\"@type\":\"ListItem\",\"position\":1,\"name\":\"In\\u00edcio\",\"item\":\"https:\/\/unisalesiano.com.br\/aracatuba\/\"},{\"@type\":\"ListItem\",\"position\":2,\"name\":\"Alunos de Administra\\u00e7\\u00e3o e Ci\\u00eancias Cont\\u00e1beis participam da Feira do Empreendedor do Sebrae\"}]},{\"@type\":\"Person\",\"@id\":\"https:\/\/unisalesiano.com.br\/aracatuba\/#\/schema\/person\/964caaa63bddcf301b320e385db5203a\",\"name\":\"Monique Bueno\",\"image\":{\"@type\":\"ImageObject\",\"@id\":\"https:\/\/unisalesiano.com.br\/aracatuba\/#personlogo\",\"inLanguage\":\"pt-BR\",\"url\":\"https:\/\/secure.gravatar.com\/avatar\/1680078f9a9fb86c36e76e0928e948cfd68a43bbc313c1bad27d1e48b49b308d?s=96&d=mm&r=g\",\"contentUrl\":\"https:\/\/secure.gravatar.com\/avatar\/1680078f9a9fb86c36e76e0928e948cfd68a43bbc313c1bad27d1e48b49b308d?s=96&d=mm&r=g\",\"caption\":\"Monique Bueno\"},\"url\":\"https:\/\/unisalesiano.com.br\/aracatuba\/author\/monique\/\"}]}<\/script>\n<!-- \/ Yoast SEO plugin. -->","yoast_head_json":{"title":"Alunos de Administra\u00e7\u00e3o e Ci\u00eancias Cont\u00e1beis participam da Feira do Empreendedor do Sebrae - UniSALESIANO Ara\u00e7atuba\/SP","robots":{"index":"index","follow":"follow","max-snippet":"max-snippet:-1","max-image-preview":"max-image-preview:large","max-video-preview":"max-video-preview:-1"},"canonical":"https:\/\/unisalesiano.com.br\/aracatuba\/alunos-de-administracao-e-ciencias-contabeis-participam-da-feira-do-empreendedor-do-sebrae\/","og_locale":"pt_BR","og_type":"article","og_title":"Alunos de Administra\u00e7\u00e3o e Ci\u00eancias Cont\u00e1beis participam da Feira do Empreendedor do Sebrae - UniSALESIANO Ara\u00e7atuba\/SP","og_description":"Um grupo de 44 alunos dos Cursos de Administra\u00e7\u00e3o e Ci\u00eancias Cont\u00e1beis do UniSALESIANO, acompanhados pelo Coordenador de Administra\u00e7\u00e3o, Prof. Jos\u00e9 Carlos Lorenzetti, participou de uma visita t\u00e9cnica \u00e0 Feira do Empreendedor do Sebrae, realizada no Centro de Exposi\u00e7\u00f5es, em S\u00e3o Paulo, no dia 18 de outubro. O evento, que aconteceu das 10h \u00e0s 20h, [&hellip;]","og_url":"https:\/\/unisalesiano.com.br\/aracatuba\/alunos-de-administracao-e-ciencias-contabeis-participam-da-feira-do-empreendedor-do-sebrae\/","og_site_name":"UniSALESIANO Ara\u00e7atuba\/SP","article_published_time":"2025-10-22T16:08:42+00:00","article_modified_time":"2025-10-22T16:09:22+00:00","og_image":[{"width":1600,"height":1200,"url":"https:\/\/unisalesiano.com.br\/aracatuba\/wp-content\/uploads\/2025\/10\/WhatsApp-Image-2025-10-20-at-11.36.52.jpeg","type":"image\/jpeg"}],"twitter_card":"summary_large_image","twitter_misc":{"Escrito por":"Monique Bueno","Est. tempo de leitura":"1 minuto"},"schema":{"@context":"https:\/\/schema.org","@graph":[{"@type":"WebSite","@id":"https:\/\/unisalesiano.com.br\/aracatuba\/#website","url":"https:\/\/unisalesiano.com.br\/aracatuba\/","name":"UniSALESIANO Ara\u00e7atuba\/SP","description":"Centro Universit\u00e1rio Cat\u00f3lico Salesiano Auxilium","potentialAction":[{"@type":"SearchAction","target":{"@type":"EntryPoint","urlTemplate":"https:\/\/unisalesiano.com.br\/aracatuba\/?s={search_term_string}"},"query-input":"required name=search_term_string"}],"inLanguage":"pt-BR"},{"@type":"ImageObject","@id":"https:\/\/unisalesiano.com.br\/aracatuba\/alunos-de-administracao-e-ciencias-contabeis-participam-da-feira-do-empreendedor-do-sebrae\/#primaryimage","inLanguage":"pt-BR","url":"https:\/\/unisalesiano.com.br\/aracatuba\/wp-content\/uploads\/2025\/10\/WhatsApp-Image-2025-10-20-at-11.36.52.jpeg","contentUrl":"https:\/\/unisalesiano.com.br\/aracatuba\/wp-content\/uploads\/2025\/10\/WhatsApp-Image-2025-10-20-at-11.36.52.jpeg","width":1600,"height":1200},{"@type":"WebPage","@id":"https:\/\/unisalesiano.com.br\/aracatuba\/alunos-de-administracao-e-ciencias-contabeis-participam-da-feira-do-empreendedor-do-sebrae\/#webpage","url":"https:\/\/unisalesiano.com.br\/aracatuba\/alunos-de-administracao-e-ciencias-contabeis-participam-da-feira-do-empreendedor-do-sebrae\/","name":"Alunos de Administra\u00e7\u00e3o e Ci\u00eancias Cont\u00e1beis participam da Feira do Empreendedor do Sebrae - UniSALESIANO Ara\u00e7atuba\/SP","isPartOf":{"@id":"https:\/\/unisalesiano.com.br\/aracatuba\/#website"},"primaryImageOfPage":{"@id":"https:\/\/unisalesiano.com.br\/aracatuba\/alunos-de-administracao-e-ciencias-contabeis-participam-da-feira-do-empreendedor-do-sebrae\/#primaryimage"},"datePublished":"2025-10-22T16:08:42+00:00","dateModified":"2025-10-22T16:09:22+00:00","author":{"@id":"https:\/\/unisalesiano.com.br\/aracatuba\/#\/schema\/person\/964caaa63bddcf301b320e385db5203a"},"breadcrumb":{"@id":"https:\/\/unisalesiano.com.br\/aracatuba\/alunos-de-administracao-e-ciencias-contabeis-participam-da-feira-do-empreendedor-do-sebrae\/#breadcrumb"},"inLanguage":"pt-BR","potentialAction":[{"@type":"ReadAction","target":["https:\/\/unisalesiano.com.br\/aracatuba\/alunos-de-administracao-e-ciencias-contabeis-participam-da-feira-do-empreendedor-do-sebrae\/"]}]},{"@type":"BreadcrumbList","@id":"https:\/\/unisalesiano.com.br\/aracatuba\/alunos-de-administracao-e-ciencias-contabeis-participam-da-feira-do-empreendedor-do-sebrae\/#breadcrumb","itemListElement":[{"@type":"ListItem","position":1,"name":"In\u00edcio","item":"https:\/\/unisalesiano.com.br\/aracatuba\/"},{"@type":"ListItem","position":2,"name":"Alunos de Administra\u00e7\u00e3o e Ci\u00eancias Cont\u00e1beis participam da Feira do Empreendedor do Sebrae"}]},{"@type":"Person","@id":"https:\/\/unisalesiano.com.br\/aracatuba\/#\/schema\/person\/964caaa63bddcf301b320e385db5203a","name":"Monique Bueno","image":{"@type":"ImageObject","@id":"https:\/\/unisalesiano.com.br\/aracatuba\/#personlogo","inLanguage":"pt-BR","url":"https:\/\/secure.gravatar.com\/avatar\/1680078f9a9fb86c36e76e0928e948cfd68a43bbc313c1bad27d1e48b49b308d?s=96&d=mm&r=g","contentUrl":"https:\/\/secure.gravatar.com\/avatar\/1680078f9a9fb86c36e76e0928e948cfd68a43bbc313c1bad27d1e48b49b308d?s=96&d=mm&r=g","caption":"Monique Bueno"},"url":"https:\/\/unisalesiano.com.br\/aracatuba\/author\/monique\/"}]}},"_links":{"self":[{"href":"https:\/\/unisalesiano.com.br\/aracatuba\/wp-json\/wp\/v2\/posts\/48710","targetHints":{"allow":["GET"]}}],"collection":[{"href":"https:\/\/unisalesiano.com.br\/aracatuba\/wp-json\/wp\/v2\/posts"}],"about":[{"href":"https:\/\/unisalesiano.com.br\/aracatuba\/wp-json\/wp\/v2\/types\/post"}],"author":[{"embeddable":true,"href":"https:\/\/unisalesiano.com.br\/aracatuba\/wp-json\/wp\/v2\/users\/3"}],"replies":[{"embeddable":true,"href":"https:\/\/unisalesiano.com.br\/aracatuba\/wp-json\/wp\/v2\/comments?post=48710"}],"version-history":[{"count":0,"href":"https:\/\/unisalesiano.com.br\/aracatuba\/wp-json\/wp\/v2\/posts\/48710\/revisions"}],"wp:featuredmedia":[{"embeddable":true,"href":"https:\/\/unisalesiano.com.br\/aracatuba\/wp-json\/wp\/v2\/media\/48711"}],"wp:attachment":[{"href":"https:\/\/unisalesiano.com.br\/aracatuba\/wp-json\/wp\/v2\/media?parent=48710"}],"wp:term":[{"taxonomy":"category","embeddable":true,"href":"https:\/\/unisalesiano.com.br\/aracatuba\/wp-json\/wp\/v2\/categories?post=48710"},{"taxonomy":"post_tag","embeddable":true,"href":"https:\/\/unisalesiano.com.br\/aracatuba\/wp-json\/wp\/v2\/tags?post=48710"}],"curies":[{"name":"wp","href":"https:\/\/api.w.org\/{rel}","templated":true}]}}