{"id":46193,"date":"2025-04-16T14:17:24","date_gmt":"2025-04-16T17:17:24","guid":{"rendered":"https:\/\/unisalesiano.com.br\/aracatuba\/?p=46193"},"modified":"2025-04-16T14:17:55","modified_gmt":"2025-04-16T17:17:55","slug":"unisalesiano-recebe-visita-institucional-para-discutir-implantacao-de-centro-de-inovacao-e-tecnologia-em-aracatuba","status":"publish","type":"post","link":"https:\/\/unisalesiano.com.br\/aracatuba\/unisalesiano-recebe-visita-institucional-para-discutir-implantacao-de-centro-de-inovacao-e-tecnologia-em-aracatuba\/","title":{"rendered":"UniSALESIANO recebe visita para discutir implanta\u00e7\u00e3o de Centro de Inova\u00e7\u00e3o e Tecnologia"},"content":{"rendered":"<p>O UniSALESIANO recebeu a visita do <strong>Secret\u00e1rio Municipal de Desenvolvimento Econ\u00f4mico, Agroind\u00fastria e Turismo de Ara\u00e7atuba, Alencar Sader<\/strong>, acompanhado do <strong>Assessor Executivo do Desenvolvimento Econ\u00f4mico, Guilherme Laluce<\/strong>, e da <strong>Diretora de Tecnologia, Mariana Tereza<\/strong>, na manh\u00e3 de quinta-feira, 10 de abril.<\/p>\n<p>O grupo foi recepcionado pelo <strong>Reitor do UniSALESIANO, Pe. Paulo Vendrame, SDB<\/strong>, pelo <strong>Pr\u00f3-Reitor de Ensino, Pesquisa e P\u00f3s-Gradua\u00e7\u00e3o, Prof. Dr. Andr\u00e9 Ornellas<\/strong>, pelo <strong>Coordenador dos Cursos de Engenharia El\u00e9trica, Mec\u00e2nica e Mecatr\u00f4nica, Prof. Nelson Hitoshi Takiy<\/strong>, e pelos docentes, <strong>Francisco Souza e Cleide Avelino<\/strong>.<\/p>\n<p>A visita, de car\u00e1ter institucional, teve como objetivo principal apresentar \u00e0 Reitoria a proposta de implanta\u00e7\u00e3o do <strong>Centro de Inova\u00e7\u00e3o e Tecnologia em Ara\u00e7atuba<\/strong>, iniciativa que envolver\u00e1 institui\u00e7\u00f5es de ensino superior e empresas da regi\u00e3o ligadas \u00e0 \u00e1rea tecnol\u00f3gica. Segundo o Secret\u00e1rio Alencar Sader, o projeto busca unir esfor\u00e7os entre o setor p\u00fablico, privado e acad\u00eamico para promover o desenvolvimento regional a partir da educa\u00e7\u00e3o, da ci\u00eancia e da inova\u00e7\u00e3o.<\/p>\n<p>\u201cFicamos tremendamente impressionados com a estrutura e a hist\u00f3ria do UniSALESIANO. Voc\u00eas t\u00eam uma trajet\u00f3ria muito singular, profundamente conectada com a cidade. E a educa\u00e7\u00e3o \u00e9 um valor essencial, que precisa ser ainda mais disseminado na nossa sociedade, especialmente para as novas gera\u00e7\u00f5es\u201d, afirmou.<\/p>\n<p>Ap\u00f3s a reuni\u00e3o, a comitiva realizou um tour pelas instala\u00e7\u00f5es do UniSALESIANO, conhecendo de perto os laborat\u00f3rios, equipamentos e projetos desenvolvidos pelos cursos de Engenharia.<\/p>\n<p>O Prof. Nelson Takiy destacou que a visita foi produtiva e representou uma oportunidade de apresentar o potencial da \u00e1rea de Tecnologia do UniSALESIANO. \u201cO secret\u00e1rio conheceu a nossa realidade de infraestrutura, os projetos que estamos desenvolvendo com os alunos e as possibilidades de contribui\u00e7\u00e3o da nossa institui\u00e7\u00e3o no contexto do futuro Centro de Inova\u00e7\u00e3o. Estamos empenhados em consolidar essa parceria, que ser\u00e1 de grande import\u00e2ncia para toda a regi\u00e3o administrativa\u201d, afirmou.<\/p>\n<p>Ele tamb\u00e9m apontou a relev\u00e2ncia do apoio de institui\u00e7\u00f5es parceiras para o sucesso do projeto. \u201cEste Centro de Inova\u00e7\u00e3o e Tecnologia ter\u00e1 a participa\u00e7\u00e3o fundamental da Fundunesp, que \u00e9 uma funda\u00e7\u00e3o da Unesp, e que nos proporcionar\u00e1 financiamentos para os mais diversos projetos que nossos alunos poder\u00e3o desenvolver em nossos laborat\u00f3rios. \u00c9 de suma import\u00e2ncia que consigamos a implanta\u00e7\u00e3o deste Centro, pois ele ser\u00e1 uma ponte entre o conhecimento acad\u00eamico e as necessidades reais do mercado e da sociedade\u201d, completou.<\/p>\n<p>O <strong>Pr\u00f3-Reitor de Ensino, Pesquisa e P\u00f3s-Gradua\u00e7\u00e3o, Prof. Dr. Andr\u00e9 Ornellas<\/strong>, tamb\u00e9m se manifestou sobre o impacto do projeto. \u201cA proposta do Centro de Inova\u00e7\u00e3o e Tecnologia refor\u00e7a o papel estrat\u00e9gico do ensino superior no desenvolvimento sustent\u00e1vel do munic\u00edpio e da regi\u00e3o, aproximando universidades, empresas e poder p\u00fablico em prol de solu\u00e7\u00f5es tecnol\u00f3gicas e forma\u00e7\u00e3o de m\u00e3o de obra qualificada\u201d, afirmou.<\/p>\n<p><img loading=\"lazy\" decoding=\"async\" class=\"aligncenter wp-image-46196\" src=\"https:\/\/unisalesiano.com.br\/aracatuba\/wp-content\/uploads\/2025\/04\/IMG_0135-scaled.jpg\" alt=\"\" width=\"750\" height=\"500\" srcset=\"https:\/\/unisalesiano.com.br\/aracatuba\/wp-content\/uploads\/2025\/04\/IMG_0135-scaled.jpg 2560w, https:\/\/unisalesiano.com.br\/aracatuba\/wp-content\/uploads\/2025\/04\/IMG_0135-300x200.jpg 300w, https:\/\/unisalesiano.com.br\/aracatuba\/wp-content\/uploads\/2025\/04\/IMG_0135-1024x683.jpg 1024w, https:\/\/unisalesiano.com.br\/aracatuba\/wp-content\/uploads\/2025\/04\/IMG_0135-768x512.jpg 768w, https:\/\/unisalesiano.com.br\/aracatuba\/wp-content\/uploads\/2025\/04\/IMG_0135-1536x1024.jpg 1536w, https:\/\/unisalesiano.com.br\/aracatuba\/wp-content\/uploads\/2025\/04\/IMG_0135-2048x1365.jpg 2048w\" sizes=\"auto, (max-width: 750px) 100vw, 750px\" \/> <img loading=\"lazy\" decoding=\"async\" class=\"aligncenter wp-image-46197\" src=\"https:\/\/unisalesiano.com.br\/aracatuba\/wp-content\/uploads\/2025\/04\/IMG_0139-scaled.jpg\" alt=\"\" width=\"750\" height=\"500\" srcset=\"https:\/\/unisalesiano.com.br\/aracatuba\/wp-content\/uploads\/2025\/04\/IMG_0139-scaled.jpg 2560w, https:\/\/unisalesiano.com.br\/aracatuba\/wp-content\/uploads\/2025\/04\/IMG_0139-300x200.jpg 300w, https:\/\/unisalesiano.com.br\/aracatuba\/wp-content\/uploads\/2025\/04\/IMG_0139-1024x683.jpg 1024w, https:\/\/unisalesiano.com.br\/aracatuba\/wp-content\/uploads\/2025\/04\/IMG_0139-768x512.jpg 768w, https:\/\/unisalesiano.com.br\/aracatuba\/wp-content\/uploads\/2025\/04\/IMG_0139-1536x1024.jpg 1536w, https:\/\/unisalesiano.com.br\/aracatuba\/wp-content\/uploads\/2025\/04\/IMG_0139-2048x1365.jpg 2048w\" sizes=\"auto, (max-width: 750px) 100vw, 750px\" \/><\/p>\n","protected":false},"excerpt":{"rendered":"<p>O UniSALESIANO recebeu a visita do Secret\u00e1rio Municipal de Desenvolvimento Econ\u00f4mico, Agroind\u00fastria e Turismo de Ara\u00e7atuba, Alencar Sader, acompanhado do Assessor Executivo do Desenvolvimento Econ\u00f4mico, Guilherme Laluce, e da Diretora de Tecnologia, Mariana Tereza, na manh\u00e3 de quinta-feira, 10 de abril. O grupo foi recepcionado pelo Reitor do UniSALESIANO, Pe. Paulo Vendrame, SDB, pelo Pr\u00f3-Reitor [&hellip;]<\/p>\n","protected":false},"author":3,"featured_media":46195,"comment_status":"open","ping_status":"open","sticky":false,"template":"","format":"standard","meta":{"footnotes":""},"categories":[11,9,7],"tags":[103,1260,74,16,829],"class_list":["post-46193","post","type-post","status-publish","format-standard","has-post-thumbnail","hentry","category-institucional","category-reitoria","category-tecnologia","tag-aracatuba","tag-prefeitura","tag-tecnologia","tag-unisalesiano","tag-visita"],"yoast_head":"<!-- This site is optimized with the Yoast SEO plugin v17.4 - https:\/\/yoast.com\/wordpress\/plugins\/seo\/ -->\n<title>UniSALESIANO recebe visita para discutir implanta\u00e7\u00e3o de Centro de Inova\u00e7\u00e3o e Tecnologia - UniSALESIANO Ara\u00e7atuba\/SP<\/title>\n<meta name=\"robots\" content=\"index, follow, max-snippet:-1, max-image-preview:large, max-video-preview:-1\" \/>\n<link rel=\"canonical\" href=\"https:\/\/unisalesiano.com.br\/aracatuba\/unisalesiano-recebe-visita-institucional-para-discutir-implantacao-de-centro-de-inovacao-e-tecnologia-em-aracatuba\/\" \/>\n<meta property=\"og:locale\" content=\"pt_BR\" \/>\n<meta property=\"og:type\" content=\"article\" \/>\n<meta property=\"og:title\" content=\"UniSALESIANO recebe visita para discutir implanta\u00e7\u00e3o de Centro de Inova\u00e7\u00e3o e Tecnologia - UniSALESIANO Ara\u00e7atuba\/SP\" \/>\n<meta property=\"og:description\" content=\"O UniSALESIANO recebeu a visita do Secret\u00e1rio Municipal de Desenvolvimento Econ\u00f4mico, Agroind\u00fastria e Turismo de Ara\u00e7atuba, Alencar Sader, acompanhado do Assessor Executivo do Desenvolvimento Econ\u00f4mico, Guilherme Laluce, e da Diretora de Tecnologia, Mariana Tereza, na manh\u00e3 de quinta-feira, 10 de abril. O grupo foi recepcionado pelo Reitor do UniSALESIANO, Pe. Paulo Vendrame, SDB, pelo Pr\u00f3-Reitor [&hellip;]\" \/>\n<meta property=\"og:url\" content=\"https:\/\/unisalesiano.com.br\/aracatuba\/unisalesiano-recebe-visita-institucional-para-discutir-implantacao-de-centro-de-inovacao-e-tecnologia-em-aracatuba\/\" \/>\n<meta property=\"og:site_name\" content=\"UniSALESIANO Ara\u00e7atuba\/SP\" \/>\n<meta property=\"article:published_time\" content=\"2025-04-16T17:17:24+00:00\" \/>\n<meta property=\"article:modified_time\" content=\"2025-04-16T17:17:55+00:00\" \/>\n<meta property=\"og:image\" content=\"https:\/\/unisalesiano.com.br\/aracatuba\/wp-content\/uploads\/2025\/04\/IMG_0143-scaled.jpg\" \/>\n\t<meta property=\"og:image:width\" content=\"2560\" \/>\n\t<meta property=\"og:image:height\" content=\"1707\" \/>\n<meta name=\"twitter:card\" content=\"summary_large_image\" \/>\n<meta name=\"twitter:label1\" content=\"Escrito por\" \/>\n\t<meta name=\"twitter:data1\" content=\"Monique Bueno\" \/>\n\t<meta name=\"twitter:label2\" content=\"Est. tempo de leitura\" \/>\n\t<meta name=\"twitter:data2\" content=\"2 minutos\" \/>\n<script type=\"application\/ld+json\" class=\"yoast-schema-graph\">{\"@context\":\"https:\/\/schema.org\",\"@graph\":[{\"@type\":\"WebSite\",\"@id\":\"https:\/\/unisalesiano.com.br\/aracatuba\/#website\",\"url\":\"https:\/\/unisalesiano.com.br\/aracatuba\/\",\"name\":\"UniSALESIANO Ara\\u00e7atuba\/SP\",\"description\":\"Centro Universit\\u00e1rio Cat\\u00f3lico Salesiano Auxilium\",\"potentialAction\":[{\"@type\":\"SearchAction\",\"target\":{\"@type\":\"EntryPoint\",\"urlTemplate\":\"https:\/\/unisalesiano.com.br\/aracatuba\/?s={search_term_string}\"},\"query-input\":\"required name=search_term_string\"}],\"inLanguage\":\"pt-BR\"},{\"@type\":\"ImageObject\",\"@id\":\"https:\/\/unisalesiano.com.br\/aracatuba\/unisalesiano-recebe-visita-institucional-para-discutir-implantacao-de-centro-de-inovacao-e-tecnologia-em-aracatuba\/#primaryimage\",\"inLanguage\":\"pt-BR\",\"url\":\"https:\/\/unisalesiano.com.br\/aracatuba\/wp-content\/uploads\/2025\/04\/IMG_0143-scaled.jpg\",\"contentUrl\":\"https:\/\/unisalesiano.com.br\/aracatuba\/wp-content\/uploads\/2025\/04\/IMG_0143-scaled.jpg\",\"width\":2560,\"height\":1707},{\"@type\":\"WebPage\",\"@id\":\"https:\/\/unisalesiano.com.br\/aracatuba\/unisalesiano-recebe-visita-institucional-para-discutir-implantacao-de-centro-de-inovacao-e-tecnologia-em-aracatuba\/#webpage\",\"url\":\"https:\/\/unisalesiano.com.br\/aracatuba\/unisalesiano-recebe-visita-institucional-para-discutir-implantacao-de-centro-de-inovacao-e-tecnologia-em-aracatuba\/\",\"name\":\"UniSALESIANO recebe visita para discutir implanta\\u00e7\\u00e3o de Centro de Inova\\u00e7\\u00e3o e Tecnologia - UniSALESIANO Ara\\u00e7atuba\/SP\",\"isPartOf\":{\"@id\":\"https:\/\/unisalesiano.com.br\/aracatuba\/#website\"},\"primaryImageOfPage\":{\"@id\":\"https:\/\/unisalesiano.com.br\/aracatuba\/unisalesiano-recebe-visita-institucional-para-discutir-implantacao-de-centro-de-inovacao-e-tecnologia-em-aracatuba\/#primaryimage\"},\"datePublished\":\"2025-04-16T17:17:24+00:00\",\"dateModified\":\"2025-04-16T17:17:55+00:00\",\"author\":{\"@id\":\"https:\/\/unisalesiano.com.br\/aracatuba\/#\/schema\/person\/964caaa63bddcf301b320e385db5203a\"},\"breadcrumb\":{\"@id\":\"https:\/\/unisalesiano.com.br\/aracatuba\/unisalesiano-recebe-visita-institucional-para-discutir-implantacao-de-centro-de-inovacao-e-tecnologia-em-aracatuba\/#breadcrumb\"},\"inLanguage\":\"pt-BR\",\"potentialAction\":[{\"@type\":\"ReadAction\",\"target\":[\"https:\/\/unisalesiano.com.br\/aracatuba\/unisalesiano-recebe-visita-institucional-para-discutir-implantacao-de-centro-de-inovacao-e-tecnologia-em-aracatuba\/\"]}]},{\"@type\":\"BreadcrumbList\",\"@id\":\"https:\/\/unisalesiano.com.br\/aracatuba\/unisalesiano-recebe-visita-institucional-para-discutir-implantacao-de-centro-de-inovacao-e-tecnologia-em-aracatuba\/#breadcrumb\",\"itemListElement\":[{\"@type\":\"ListItem\",\"position\":1,\"name\":\"In\\u00edcio\",\"item\":\"https:\/\/unisalesiano.com.br\/aracatuba\/\"},{\"@type\":\"ListItem\",\"position\":2,\"name\":\"UniSALESIANO recebe visita para discutir implanta\\u00e7\\u00e3o de Centro de Inova\\u00e7\\u00e3o e Tecnologia\"}]},{\"@type\":\"Person\",\"@id\":\"https:\/\/unisalesiano.com.br\/aracatuba\/#\/schema\/person\/964caaa63bddcf301b320e385db5203a\",\"name\":\"Monique Bueno\",\"image\":{\"@type\":\"ImageObject\",\"@id\":\"https:\/\/unisalesiano.com.br\/aracatuba\/#personlogo\",\"inLanguage\":\"pt-BR\",\"url\":\"https:\/\/secure.gravatar.com\/avatar\/1680078f9a9fb86c36e76e0928e948cfd68a43bbc313c1bad27d1e48b49b308d?s=96&d=mm&r=g\",\"contentUrl\":\"https:\/\/secure.gravatar.com\/avatar\/1680078f9a9fb86c36e76e0928e948cfd68a43bbc313c1bad27d1e48b49b308d?s=96&d=mm&r=g\",\"caption\":\"Monique Bueno\"},\"url\":\"https:\/\/unisalesiano.com.br\/aracatuba\/author\/monique\/\"}]}<\/script>\n<!-- \/ Yoast SEO plugin. -->","yoast_head_json":{"title":"UniSALESIANO recebe visita para discutir implanta\u00e7\u00e3o de Centro de Inova\u00e7\u00e3o e Tecnologia - UniSALESIANO Ara\u00e7atuba\/SP","robots":{"index":"index","follow":"follow","max-snippet":"max-snippet:-1","max-image-preview":"max-image-preview:large","max-video-preview":"max-video-preview:-1"},"canonical":"https:\/\/unisalesiano.com.br\/aracatuba\/unisalesiano-recebe-visita-institucional-para-discutir-implantacao-de-centro-de-inovacao-e-tecnologia-em-aracatuba\/","og_locale":"pt_BR","og_type":"article","og_title":"UniSALESIANO recebe visita para discutir implanta\u00e7\u00e3o de Centro de Inova\u00e7\u00e3o e Tecnologia - UniSALESIANO Ara\u00e7atuba\/SP","og_description":"O UniSALESIANO recebeu a visita do Secret\u00e1rio Municipal de Desenvolvimento Econ\u00f4mico, Agroind\u00fastria e Turismo de Ara\u00e7atuba, Alencar Sader, acompanhado do Assessor Executivo do Desenvolvimento Econ\u00f4mico, Guilherme Laluce, e da Diretora de Tecnologia, Mariana Tereza, na manh\u00e3 de quinta-feira, 10 de abril. O grupo foi recepcionado pelo Reitor do UniSALESIANO, Pe. Paulo Vendrame, SDB, pelo Pr\u00f3-Reitor [&hellip;]","og_url":"https:\/\/unisalesiano.com.br\/aracatuba\/unisalesiano-recebe-visita-institucional-para-discutir-implantacao-de-centro-de-inovacao-e-tecnologia-em-aracatuba\/","og_site_name":"UniSALESIANO Ara\u00e7atuba\/SP","article_published_time":"2025-04-16T17:17:24+00:00","article_modified_time":"2025-04-16T17:17:55+00:00","og_image":[{"width":2560,"height":1707,"url":"https:\/\/unisalesiano.com.br\/aracatuba\/wp-content\/uploads\/2025\/04\/IMG_0143-scaled.jpg","type":"image\/jpeg"}],"twitter_card":"summary_large_image","twitter_misc":{"Escrito por":"Monique Bueno","Est. tempo de leitura":"2 minutos"},"schema":{"@context":"https:\/\/schema.org","@graph":[{"@type":"WebSite","@id":"https:\/\/unisalesiano.com.br\/aracatuba\/#website","url":"https:\/\/unisalesiano.com.br\/aracatuba\/","name":"UniSALESIANO Ara\u00e7atuba\/SP","description":"Centro Universit\u00e1rio Cat\u00f3lico Salesiano Auxilium","potentialAction":[{"@type":"SearchAction","target":{"@type":"EntryPoint","urlTemplate":"https:\/\/unisalesiano.com.br\/aracatuba\/?s={search_term_string}"},"query-input":"required name=search_term_string"}],"inLanguage":"pt-BR"},{"@type":"ImageObject","@id":"https:\/\/unisalesiano.com.br\/aracatuba\/unisalesiano-recebe-visita-institucional-para-discutir-implantacao-de-centro-de-inovacao-e-tecnologia-em-aracatuba\/#primaryimage","inLanguage":"pt-BR","url":"https:\/\/unisalesiano.com.br\/aracatuba\/wp-content\/uploads\/2025\/04\/IMG_0143-scaled.jpg","contentUrl":"https:\/\/unisalesiano.com.br\/aracatuba\/wp-content\/uploads\/2025\/04\/IMG_0143-scaled.jpg","width":2560,"height":1707},{"@type":"WebPage","@id":"https:\/\/unisalesiano.com.br\/aracatuba\/unisalesiano-recebe-visita-institucional-para-discutir-implantacao-de-centro-de-inovacao-e-tecnologia-em-aracatuba\/#webpage","url":"https:\/\/unisalesiano.com.br\/aracatuba\/unisalesiano-recebe-visita-institucional-para-discutir-implantacao-de-centro-de-inovacao-e-tecnologia-em-aracatuba\/","name":"UniSALESIANO recebe visita para discutir implanta\u00e7\u00e3o de Centro de Inova\u00e7\u00e3o e Tecnologia - UniSALESIANO Ara\u00e7atuba\/SP","isPartOf":{"@id":"https:\/\/unisalesiano.com.br\/aracatuba\/#website"},"primaryImageOfPage":{"@id":"https:\/\/unisalesiano.com.br\/aracatuba\/unisalesiano-recebe-visita-institucional-para-discutir-implantacao-de-centro-de-inovacao-e-tecnologia-em-aracatuba\/#primaryimage"},"datePublished":"2025-04-16T17:17:24+00:00","dateModified":"2025-04-16T17:17:55+00:00","author":{"@id":"https:\/\/unisalesiano.com.br\/aracatuba\/#\/schema\/person\/964caaa63bddcf301b320e385db5203a"},"breadcrumb":{"@id":"https:\/\/unisalesiano.com.br\/aracatuba\/unisalesiano-recebe-visita-institucional-para-discutir-implantacao-de-centro-de-inovacao-e-tecnologia-em-aracatuba\/#breadcrumb"},"inLanguage":"pt-BR","potentialAction":[{"@type":"ReadAction","target":["https:\/\/unisalesiano.com.br\/aracatuba\/unisalesiano-recebe-visita-institucional-para-discutir-implantacao-de-centro-de-inovacao-e-tecnologia-em-aracatuba\/"]}]},{"@type":"BreadcrumbList","@id":"https:\/\/unisalesiano.com.br\/aracatuba\/unisalesiano-recebe-visita-institucional-para-discutir-implantacao-de-centro-de-inovacao-e-tecnologia-em-aracatuba\/#breadcrumb","itemListElement":[{"@type":"ListItem","position":1,"name":"In\u00edcio","item":"https:\/\/unisalesiano.com.br\/aracatuba\/"},{"@type":"ListItem","position":2,"name":"UniSALESIANO recebe visita para discutir implanta\u00e7\u00e3o de Centro de Inova\u00e7\u00e3o e Tecnologia"}]},{"@type":"Person","@id":"https:\/\/unisalesiano.com.br\/aracatuba\/#\/schema\/person\/964caaa63bddcf301b320e385db5203a","name":"Monique Bueno","image":{"@type":"ImageObject","@id":"https:\/\/unisalesiano.com.br\/aracatuba\/#personlogo","inLanguage":"pt-BR","url":"https:\/\/secure.gravatar.com\/avatar\/1680078f9a9fb86c36e76e0928e948cfd68a43bbc313c1bad27d1e48b49b308d?s=96&d=mm&r=g","contentUrl":"https:\/\/secure.gravatar.com\/avatar\/1680078f9a9fb86c36e76e0928e948cfd68a43bbc313c1bad27d1e48b49b308d?s=96&d=mm&r=g","caption":"Monique Bueno"},"url":"https:\/\/unisalesiano.com.br\/aracatuba\/author\/monique\/"}]}},"_links":{"self":[{"href":"https:\/\/unisalesiano.com.br\/aracatuba\/wp-json\/wp\/v2\/posts\/46193","targetHints":{"allow":["GET"]}}],"collection":[{"href":"https:\/\/unisalesiano.com.br\/aracatuba\/wp-json\/wp\/v2\/posts"}],"about":[{"href":"https:\/\/unisalesiano.com.br\/aracatuba\/wp-json\/wp\/v2\/types\/post"}],"author":[{"embeddable":true,"href":"https:\/\/unisalesiano.com.br\/aracatuba\/wp-json\/wp\/v2\/users\/3"}],"replies":[{"embeddable":true,"href":"https:\/\/unisalesiano.com.br\/aracatuba\/wp-json\/wp\/v2\/comments?post=46193"}],"version-history":[{"count":0,"href":"https:\/\/unisalesiano.com.br\/aracatuba\/wp-json\/wp\/v2\/posts\/46193\/revisions"}],"wp:featuredmedia":[{"embeddable":true,"href":"https:\/\/unisalesiano.com.br\/aracatuba\/wp-json\/wp\/v2\/media\/46195"}],"wp:attachment":[{"href":"https:\/\/unisalesiano.com.br\/aracatuba\/wp-json\/wp\/v2\/media?parent=46193"}],"wp:term":[{"taxonomy":"category","embeddable":true,"href":"https:\/\/unisalesiano.com.br\/aracatuba\/wp-json\/wp\/v2\/categories?post=46193"},{"taxonomy":"post_tag","embeddable":true,"href":"https:\/\/unisalesiano.com.br\/aracatuba\/wp-json\/wp\/v2\/tags?post=46193"}],"curies":[{"name":"wp","href":"https:\/\/api.w.org\/{rel}","templated":true}]}}