{"id":46113,"date":"2025-04-08T13:57:23","date_gmt":"2025-04-08T16:57:23","guid":{"rendered":"https:\/\/unisalesiano.com.br\/aracatuba\/?p=46113"},"modified":"2025-04-08T13:57:40","modified_gmt":"2025-04-08T16:57:40","slug":"6a-vigilia-da-misericordia-convida-comunidade-academica-a-viver-intensamente-a-semana-santa","status":"publish","type":"post","link":"https:\/\/unisalesiano.com.br\/aracatuba\/6a-vigilia-da-misericordia-convida-comunidade-academica-a-viver-intensamente-a-semana-santa\/","title":{"rendered":"6\u00aa Vig\u00edlia da Miseric\u00f3rdia convida comunidade acad\u00eamica a viver intensamente a Semana Santa"},"content":{"rendered":"<p>A <strong>Pastoral Universit\u00e1ria do UniSALESIANO<\/strong> promove, no dia 10 de abril , a <strong>6\u00aa Vig\u00edlia da Miseric\u00f3rdia<\/strong>, um momento especial de espiritualidade e prepara\u00e7\u00e3o para a Semana Santa. O evento acontecer\u00e1 a partir das 19h30, no Centro de Conviv\u00eancia do UniSALESIANO, e tem como objetivo acolher os alunos e toda a comunidade acad\u00eamica, oferecendo uma oportunidade de renova\u00e7\u00e3o interior por meio da ora\u00e7\u00e3o, da confiss\u00e3o e da adora\u00e7\u00e3o.<\/p>\n<p>Com uma programa\u00e7\u00e3o voltada ao aprofundamento da f\u00e9 e \u00e0 viv\u00eancia do amor e da miseric\u00f3rdia de Deus, a vig\u00edlia contar\u00e1 com acolhida, celebra\u00e7\u00e3o penitencial e possibilidade de confiss\u00e3o. A condu\u00e7\u00e3o ser\u00e1 feita pelo <strong>Pr\u00f3-Reitor de Pastoral, Pe. Paulo Eduardo J\u00e1como, SDB<\/strong>, com o apoio da equipe de pastoral.<\/p>\n<p>Segundo o <strong>Coordenador de Pastoral, Bruno Carvalho<\/strong>, a expectativa \u00e9 que o evento seja um verdadeiro impulso para que os participantes vivam com mais intensidade a Semana Maior da Igreja, que celebra a paix\u00e3o, morte e ressurrei\u00e7\u00e3o de Jesus Cristo.<\/p>\n<p>Pe. Paulo complementa que a vig\u00edlia quer ser um aux\u00edlio para que cada um finalize bem a Quaresma, para vivenciar de forma mais intensa os momentos da Semana Santa: Domingo de Ramos, Quinta-feira Santa, a Sexta-feira da Paix\u00e3o, o S\u00e1bado de Aleluia e a P\u00e1scoa.<\/p>\n<p>Al\u00e9m dos acad\u00eamicos, docentes e colaboradores do UniSALESIANO, o evento \u00e9 aberto a membros da comunidade externa. De acordo com o Pr\u00f3-Reitor, a participa\u00e7\u00e3o na vig\u00edlia \u00e9 gratuita, mas \u00e9 necess\u00e1rio preencher o formul\u00e1rio de inscri\u00e7\u00e3o para auxiliar na organiza\u00e7\u00e3o do espa\u00e7o &#8211;<\/p>\n<p><em>https:\/\/docs.google.com\/forms\/d\/e\/1FAIpQLScux4RnQ520d0T9PEchM0mGXd6YDCBWHV2BeFgbvqsoStVLOw\/viewform?usp=sharing<\/em><\/p>\n<p><strong>CONFISS\u00c3O<\/strong><\/p>\n<p>Al\u00e9m da vig\u00edlia, a Pastoral est\u00e1 oferecendo atendimento de confiss\u00f5es entre os dias 7 e 9 de abril, das 9h \u00e0s 11h e das 19h \u00e0s 21h, na sala 33 \u2013 2\u00ba andar do Bloco B, e tamb\u00e9m na Capela do Sant\u00edssimo. Os atendimentos s\u00e3o realizados por padres da casa e est\u00e3o dispon\u00edveis para toda a comunidade acad\u00eamica.<\/p>\n<p><img loading=\"lazy\" decoding=\"async\" class=\"aligncenter wp-image-46115\" src=\"https:\/\/unisalesiano.com.br\/aracatuba\/wp-content\/uploads\/2025\/04\/WhatsApp-Image-2025-04-08-at-10.54.51.jpeg\" alt=\"\" width=\"500\" height=\"500\" srcset=\"https:\/\/unisalesiano.com.br\/aracatuba\/wp-content\/uploads\/2025\/04\/WhatsApp-Image-2025-04-08-at-10.54.51.jpeg 1080w, https:\/\/unisalesiano.com.br\/aracatuba\/wp-content\/uploads\/2025\/04\/WhatsApp-Image-2025-04-08-at-10.54.51-300x300.jpeg 300w, https:\/\/unisalesiano.com.br\/aracatuba\/wp-content\/uploads\/2025\/04\/WhatsApp-Image-2025-04-08-at-10.54.51-1024x1024.jpeg 1024w, https:\/\/unisalesiano.com.br\/aracatuba\/wp-content\/uploads\/2025\/04\/WhatsApp-Image-2025-04-08-at-10.54.51-150x150.jpeg 150w, https:\/\/unisalesiano.com.br\/aracatuba\/wp-content\/uploads\/2025\/04\/WhatsApp-Image-2025-04-08-at-10.54.51-768x768.jpeg 768w\" sizes=\"auto, (max-width: 500px) 100vw, 500px\" \/><\/p>\n","protected":false},"excerpt":{"rendered":"<p>A Pastoral Universit\u00e1ria do UniSALESIANO promove, no dia 10 de abril , a 6\u00aa Vig\u00edlia da Miseric\u00f3rdia, um momento especial de espiritualidade e prepara\u00e7\u00e3o para a Semana Santa. O evento acontecer\u00e1 a partir das 19h30, no Centro de Conviv\u00eancia do UniSALESIANO, e tem como objetivo acolher os alunos e toda a comunidade acad\u00eamica, oferecendo uma [&hellip;]<\/p>\n","protected":false},"author":3,"featured_media":46114,"comment_status":"open","ping_status":"open","sticky":false,"template":"","format":"standard","meta":{"footnotes":""},"categories":[11,10,9],"tags":[103,87,34,88,16,671],"class_list":["post-46113","post","type-post","status-publish","format-standard","has-post-thumbnail","hentry","category-institucional","category-pastoral","category-reitoria","tag-aracatuba","tag-pascoa","tag-pastoral-universitaria","tag-semana-santa","tag-unisalesiano","tag-vigilia-da-misericordia"],"yoast_head":"<!-- This site is optimized with the Yoast SEO plugin v17.4 - https:\/\/yoast.com\/wordpress\/plugins\/seo\/ -->\n<title>6\u00aa Vig\u00edlia da Miseric\u00f3rdia convida comunidade acad\u00eamica a viver intensamente a Semana Santa - UniSALESIANO Ara\u00e7atuba\/SP<\/title>\n<meta name=\"robots\" content=\"index, follow, max-snippet:-1, max-image-preview:large, max-video-preview:-1\" \/>\n<link rel=\"canonical\" href=\"https:\/\/unisalesiano.com.br\/aracatuba\/6a-vigilia-da-misericordia-convida-comunidade-academica-a-viver-intensamente-a-semana-santa\/\" \/>\n<meta property=\"og:locale\" content=\"pt_BR\" \/>\n<meta property=\"og:type\" content=\"article\" \/>\n<meta property=\"og:title\" content=\"6\u00aa Vig\u00edlia da Miseric\u00f3rdia convida comunidade acad\u00eamica a viver intensamente a Semana Santa - UniSALESIANO Ara\u00e7atuba\/SP\" \/>\n<meta property=\"og:description\" content=\"A Pastoral Universit\u00e1ria do UniSALESIANO promove, no dia 10 de abril , a 6\u00aa Vig\u00edlia da Miseric\u00f3rdia, um momento especial de espiritualidade e prepara\u00e7\u00e3o para a Semana Santa. O evento acontecer\u00e1 a partir das 19h30, no Centro de Conviv\u00eancia do UniSALESIANO, e tem como objetivo acolher os alunos e toda a comunidade acad\u00eamica, oferecendo uma [&hellip;]\" \/>\n<meta property=\"og:url\" content=\"https:\/\/unisalesiano.com.br\/aracatuba\/6a-vigilia-da-misericordia-convida-comunidade-academica-a-viver-intensamente-a-semana-santa\/\" \/>\n<meta property=\"og:site_name\" content=\"UniSALESIANO Ara\u00e7atuba\/SP\" \/>\n<meta property=\"article:published_time\" content=\"2025-04-08T16:57:23+00:00\" \/>\n<meta property=\"article:modified_time\" content=\"2025-04-08T16:57:40+00:00\" \/>\n<meta property=\"og:image\" content=\"https:\/\/unisalesiano.com.br\/aracatuba\/wp-content\/uploads\/2025\/04\/WhatsApp-Image-2025-04-08-at-06.11.58.jpeg\" \/>\n\t<meta property=\"og:image:width\" content=\"1024\" \/>\n\t<meta property=\"og:image:height\" content=\"1280\" \/>\n<meta name=\"twitter:card\" content=\"summary_large_image\" \/>\n<meta name=\"twitter:label1\" content=\"Escrito por\" \/>\n\t<meta name=\"twitter:data1\" content=\"Monique Bueno\" \/>\n\t<meta name=\"twitter:label2\" content=\"Est. tempo de leitura\" \/>\n\t<meta name=\"twitter:data2\" content=\"2 minutos\" \/>\n<script type=\"application\/ld+json\" class=\"yoast-schema-graph\">{\"@context\":\"https:\/\/schema.org\",\"@graph\":[{\"@type\":\"WebSite\",\"@id\":\"https:\/\/unisalesiano.com.br\/aracatuba\/#website\",\"url\":\"https:\/\/unisalesiano.com.br\/aracatuba\/\",\"name\":\"UniSALESIANO Ara\\u00e7atuba\/SP\",\"description\":\"Centro Universit\\u00e1rio Cat\\u00f3lico Salesiano Auxilium\",\"potentialAction\":[{\"@type\":\"SearchAction\",\"target\":{\"@type\":\"EntryPoint\",\"urlTemplate\":\"https:\/\/unisalesiano.com.br\/aracatuba\/?s={search_term_string}\"},\"query-input\":\"required name=search_term_string\"}],\"inLanguage\":\"pt-BR\"},{\"@type\":\"ImageObject\",\"@id\":\"https:\/\/unisalesiano.com.br\/aracatuba\/6a-vigilia-da-misericordia-convida-comunidade-academica-a-viver-intensamente-a-semana-santa\/#primaryimage\",\"inLanguage\":\"pt-BR\",\"url\":\"https:\/\/unisalesiano.com.br\/aracatuba\/wp-content\/uploads\/2025\/04\/WhatsApp-Image-2025-04-08-at-06.11.58.jpeg\",\"contentUrl\":\"https:\/\/unisalesiano.com.br\/aracatuba\/wp-content\/uploads\/2025\/04\/WhatsApp-Image-2025-04-08-at-06.11.58.jpeg\",\"width\":1024,\"height\":1280},{\"@type\":\"WebPage\",\"@id\":\"https:\/\/unisalesiano.com.br\/aracatuba\/6a-vigilia-da-misericordia-convida-comunidade-academica-a-viver-intensamente-a-semana-santa\/#webpage\",\"url\":\"https:\/\/unisalesiano.com.br\/aracatuba\/6a-vigilia-da-misericordia-convida-comunidade-academica-a-viver-intensamente-a-semana-santa\/\",\"name\":\"6\\u00aa Vig\\u00edlia da Miseric\\u00f3rdia convida comunidade acad\\u00eamica a viver intensamente a Semana Santa - UniSALESIANO Ara\\u00e7atuba\/SP\",\"isPartOf\":{\"@id\":\"https:\/\/unisalesiano.com.br\/aracatuba\/#website\"},\"primaryImageOfPage\":{\"@id\":\"https:\/\/unisalesiano.com.br\/aracatuba\/6a-vigilia-da-misericordia-convida-comunidade-academica-a-viver-intensamente-a-semana-santa\/#primaryimage\"},\"datePublished\":\"2025-04-08T16:57:23+00:00\",\"dateModified\":\"2025-04-08T16:57:40+00:00\",\"author\":{\"@id\":\"https:\/\/unisalesiano.com.br\/aracatuba\/#\/schema\/person\/964caaa63bddcf301b320e385db5203a\"},\"breadcrumb\":{\"@id\":\"https:\/\/unisalesiano.com.br\/aracatuba\/6a-vigilia-da-misericordia-convida-comunidade-academica-a-viver-intensamente-a-semana-santa\/#breadcrumb\"},\"inLanguage\":\"pt-BR\",\"potentialAction\":[{\"@type\":\"ReadAction\",\"target\":[\"https:\/\/unisalesiano.com.br\/aracatuba\/6a-vigilia-da-misericordia-convida-comunidade-academica-a-viver-intensamente-a-semana-santa\/\"]}]},{\"@type\":\"BreadcrumbList\",\"@id\":\"https:\/\/unisalesiano.com.br\/aracatuba\/6a-vigilia-da-misericordia-convida-comunidade-academica-a-viver-intensamente-a-semana-santa\/#breadcrumb\",\"itemListElement\":[{\"@type\":\"ListItem\",\"position\":1,\"name\":\"In\\u00edcio\",\"item\":\"https:\/\/unisalesiano.com.br\/aracatuba\/\"},{\"@type\":\"ListItem\",\"position\":2,\"name\":\"6\\u00aa Vig\\u00edlia da Miseric\\u00f3rdia convida comunidade acad\\u00eamica a viver intensamente a Semana Santa\"}]},{\"@type\":\"Person\",\"@id\":\"https:\/\/unisalesiano.com.br\/aracatuba\/#\/schema\/person\/964caaa63bddcf301b320e385db5203a\",\"name\":\"Monique Bueno\",\"image\":{\"@type\":\"ImageObject\",\"@id\":\"https:\/\/unisalesiano.com.br\/aracatuba\/#personlogo\",\"inLanguage\":\"pt-BR\",\"url\":\"https:\/\/secure.gravatar.com\/avatar\/1680078f9a9fb86c36e76e0928e948cfd68a43bbc313c1bad27d1e48b49b308d?s=96&d=mm&r=g\",\"contentUrl\":\"https:\/\/secure.gravatar.com\/avatar\/1680078f9a9fb86c36e76e0928e948cfd68a43bbc313c1bad27d1e48b49b308d?s=96&d=mm&r=g\",\"caption\":\"Monique Bueno\"},\"url\":\"https:\/\/unisalesiano.com.br\/aracatuba\/author\/monique\/\"}]}<\/script>\n<!-- \/ Yoast SEO plugin. -->","yoast_head_json":{"title":"6\u00aa Vig\u00edlia da Miseric\u00f3rdia convida comunidade acad\u00eamica a viver intensamente a Semana Santa - UniSALESIANO Ara\u00e7atuba\/SP","robots":{"index":"index","follow":"follow","max-snippet":"max-snippet:-1","max-image-preview":"max-image-preview:large","max-video-preview":"max-video-preview:-1"},"canonical":"https:\/\/unisalesiano.com.br\/aracatuba\/6a-vigilia-da-misericordia-convida-comunidade-academica-a-viver-intensamente-a-semana-santa\/","og_locale":"pt_BR","og_type":"article","og_title":"6\u00aa Vig\u00edlia da Miseric\u00f3rdia convida comunidade acad\u00eamica a viver intensamente a Semana Santa - UniSALESIANO Ara\u00e7atuba\/SP","og_description":"A Pastoral Universit\u00e1ria do UniSALESIANO promove, no dia 10 de abril , a 6\u00aa Vig\u00edlia da Miseric\u00f3rdia, um momento especial de espiritualidade e prepara\u00e7\u00e3o para a Semana Santa. O evento acontecer\u00e1 a partir das 19h30, no Centro de Conviv\u00eancia do UniSALESIANO, e tem como objetivo acolher os alunos e toda a comunidade acad\u00eamica, oferecendo uma [&hellip;]","og_url":"https:\/\/unisalesiano.com.br\/aracatuba\/6a-vigilia-da-misericordia-convida-comunidade-academica-a-viver-intensamente-a-semana-santa\/","og_site_name":"UniSALESIANO Ara\u00e7atuba\/SP","article_published_time":"2025-04-08T16:57:23+00:00","article_modified_time":"2025-04-08T16:57:40+00:00","og_image":[{"width":1024,"height":1280,"url":"https:\/\/unisalesiano.com.br\/aracatuba\/wp-content\/uploads\/2025\/04\/WhatsApp-Image-2025-04-08-at-06.11.58.jpeg","type":"image\/jpeg"}],"twitter_card":"summary_large_image","twitter_misc":{"Escrito por":"Monique Bueno","Est. tempo de leitura":"2 minutos"},"schema":{"@context":"https:\/\/schema.org","@graph":[{"@type":"WebSite","@id":"https:\/\/unisalesiano.com.br\/aracatuba\/#website","url":"https:\/\/unisalesiano.com.br\/aracatuba\/","name":"UniSALESIANO Ara\u00e7atuba\/SP","description":"Centro Universit\u00e1rio Cat\u00f3lico Salesiano Auxilium","potentialAction":[{"@type":"SearchAction","target":{"@type":"EntryPoint","urlTemplate":"https:\/\/unisalesiano.com.br\/aracatuba\/?s={search_term_string}"},"query-input":"required name=search_term_string"}],"inLanguage":"pt-BR"},{"@type":"ImageObject","@id":"https:\/\/unisalesiano.com.br\/aracatuba\/6a-vigilia-da-misericordia-convida-comunidade-academica-a-viver-intensamente-a-semana-santa\/#primaryimage","inLanguage":"pt-BR","url":"https:\/\/unisalesiano.com.br\/aracatuba\/wp-content\/uploads\/2025\/04\/WhatsApp-Image-2025-04-08-at-06.11.58.jpeg","contentUrl":"https:\/\/unisalesiano.com.br\/aracatuba\/wp-content\/uploads\/2025\/04\/WhatsApp-Image-2025-04-08-at-06.11.58.jpeg","width":1024,"height":1280},{"@type":"WebPage","@id":"https:\/\/unisalesiano.com.br\/aracatuba\/6a-vigilia-da-misericordia-convida-comunidade-academica-a-viver-intensamente-a-semana-santa\/#webpage","url":"https:\/\/unisalesiano.com.br\/aracatuba\/6a-vigilia-da-misericordia-convida-comunidade-academica-a-viver-intensamente-a-semana-santa\/","name":"6\u00aa Vig\u00edlia da Miseric\u00f3rdia convida comunidade acad\u00eamica a viver intensamente a Semana Santa - UniSALESIANO Ara\u00e7atuba\/SP","isPartOf":{"@id":"https:\/\/unisalesiano.com.br\/aracatuba\/#website"},"primaryImageOfPage":{"@id":"https:\/\/unisalesiano.com.br\/aracatuba\/6a-vigilia-da-misericordia-convida-comunidade-academica-a-viver-intensamente-a-semana-santa\/#primaryimage"},"datePublished":"2025-04-08T16:57:23+00:00","dateModified":"2025-04-08T16:57:40+00:00","author":{"@id":"https:\/\/unisalesiano.com.br\/aracatuba\/#\/schema\/person\/964caaa63bddcf301b320e385db5203a"},"breadcrumb":{"@id":"https:\/\/unisalesiano.com.br\/aracatuba\/6a-vigilia-da-misericordia-convida-comunidade-academica-a-viver-intensamente-a-semana-santa\/#breadcrumb"},"inLanguage":"pt-BR","potentialAction":[{"@type":"ReadAction","target":["https:\/\/unisalesiano.com.br\/aracatuba\/6a-vigilia-da-misericordia-convida-comunidade-academica-a-viver-intensamente-a-semana-santa\/"]}]},{"@type":"BreadcrumbList","@id":"https:\/\/unisalesiano.com.br\/aracatuba\/6a-vigilia-da-misericordia-convida-comunidade-academica-a-viver-intensamente-a-semana-santa\/#breadcrumb","itemListElement":[{"@type":"ListItem","position":1,"name":"In\u00edcio","item":"https:\/\/unisalesiano.com.br\/aracatuba\/"},{"@type":"ListItem","position":2,"name":"6\u00aa Vig\u00edlia da Miseric\u00f3rdia convida comunidade acad\u00eamica a viver intensamente a Semana Santa"}]},{"@type":"Person","@id":"https:\/\/unisalesiano.com.br\/aracatuba\/#\/schema\/person\/964caaa63bddcf301b320e385db5203a","name":"Monique Bueno","image":{"@type":"ImageObject","@id":"https:\/\/unisalesiano.com.br\/aracatuba\/#personlogo","inLanguage":"pt-BR","url":"https:\/\/secure.gravatar.com\/avatar\/1680078f9a9fb86c36e76e0928e948cfd68a43bbc313c1bad27d1e48b49b308d?s=96&d=mm&r=g","contentUrl":"https:\/\/secure.gravatar.com\/avatar\/1680078f9a9fb86c36e76e0928e948cfd68a43bbc313c1bad27d1e48b49b308d?s=96&d=mm&r=g","caption":"Monique Bueno"},"url":"https:\/\/unisalesiano.com.br\/aracatuba\/author\/monique\/"}]}},"_links":{"self":[{"href":"https:\/\/unisalesiano.com.br\/aracatuba\/wp-json\/wp\/v2\/posts\/46113","targetHints":{"allow":["GET"]}}],"collection":[{"href":"https:\/\/unisalesiano.com.br\/aracatuba\/wp-json\/wp\/v2\/posts"}],"about":[{"href":"https:\/\/unisalesiano.com.br\/aracatuba\/wp-json\/wp\/v2\/types\/post"}],"author":[{"embeddable":true,"href":"https:\/\/unisalesiano.com.br\/aracatuba\/wp-json\/wp\/v2\/users\/3"}],"replies":[{"embeddable":true,"href":"https:\/\/unisalesiano.com.br\/aracatuba\/wp-json\/wp\/v2\/comments?post=46113"}],"version-history":[{"count":0,"href":"https:\/\/unisalesiano.com.br\/aracatuba\/wp-json\/wp\/v2\/posts\/46113\/revisions"}],"wp:featuredmedia":[{"embeddable":true,"href":"https:\/\/unisalesiano.com.br\/aracatuba\/wp-json\/wp\/v2\/media\/46114"}],"wp:attachment":[{"href":"https:\/\/unisalesiano.com.br\/aracatuba\/wp-json\/wp\/v2\/media?parent=46113"}],"wp:term":[{"taxonomy":"category","embeddable":true,"href":"https:\/\/unisalesiano.com.br\/aracatuba\/wp-json\/wp\/v2\/categories?post=46113"},{"taxonomy":"post_tag","embeddable":true,"href":"https:\/\/unisalesiano.com.br\/aracatuba\/wp-json\/wp\/v2\/tags?post=46113"}],"curies":[{"name":"wp","href":"https:\/\/api.w.org\/{rel}","templated":true}]}}