{"id":45969,"date":"2025-03-28T15:40:55","date_gmt":"2025-03-28T18:40:55","guid":{"rendered":"https:\/\/unisalesiano.com.br\/aracatuba\/?p=45969"},"modified":"2025-03-28T15:40:55","modified_gmt":"2025-03-28T18:40:55","slug":"psicologos-abordam-direito-sistemico-em-palestra-para-academicos-de-direito","status":"publish","type":"post","link":"https:\/\/unisalesiano.com.br\/aracatuba\/psicologos-abordam-direito-sistemico-em-palestra-para-academicos-de-direito\/","title":{"rendered":"Psic\u00f3logos abordam Direito Sist\u00eamico em palestra para acad\u00eamicos de Direito"},"content":{"rendered":"<p>Os psic\u00f3logos <strong>Rita de C\u00e1ssia Marques Nunes e Adolfo Luiz dos Santos<\/strong> participaram de um encontro com os acad\u00eamicos do 5\u00ba semestre do <strong>Curso de Direito do UniSALESIANO<\/strong>, nos per\u00edodos diurno e noturno. O convite partiu da<strong> Coordenadora do Curso, Prof\u00aa Cibele Rodrigues,<\/strong> com o objetivo de apresentar aos alunos a din\u00e2mica do Direito Sist\u00eamico e sua import\u00e2ncia na \u00e1rea do Direito de Fam\u00edlia.<\/p>\n<p>O Direito Sist\u00eamico \u00e9 uma abordagem inovadora que integra diferentes saberes transdisciplinares ao campo jur\u00eddico, proporcionando uma vis\u00e3o mais ampla e humanizada dos conflitos. Durante a palestra, os psic\u00f3logos explicaram como essa abordagem pode ser utilizada na solu\u00e7\u00e3o pac\u00edfica de disputas judiciais, especialmente no Direito de Fam\u00edlia, onde as quest\u00f5es envolvem n\u00e3o apenas aspectos legais, mas tamb\u00e9m emocionais e relacionais.<\/p>\n<p>A proposta do Direito Sist\u00eamico \u00e9 aplicar a ci\u00eancia jur\u00eddica com um vi\u00e9s terap\u00eautico, permitindo que os conflitos sejam resolvidos de maneira mais equilibrada e sem agravar ainda mais as tens\u00f5es entre as partes envolvidas. Segundo os palestrantes, essa abordagem pode ser fundamental para destravar impasses que, de outra forma, poderiam se prolongar por anos no sistema judici\u00e1rio.<\/p>\n<p><strong>HUMANIZA\u00c7\u00c3O<\/strong><\/p>\n<p>Cibele destacou que um dos objetivos do encontro foi promover a humaniza\u00e7\u00e3o dos futuros profissionais do Direito, preparando-os para um atendimento mais sens\u00edvel e eficaz na \u00e1rea de Direito de Fam\u00edlia. \u201c\u00c9 essencial que nossos alunos compreendam n\u00e3o apenas a legisla\u00e7\u00e3o, mas tamb\u00e9m o impacto emocional e social das decis\u00f5es jur\u00eddicas, tornando-se operadores do Direito mais preparados para lidar com os desafios da profiss\u00e3o\u201d, enfatizou.<\/p>\n<p>O evento proporcionou aos acad\u00eamicos uma nova perspectiva sobre a atua\u00e7\u00e3o jur\u00eddica, demonstrando como o Direito Sist\u00eamico pode ser um instrumento de transforma\u00e7\u00e3o social, promovendo solu\u00e7\u00f5es mais justas e harmoniosas para as partes envolvidas em processos familiares.<\/p>\n<p><img loading=\"lazy\" decoding=\"async\" class=\"aligncenter wp-image-45971\" src=\"https:\/\/unisalesiano.com.br\/aracatuba\/wp-content\/uploads\/2025\/03\/WhatsApp-Image-2025-03-28-at-09.41.20-2.jpeg\" alt=\"\" width=\"375\" height=\"500\" srcset=\"https:\/\/unisalesiano.com.br\/aracatuba\/wp-content\/uploads\/2025\/03\/WhatsApp-Image-2025-03-28-at-09.41.20-2.jpeg 1200w, https:\/\/unisalesiano.com.br\/aracatuba\/wp-content\/uploads\/2025\/03\/WhatsApp-Image-2025-03-28-at-09.41.20-2-225x300.jpeg 225w, https:\/\/unisalesiano.com.br\/aracatuba\/wp-content\/uploads\/2025\/03\/WhatsApp-Image-2025-03-28-at-09.41.20-2-768x1024.jpeg 768w, https:\/\/unisalesiano.com.br\/aracatuba\/wp-content\/uploads\/2025\/03\/WhatsApp-Image-2025-03-28-at-09.41.20-2-1152x1536.jpeg 1152w\" sizes=\"auto, (max-width: 375px) 100vw, 375px\" \/> <img loading=\"lazy\" decoding=\"async\" class=\"aligncenter wp-image-45972\" src=\"https:\/\/unisalesiano.com.br\/aracatuba\/wp-content\/uploads\/2025\/03\/WhatsApp-Image-2025-03-28-at-09.41.20.jpeg\" alt=\"\" width=\"656\" height=\"500\" srcset=\"https:\/\/unisalesiano.com.br\/aracatuba\/wp-content\/uploads\/2025\/03\/WhatsApp-Image-2025-03-28-at-09.41.20.jpeg 1080w, https:\/\/unisalesiano.com.br\/aracatuba\/wp-content\/uploads\/2025\/03\/WhatsApp-Image-2025-03-28-at-09.41.20-300x229.jpeg 300w, https:\/\/unisalesiano.com.br\/aracatuba\/wp-content\/uploads\/2025\/03\/WhatsApp-Image-2025-03-28-at-09.41.20-1024x780.jpeg 1024w, https:\/\/unisalesiano.com.br\/aracatuba\/wp-content\/uploads\/2025\/03\/WhatsApp-Image-2025-03-28-at-09.41.20-768x585.jpeg 768w\" sizes=\"auto, (max-width: 656px) 100vw, 656px\" \/><\/p>\n","protected":false},"excerpt":{"rendered":"<p>Os psic\u00f3logos Rita de C\u00e1ssia Marques Nunes e Adolfo Luiz dos Santos participaram de um encontro com os acad\u00eamicos do 5\u00ba semestre do Curso de Direito do UniSALESIANO, nos per\u00edodos diurno e noturno. O convite partiu da Coordenadora do Curso, Prof\u00aa Cibele Rodrigues, com o objetivo de apresentar aos alunos a din\u00e2mica do Direito Sist\u00eamico [&hellip;]<\/p>\n","protected":false},"author":3,"featured_media":45970,"comment_status":"open","ping_status":"open","sticky":false,"template":"","format":"standard","meta":{"footnotes":""},"categories":[11,8],"tags":[103,19,1788,20],"class_list":["post-45969","post","type-post","status-publish","format-standard","has-post-thumbnail","hentry","category-institucional","category-sociais","tag-aracatuba","tag-direito","tag-direito-sistemico","tag-psicologia"],"yoast_head":"<!-- This site is optimized with the Yoast SEO plugin v17.4 - https:\/\/yoast.com\/wordpress\/plugins\/seo\/ -->\n<title>Psic\u00f3logos abordam Direito Sist\u00eamico em palestra para acad\u00eamicos de Direito - UniSALESIANO Ara\u00e7atuba\/SP<\/title>\n<meta name=\"robots\" content=\"index, follow, max-snippet:-1, max-image-preview:large, max-video-preview:-1\" \/>\n<link rel=\"canonical\" href=\"https:\/\/unisalesiano.com.br\/aracatuba\/psicologos-abordam-direito-sistemico-em-palestra-para-academicos-de-direito\/\" \/>\n<meta property=\"og:locale\" content=\"pt_BR\" \/>\n<meta property=\"og:type\" content=\"article\" \/>\n<meta property=\"og:title\" content=\"Psic\u00f3logos abordam Direito Sist\u00eamico em palestra para acad\u00eamicos de Direito - UniSALESIANO Ara\u00e7atuba\/SP\" \/>\n<meta property=\"og:description\" content=\"Os psic\u00f3logos Rita de C\u00e1ssia Marques Nunes e Adolfo Luiz dos Santos participaram de um encontro com os acad\u00eamicos do 5\u00ba semestre do Curso de Direito do UniSALESIANO, nos per\u00edodos diurno e noturno. O convite partiu da Coordenadora do Curso, Prof\u00aa Cibele Rodrigues, com o objetivo de apresentar aos alunos a din\u00e2mica do Direito Sist\u00eamico [&hellip;]\" \/>\n<meta property=\"og:url\" content=\"https:\/\/unisalesiano.com.br\/aracatuba\/psicologos-abordam-direito-sistemico-em-palestra-para-academicos-de-direito\/\" \/>\n<meta property=\"og:site_name\" content=\"UniSALESIANO Ara\u00e7atuba\/SP\" \/>\n<meta property=\"article:published_time\" content=\"2025-03-28T18:40:55+00:00\" \/>\n<meta property=\"og:image\" content=\"https:\/\/unisalesiano.com.br\/aracatuba\/wp-content\/uploads\/2025\/03\/WhatsApp-Image-2025-03-28-at-09.41.20-1.jpeg\" \/>\n\t<meta property=\"og:image:width\" content=\"1600\" \/>\n\t<meta property=\"og:image:height\" content=\"1200\" \/>\n<meta name=\"twitter:card\" content=\"summary_large_image\" \/>\n<meta name=\"twitter:label1\" content=\"Escrito por\" \/>\n\t<meta name=\"twitter:data1\" content=\"Monique Bueno\" \/>\n\t<meta name=\"twitter:label2\" content=\"Est. tempo de leitura\" \/>\n\t<meta name=\"twitter:data2\" content=\"2 minutos\" \/>\n<script type=\"application\/ld+json\" class=\"yoast-schema-graph\">{\"@context\":\"https:\/\/schema.org\",\"@graph\":[{\"@type\":\"WebSite\",\"@id\":\"https:\/\/unisalesiano.com.br\/aracatuba\/#website\",\"url\":\"https:\/\/unisalesiano.com.br\/aracatuba\/\",\"name\":\"UniSALESIANO Ara\\u00e7atuba\/SP\",\"description\":\"Centro Universit\\u00e1rio Cat\\u00f3lico Salesiano Auxilium\",\"potentialAction\":[{\"@type\":\"SearchAction\",\"target\":{\"@type\":\"EntryPoint\",\"urlTemplate\":\"https:\/\/unisalesiano.com.br\/aracatuba\/?s={search_term_string}\"},\"query-input\":\"required name=search_term_string\"}],\"inLanguage\":\"pt-BR\"},{\"@type\":\"ImageObject\",\"@id\":\"https:\/\/unisalesiano.com.br\/aracatuba\/psicologos-abordam-direito-sistemico-em-palestra-para-academicos-de-direito\/#primaryimage\",\"inLanguage\":\"pt-BR\",\"url\":\"https:\/\/unisalesiano.com.br\/aracatuba\/wp-content\/uploads\/2025\/03\/WhatsApp-Image-2025-03-28-at-09.41.20-1.jpeg\",\"contentUrl\":\"https:\/\/unisalesiano.com.br\/aracatuba\/wp-content\/uploads\/2025\/03\/WhatsApp-Image-2025-03-28-at-09.41.20-1.jpeg\",\"width\":1600,\"height\":1200},{\"@type\":\"WebPage\",\"@id\":\"https:\/\/unisalesiano.com.br\/aracatuba\/psicologos-abordam-direito-sistemico-em-palestra-para-academicos-de-direito\/#webpage\",\"url\":\"https:\/\/unisalesiano.com.br\/aracatuba\/psicologos-abordam-direito-sistemico-em-palestra-para-academicos-de-direito\/\",\"name\":\"Psic\\u00f3logos abordam Direito Sist\\u00eamico em palestra para acad\\u00eamicos de Direito - UniSALESIANO Ara\\u00e7atuba\/SP\",\"isPartOf\":{\"@id\":\"https:\/\/unisalesiano.com.br\/aracatuba\/#website\"},\"primaryImageOfPage\":{\"@id\":\"https:\/\/unisalesiano.com.br\/aracatuba\/psicologos-abordam-direito-sistemico-em-palestra-para-academicos-de-direito\/#primaryimage\"},\"datePublished\":\"2025-03-28T18:40:55+00:00\",\"dateModified\":\"2025-03-28T18:40:55+00:00\",\"author\":{\"@id\":\"https:\/\/unisalesiano.com.br\/aracatuba\/#\/schema\/person\/964caaa63bddcf301b320e385db5203a\"},\"breadcrumb\":{\"@id\":\"https:\/\/unisalesiano.com.br\/aracatuba\/psicologos-abordam-direito-sistemico-em-palestra-para-academicos-de-direito\/#breadcrumb\"},\"inLanguage\":\"pt-BR\",\"potentialAction\":[{\"@type\":\"ReadAction\",\"target\":[\"https:\/\/unisalesiano.com.br\/aracatuba\/psicologos-abordam-direito-sistemico-em-palestra-para-academicos-de-direito\/\"]}]},{\"@type\":\"BreadcrumbList\",\"@id\":\"https:\/\/unisalesiano.com.br\/aracatuba\/psicologos-abordam-direito-sistemico-em-palestra-para-academicos-de-direito\/#breadcrumb\",\"itemListElement\":[{\"@type\":\"ListItem\",\"position\":1,\"name\":\"In\\u00edcio\",\"item\":\"https:\/\/unisalesiano.com.br\/aracatuba\/\"},{\"@type\":\"ListItem\",\"position\":2,\"name\":\"Psic\\u00f3logos abordam Direito Sist\\u00eamico em palestra para acad\\u00eamicos de Direito\"}]},{\"@type\":\"Person\",\"@id\":\"https:\/\/unisalesiano.com.br\/aracatuba\/#\/schema\/person\/964caaa63bddcf301b320e385db5203a\",\"name\":\"Monique Bueno\",\"image\":{\"@type\":\"ImageObject\",\"@id\":\"https:\/\/unisalesiano.com.br\/aracatuba\/#personlogo\",\"inLanguage\":\"pt-BR\",\"url\":\"https:\/\/secure.gravatar.com\/avatar\/1680078f9a9fb86c36e76e0928e948cfd68a43bbc313c1bad27d1e48b49b308d?s=96&d=mm&r=g\",\"contentUrl\":\"https:\/\/secure.gravatar.com\/avatar\/1680078f9a9fb86c36e76e0928e948cfd68a43bbc313c1bad27d1e48b49b308d?s=96&d=mm&r=g\",\"caption\":\"Monique Bueno\"},\"url\":\"https:\/\/unisalesiano.com.br\/aracatuba\/author\/monique\/\"}]}<\/script>\n<!-- \/ Yoast SEO plugin. -->","yoast_head_json":{"title":"Psic\u00f3logos abordam Direito Sist\u00eamico em palestra para acad\u00eamicos de Direito - UniSALESIANO Ara\u00e7atuba\/SP","robots":{"index":"index","follow":"follow","max-snippet":"max-snippet:-1","max-image-preview":"max-image-preview:large","max-video-preview":"max-video-preview:-1"},"canonical":"https:\/\/unisalesiano.com.br\/aracatuba\/psicologos-abordam-direito-sistemico-em-palestra-para-academicos-de-direito\/","og_locale":"pt_BR","og_type":"article","og_title":"Psic\u00f3logos abordam Direito Sist\u00eamico em palestra para acad\u00eamicos de Direito - UniSALESIANO Ara\u00e7atuba\/SP","og_description":"Os psic\u00f3logos Rita de C\u00e1ssia Marques Nunes e Adolfo Luiz dos Santos participaram de um encontro com os acad\u00eamicos do 5\u00ba semestre do Curso de Direito do UniSALESIANO, nos per\u00edodos diurno e noturno. O convite partiu da Coordenadora do Curso, Prof\u00aa Cibele Rodrigues, com o objetivo de apresentar aos alunos a din\u00e2mica do Direito Sist\u00eamico [&hellip;]","og_url":"https:\/\/unisalesiano.com.br\/aracatuba\/psicologos-abordam-direito-sistemico-em-palestra-para-academicos-de-direito\/","og_site_name":"UniSALESIANO Ara\u00e7atuba\/SP","article_published_time":"2025-03-28T18:40:55+00:00","og_image":[{"width":1600,"height":1200,"url":"https:\/\/unisalesiano.com.br\/aracatuba\/wp-content\/uploads\/2025\/03\/WhatsApp-Image-2025-03-28-at-09.41.20-1.jpeg","type":"image\/jpeg"}],"twitter_card":"summary_large_image","twitter_misc":{"Escrito por":"Monique Bueno","Est. tempo de leitura":"2 minutos"},"schema":{"@context":"https:\/\/schema.org","@graph":[{"@type":"WebSite","@id":"https:\/\/unisalesiano.com.br\/aracatuba\/#website","url":"https:\/\/unisalesiano.com.br\/aracatuba\/","name":"UniSALESIANO Ara\u00e7atuba\/SP","description":"Centro Universit\u00e1rio Cat\u00f3lico Salesiano Auxilium","potentialAction":[{"@type":"SearchAction","target":{"@type":"EntryPoint","urlTemplate":"https:\/\/unisalesiano.com.br\/aracatuba\/?s={search_term_string}"},"query-input":"required name=search_term_string"}],"inLanguage":"pt-BR"},{"@type":"ImageObject","@id":"https:\/\/unisalesiano.com.br\/aracatuba\/psicologos-abordam-direito-sistemico-em-palestra-para-academicos-de-direito\/#primaryimage","inLanguage":"pt-BR","url":"https:\/\/unisalesiano.com.br\/aracatuba\/wp-content\/uploads\/2025\/03\/WhatsApp-Image-2025-03-28-at-09.41.20-1.jpeg","contentUrl":"https:\/\/unisalesiano.com.br\/aracatuba\/wp-content\/uploads\/2025\/03\/WhatsApp-Image-2025-03-28-at-09.41.20-1.jpeg","width":1600,"height":1200},{"@type":"WebPage","@id":"https:\/\/unisalesiano.com.br\/aracatuba\/psicologos-abordam-direito-sistemico-em-palestra-para-academicos-de-direito\/#webpage","url":"https:\/\/unisalesiano.com.br\/aracatuba\/psicologos-abordam-direito-sistemico-em-palestra-para-academicos-de-direito\/","name":"Psic\u00f3logos abordam Direito Sist\u00eamico em palestra para acad\u00eamicos de Direito - UniSALESIANO Ara\u00e7atuba\/SP","isPartOf":{"@id":"https:\/\/unisalesiano.com.br\/aracatuba\/#website"},"primaryImageOfPage":{"@id":"https:\/\/unisalesiano.com.br\/aracatuba\/psicologos-abordam-direito-sistemico-em-palestra-para-academicos-de-direito\/#primaryimage"},"datePublished":"2025-03-28T18:40:55+00:00","dateModified":"2025-03-28T18:40:55+00:00","author":{"@id":"https:\/\/unisalesiano.com.br\/aracatuba\/#\/schema\/person\/964caaa63bddcf301b320e385db5203a"},"breadcrumb":{"@id":"https:\/\/unisalesiano.com.br\/aracatuba\/psicologos-abordam-direito-sistemico-em-palestra-para-academicos-de-direito\/#breadcrumb"},"inLanguage":"pt-BR","potentialAction":[{"@type":"ReadAction","target":["https:\/\/unisalesiano.com.br\/aracatuba\/psicologos-abordam-direito-sistemico-em-palestra-para-academicos-de-direito\/"]}]},{"@type":"BreadcrumbList","@id":"https:\/\/unisalesiano.com.br\/aracatuba\/psicologos-abordam-direito-sistemico-em-palestra-para-academicos-de-direito\/#breadcrumb","itemListElement":[{"@type":"ListItem","position":1,"name":"In\u00edcio","item":"https:\/\/unisalesiano.com.br\/aracatuba\/"},{"@type":"ListItem","position":2,"name":"Psic\u00f3logos abordam Direito Sist\u00eamico em palestra para acad\u00eamicos de Direito"}]},{"@type":"Person","@id":"https:\/\/unisalesiano.com.br\/aracatuba\/#\/schema\/person\/964caaa63bddcf301b320e385db5203a","name":"Monique Bueno","image":{"@type":"ImageObject","@id":"https:\/\/unisalesiano.com.br\/aracatuba\/#personlogo","inLanguage":"pt-BR","url":"https:\/\/secure.gravatar.com\/avatar\/1680078f9a9fb86c36e76e0928e948cfd68a43bbc313c1bad27d1e48b49b308d?s=96&d=mm&r=g","contentUrl":"https:\/\/secure.gravatar.com\/avatar\/1680078f9a9fb86c36e76e0928e948cfd68a43bbc313c1bad27d1e48b49b308d?s=96&d=mm&r=g","caption":"Monique Bueno"},"url":"https:\/\/unisalesiano.com.br\/aracatuba\/author\/monique\/"}]}},"_links":{"self":[{"href":"https:\/\/unisalesiano.com.br\/aracatuba\/wp-json\/wp\/v2\/posts\/45969","targetHints":{"allow":["GET"]}}],"collection":[{"href":"https:\/\/unisalesiano.com.br\/aracatuba\/wp-json\/wp\/v2\/posts"}],"about":[{"href":"https:\/\/unisalesiano.com.br\/aracatuba\/wp-json\/wp\/v2\/types\/post"}],"author":[{"embeddable":true,"href":"https:\/\/unisalesiano.com.br\/aracatuba\/wp-json\/wp\/v2\/users\/3"}],"replies":[{"embeddable":true,"href":"https:\/\/unisalesiano.com.br\/aracatuba\/wp-json\/wp\/v2\/comments?post=45969"}],"version-history":[{"count":0,"href":"https:\/\/unisalesiano.com.br\/aracatuba\/wp-json\/wp\/v2\/posts\/45969\/revisions"}],"wp:featuredmedia":[{"embeddable":true,"href":"https:\/\/unisalesiano.com.br\/aracatuba\/wp-json\/wp\/v2\/media\/45970"}],"wp:attachment":[{"href":"https:\/\/unisalesiano.com.br\/aracatuba\/wp-json\/wp\/v2\/media?parent=45969"}],"wp:term":[{"taxonomy":"category","embeddable":true,"href":"https:\/\/unisalesiano.com.br\/aracatuba\/wp-json\/wp\/v2\/categories?post=45969"},{"taxonomy":"post_tag","embeddable":true,"href":"https:\/\/unisalesiano.com.br\/aracatuba\/wp-json\/wp\/v2\/tags?post=45969"}],"curies":[{"name":"wp","href":"https:\/\/api.w.org\/{rel}","templated":true}]}}