{"id":44838,"date":"2024-11-25T08:58:42","date_gmt":"2024-11-25T11:58:42","guid":{"rendered":"https:\/\/unisalesiano.com.br\/aracatuba\/?p=44838"},"modified":"2024-11-25T09:03:47","modified_gmt":"2024-11-25T12:03:47","slug":"curso-de-publicidade-e-propaganda-retoma-o-festival-globo-de-loros-com-foco-na-ia","status":"publish","type":"post","link":"https:\/\/unisalesiano.com.br\/aracatuba\/curso-de-publicidade-e-propaganda-retoma-o-festival-globo-de-loros-com-foco-na-ia\/","title":{"rendered":"\u201cGlobo de Loros\u201d apresenta talentos dos acad\u00eamicos de Publicidade e Propaganda"},"content":{"rendered":"<p>O <strong>Curso de Publicidade e Propaganda do UniSALESIANO<\/strong> realizou, no dia 19 de novembro, mais uma edi\u00e7\u00e3o do <strong>Festival \u201cGlobo de Loros \u2013 porque galo s\u00f3 canta e loro encanta\u201d<\/strong>, um evento marcado pela exibi\u00e7\u00e3o dos trabalhos criativos e t\u00e9cnicos desenvolvidos pelos alunos.<\/p>\n<p>Coordenado pelo docente <strong>Maikon Malaquias<\/strong>, em parceria com a Coordenadora do Curso, <strong>Prof\u00aa Lilian Pacchioni<\/strong>, e o profissional de marketing, <strong>Wendel Fernandes<\/strong>, o festival tem como objetivo principal promover uma experi\u00eancia pr\u00e1tica que reflita os desafios do mercado publicit\u00e1rio.<\/p>\n<p>\u201cEsse \u00e9 o momento em que o curso pode dar visibilidade aos trabalhos pr\u00e1ticos realizados ao longo do semestre\u201d, destacou Maikon. Ele tamb\u00e9m apontou a conex\u00e3o do tema oficial do evento com a intelig\u00eancia artificial e os desafios enfrentados pelos futuros profissionais da comunica\u00e7\u00e3o. \u201cAssim como o tema, o Festival incentiva os alunos a se adaptarem \u00e0s novas exig\u00eancias do mercado, sem deixar de lado a criatividade.\u201d<\/p>\n<p>Inspirado no famoso \u201cGlobo de Ouro\u201d, o \u201cGlobo de Loros\u201d apresenta categorias e premia\u00e7\u00f5es que celebram o talento dos acad\u00eamicos. \u201cQuer\u00edamos destacar e premiar a criatividade e o empenho dos nossos alunos de forma grandiosa e divertida\u201d, explicou Lilian.<\/p>\n<p>Nesta edi\u00e7\u00e3o, o evento contou com duas principais categorias: <strong>produ\u00e7\u00e3o de m\u00eddia impressa<\/strong> e <strong>produ\u00e7\u00e3o de v\u00eddeos<\/strong>. Na primeira, os alunos criaram capas de revistas cient\u00edficas, avaliadas por crit\u00e9rios t\u00e9cnicos de diagrama\u00e7\u00e3o e criatividade, al\u00e9m do voto popular para eleger a melhor capa da noite. J\u00e1 na segunda, v\u00eddeos de 1 minuto a 1 e 30 segundos foram analisados em aspectos, como: trilha sonora, cenografia, criatividade e melhor v\u00eddeo da noite, com um pr\u00eamio especial decidido pelo p\u00fablico presente.<\/p>\n<p>Os alunos do 6\u00ba termo apresentaram seus Projetos Integrados em formato de v\u00eddeo case, exibindo campanhas desenvolvidas como parte da programa\u00e7\u00e3o do evento.<\/p>\n<p><strong>ENGAJAMENTO<\/strong><\/p>\n<p>Lilian ressaltou a import\u00e2ncia do engajamento do p\u00fablico na escolha dos vencedores. \u201cEnquanto os professores focaram em aspectos t\u00e9cnicos, como diagrama\u00e7\u00e3o e trilha sonora, o voto popular trouxe uma vis\u00e3o mais ampla e din\u00e2mica ao festival\u201d, explicou.<\/p>\n<p>Com apresenta\u00e7\u00f5es envolventes, momentos de reconhecimento e celebra\u00e7\u00e3o, o \u201cGlobo de Loros\u201d se consolidou como um evento especial para os alunos e para o p\u00fablico presente. \u201c\u00c9 uma experi\u00eancia que vai al\u00e9m da academia, um formato que lembra grandes premia\u00e7\u00f5es, com categorias, apresenta\u00e7\u00f5es e, claro, muita criatividade\u201d, refor\u00e7ou Maikon.<\/p>\n<p>&nbsp;<\/p>\n","protected":false},"excerpt":{"rendered":"<p>O Curso de Publicidade e Propaganda do UniSALESIANO realizou, no dia 19 de novembro, mais uma edi\u00e7\u00e3o do Festival \u201cGlobo de Loros \u2013 porque galo s\u00f3 canta e loro encanta\u201d, um evento marcado pela exibi\u00e7\u00e3o dos trabalhos criativos e t\u00e9cnicos desenvolvidos pelos alunos. Coordenado pelo docente Maikon Malaquias, em parceria com a Coordenadora do Curso, [&hellip;]<\/p>\n","protected":false},"author":3,"featured_media":44840,"comment_status":"open","ping_status":"open","sticky":false,"template":"","format":"standard","meta":{"footnotes":""},"categories":[11,8,7],"tags":[103,1751,25,16],"class_list":["post-44838","post","type-post","status-publish","format-standard","has-post-thumbnail","hentry","category-institucional","category-sociais","category-tecnologia","tag-aracatuba","tag-globo-de-loro","tag-publicidade-e-propaganda","tag-unisalesiano"],"yoast_head":"<!-- This site is optimized with the Yoast SEO plugin v17.4 - https:\/\/yoast.com\/wordpress\/plugins\/seo\/ -->\n<title>\u201cGlobo de Loros\u201d apresenta talentos dos acad\u00eamicos de Publicidade e Propaganda - UniSALESIANO Ara\u00e7atuba\/SP<\/title>\n<meta name=\"robots\" content=\"index, follow, max-snippet:-1, max-image-preview:large, max-video-preview:-1\" \/>\n<link rel=\"canonical\" href=\"https:\/\/unisalesiano.com.br\/aracatuba\/curso-de-publicidade-e-propaganda-retoma-o-festival-globo-de-loros-com-foco-na-ia\/\" \/>\n<meta property=\"og:locale\" content=\"pt_BR\" \/>\n<meta property=\"og:type\" content=\"article\" \/>\n<meta property=\"og:title\" content=\"\u201cGlobo de Loros\u201d apresenta talentos dos acad\u00eamicos de Publicidade e Propaganda - UniSALESIANO Ara\u00e7atuba\/SP\" \/>\n<meta property=\"og:description\" content=\"O Curso de Publicidade e Propaganda do UniSALESIANO realizou, no dia 19 de novembro, mais uma edi\u00e7\u00e3o do Festival \u201cGlobo de Loros \u2013 porque galo s\u00f3 canta e loro encanta\u201d, um evento marcado pela exibi\u00e7\u00e3o dos trabalhos criativos e t\u00e9cnicos desenvolvidos pelos alunos. Coordenado pelo docente Maikon Malaquias, em parceria com a Coordenadora do Curso, [&hellip;]\" \/>\n<meta property=\"og:url\" content=\"https:\/\/unisalesiano.com.br\/aracatuba\/curso-de-publicidade-e-propaganda-retoma-o-festival-globo-de-loros-com-foco-na-ia\/\" \/>\n<meta property=\"og:site_name\" content=\"UniSALESIANO Ara\u00e7atuba\/SP\" \/>\n<meta property=\"article:published_time\" content=\"2024-11-25T11:58:42+00:00\" \/>\n<meta property=\"article:modified_time\" content=\"2024-11-25T12:03:47+00:00\" \/>\n<meta property=\"og:image\" content=\"https:\/\/unisalesiano.com.br\/aracatuba\/wp-content\/uploads\/2024\/11\/IMG_9455-scaled.jpg\" \/>\n\t<meta property=\"og:image:width\" content=\"2560\" \/>\n\t<meta property=\"og:image:height\" content=\"1707\" \/>\n<meta name=\"twitter:card\" content=\"summary_large_image\" \/>\n<meta name=\"twitter:label1\" content=\"Escrito por\" \/>\n\t<meta name=\"twitter:data1\" content=\"Monique Bueno\" \/>\n\t<meta name=\"twitter:label2\" content=\"Est. tempo de leitura\" \/>\n\t<meta name=\"twitter:data2\" content=\"2 minutos\" \/>\n<script type=\"application\/ld+json\" class=\"yoast-schema-graph\">{\"@context\":\"https:\/\/schema.org\",\"@graph\":[{\"@type\":\"WebSite\",\"@id\":\"https:\/\/unisalesiano.com.br\/aracatuba\/#website\",\"url\":\"https:\/\/unisalesiano.com.br\/aracatuba\/\",\"name\":\"UniSALESIANO Ara\\u00e7atuba\/SP\",\"description\":\"Centro Universit\\u00e1rio Cat\\u00f3lico Salesiano Auxilium\",\"potentialAction\":[{\"@type\":\"SearchAction\",\"target\":{\"@type\":\"EntryPoint\",\"urlTemplate\":\"https:\/\/unisalesiano.com.br\/aracatuba\/?s={search_term_string}\"},\"query-input\":\"required name=search_term_string\"}],\"inLanguage\":\"pt-BR\"},{\"@type\":\"ImageObject\",\"@id\":\"https:\/\/unisalesiano.com.br\/aracatuba\/curso-de-publicidade-e-propaganda-retoma-o-festival-globo-de-loros-com-foco-na-ia\/#primaryimage\",\"inLanguage\":\"pt-BR\",\"url\":\"https:\/\/unisalesiano.com.br\/aracatuba\/wp-content\/uploads\/2024\/11\/IMG_9455-scaled.jpg\",\"contentUrl\":\"https:\/\/unisalesiano.com.br\/aracatuba\/wp-content\/uploads\/2024\/11\/IMG_9455-scaled.jpg\",\"width\":2560,\"height\":1707},{\"@type\":\"WebPage\",\"@id\":\"https:\/\/unisalesiano.com.br\/aracatuba\/curso-de-publicidade-e-propaganda-retoma-o-festival-globo-de-loros-com-foco-na-ia\/#webpage\",\"url\":\"https:\/\/unisalesiano.com.br\/aracatuba\/curso-de-publicidade-e-propaganda-retoma-o-festival-globo-de-loros-com-foco-na-ia\/\",\"name\":\"\\u201cGlobo de Loros\\u201d apresenta talentos dos acad\\u00eamicos de Publicidade e Propaganda - UniSALESIANO Ara\\u00e7atuba\/SP\",\"isPartOf\":{\"@id\":\"https:\/\/unisalesiano.com.br\/aracatuba\/#website\"},\"primaryImageOfPage\":{\"@id\":\"https:\/\/unisalesiano.com.br\/aracatuba\/curso-de-publicidade-e-propaganda-retoma-o-festival-globo-de-loros-com-foco-na-ia\/#primaryimage\"},\"datePublished\":\"2024-11-25T11:58:42+00:00\",\"dateModified\":\"2024-11-25T12:03:47+00:00\",\"author\":{\"@id\":\"https:\/\/unisalesiano.com.br\/aracatuba\/#\/schema\/person\/964caaa63bddcf301b320e385db5203a\"},\"breadcrumb\":{\"@id\":\"https:\/\/unisalesiano.com.br\/aracatuba\/curso-de-publicidade-e-propaganda-retoma-o-festival-globo-de-loros-com-foco-na-ia\/#breadcrumb\"},\"inLanguage\":\"pt-BR\",\"potentialAction\":[{\"@type\":\"ReadAction\",\"target\":[\"https:\/\/unisalesiano.com.br\/aracatuba\/curso-de-publicidade-e-propaganda-retoma-o-festival-globo-de-loros-com-foco-na-ia\/\"]}]},{\"@type\":\"BreadcrumbList\",\"@id\":\"https:\/\/unisalesiano.com.br\/aracatuba\/curso-de-publicidade-e-propaganda-retoma-o-festival-globo-de-loros-com-foco-na-ia\/#breadcrumb\",\"itemListElement\":[{\"@type\":\"ListItem\",\"position\":1,\"name\":\"In\\u00edcio\",\"item\":\"https:\/\/unisalesiano.com.br\/aracatuba\/\"},{\"@type\":\"ListItem\",\"position\":2,\"name\":\"\\u201cGlobo de Loros\\u201d apresenta talentos dos acad\\u00eamicos de Publicidade e Propaganda\"}]},{\"@type\":\"Person\",\"@id\":\"https:\/\/unisalesiano.com.br\/aracatuba\/#\/schema\/person\/964caaa63bddcf301b320e385db5203a\",\"name\":\"Monique Bueno\",\"image\":{\"@type\":\"ImageObject\",\"@id\":\"https:\/\/unisalesiano.com.br\/aracatuba\/#personlogo\",\"inLanguage\":\"pt-BR\",\"url\":\"https:\/\/secure.gravatar.com\/avatar\/1680078f9a9fb86c36e76e0928e948cfd68a43bbc313c1bad27d1e48b49b308d?s=96&d=mm&r=g\",\"contentUrl\":\"https:\/\/secure.gravatar.com\/avatar\/1680078f9a9fb86c36e76e0928e948cfd68a43bbc313c1bad27d1e48b49b308d?s=96&d=mm&r=g\",\"caption\":\"Monique Bueno\"},\"url\":\"https:\/\/unisalesiano.com.br\/aracatuba\/author\/monique\/\"}]}<\/script>\n<!-- \/ Yoast SEO plugin. -->","yoast_head_json":{"title":"\u201cGlobo de Loros\u201d apresenta talentos dos acad\u00eamicos de Publicidade e Propaganda - UniSALESIANO Ara\u00e7atuba\/SP","robots":{"index":"index","follow":"follow","max-snippet":"max-snippet:-1","max-image-preview":"max-image-preview:large","max-video-preview":"max-video-preview:-1"},"canonical":"https:\/\/unisalesiano.com.br\/aracatuba\/curso-de-publicidade-e-propaganda-retoma-o-festival-globo-de-loros-com-foco-na-ia\/","og_locale":"pt_BR","og_type":"article","og_title":"\u201cGlobo de Loros\u201d apresenta talentos dos acad\u00eamicos de Publicidade e Propaganda - UniSALESIANO Ara\u00e7atuba\/SP","og_description":"O Curso de Publicidade e Propaganda do UniSALESIANO realizou, no dia 19 de novembro, mais uma edi\u00e7\u00e3o do Festival \u201cGlobo de Loros \u2013 porque galo s\u00f3 canta e loro encanta\u201d, um evento marcado pela exibi\u00e7\u00e3o dos trabalhos criativos e t\u00e9cnicos desenvolvidos pelos alunos. Coordenado pelo docente Maikon Malaquias, em parceria com a Coordenadora do Curso, [&hellip;]","og_url":"https:\/\/unisalesiano.com.br\/aracatuba\/curso-de-publicidade-e-propaganda-retoma-o-festival-globo-de-loros-com-foco-na-ia\/","og_site_name":"UniSALESIANO Ara\u00e7atuba\/SP","article_published_time":"2024-11-25T11:58:42+00:00","article_modified_time":"2024-11-25T12:03:47+00:00","og_image":[{"width":2560,"height":1707,"url":"https:\/\/unisalesiano.com.br\/aracatuba\/wp-content\/uploads\/2024\/11\/IMG_9455-scaled.jpg","type":"image\/jpeg"}],"twitter_card":"summary_large_image","twitter_misc":{"Escrito por":"Monique Bueno","Est. tempo de leitura":"2 minutos"},"schema":{"@context":"https:\/\/schema.org","@graph":[{"@type":"WebSite","@id":"https:\/\/unisalesiano.com.br\/aracatuba\/#website","url":"https:\/\/unisalesiano.com.br\/aracatuba\/","name":"UniSALESIANO Ara\u00e7atuba\/SP","description":"Centro Universit\u00e1rio Cat\u00f3lico Salesiano Auxilium","potentialAction":[{"@type":"SearchAction","target":{"@type":"EntryPoint","urlTemplate":"https:\/\/unisalesiano.com.br\/aracatuba\/?s={search_term_string}"},"query-input":"required name=search_term_string"}],"inLanguage":"pt-BR"},{"@type":"ImageObject","@id":"https:\/\/unisalesiano.com.br\/aracatuba\/curso-de-publicidade-e-propaganda-retoma-o-festival-globo-de-loros-com-foco-na-ia\/#primaryimage","inLanguage":"pt-BR","url":"https:\/\/unisalesiano.com.br\/aracatuba\/wp-content\/uploads\/2024\/11\/IMG_9455-scaled.jpg","contentUrl":"https:\/\/unisalesiano.com.br\/aracatuba\/wp-content\/uploads\/2024\/11\/IMG_9455-scaled.jpg","width":2560,"height":1707},{"@type":"WebPage","@id":"https:\/\/unisalesiano.com.br\/aracatuba\/curso-de-publicidade-e-propaganda-retoma-o-festival-globo-de-loros-com-foco-na-ia\/#webpage","url":"https:\/\/unisalesiano.com.br\/aracatuba\/curso-de-publicidade-e-propaganda-retoma-o-festival-globo-de-loros-com-foco-na-ia\/","name":"\u201cGlobo de Loros\u201d apresenta talentos dos acad\u00eamicos de Publicidade e Propaganda - UniSALESIANO Ara\u00e7atuba\/SP","isPartOf":{"@id":"https:\/\/unisalesiano.com.br\/aracatuba\/#website"},"primaryImageOfPage":{"@id":"https:\/\/unisalesiano.com.br\/aracatuba\/curso-de-publicidade-e-propaganda-retoma-o-festival-globo-de-loros-com-foco-na-ia\/#primaryimage"},"datePublished":"2024-11-25T11:58:42+00:00","dateModified":"2024-11-25T12:03:47+00:00","author":{"@id":"https:\/\/unisalesiano.com.br\/aracatuba\/#\/schema\/person\/964caaa63bddcf301b320e385db5203a"},"breadcrumb":{"@id":"https:\/\/unisalesiano.com.br\/aracatuba\/curso-de-publicidade-e-propaganda-retoma-o-festival-globo-de-loros-com-foco-na-ia\/#breadcrumb"},"inLanguage":"pt-BR","potentialAction":[{"@type":"ReadAction","target":["https:\/\/unisalesiano.com.br\/aracatuba\/curso-de-publicidade-e-propaganda-retoma-o-festival-globo-de-loros-com-foco-na-ia\/"]}]},{"@type":"BreadcrumbList","@id":"https:\/\/unisalesiano.com.br\/aracatuba\/curso-de-publicidade-e-propaganda-retoma-o-festival-globo-de-loros-com-foco-na-ia\/#breadcrumb","itemListElement":[{"@type":"ListItem","position":1,"name":"In\u00edcio","item":"https:\/\/unisalesiano.com.br\/aracatuba\/"},{"@type":"ListItem","position":2,"name":"\u201cGlobo de Loros\u201d apresenta talentos dos acad\u00eamicos de Publicidade e Propaganda"}]},{"@type":"Person","@id":"https:\/\/unisalesiano.com.br\/aracatuba\/#\/schema\/person\/964caaa63bddcf301b320e385db5203a","name":"Monique Bueno","image":{"@type":"ImageObject","@id":"https:\/\/unisalesiano.com.br\/aracatuba\/#personlogo","inLanguage":"pt-BR","url":"https:\/\/secure.gravatar.com\/avatar\/1680078f9a9fb86c36e76e0928e948cfd68a43bbc313c1bad27d1e48b49b308d?s=96&d=mm&r=g","contentUrl":"https:\/\/secure.gravatar.com\/avatar\/1680078f9a9fb86c36e76e0928e948cfd68a43bbc313c1bad27d1e48b49b308d?s=96&d=mm&r=g","caption":"Monique Bueno"},"url":"https:\/\/unisalesiano.com.br\/aracatuba\/author\/monique\/"}]}},"_links":{"self":[{"href":"https:\/\/unisalesiano.com.br\/aracatuba\/wp-json\/wp\/v2\/posts\/44838","targetHints":{"allow":["GET"]}}],"collection":[{"href":"https:\/\/unisalesiano.com.br\/aracatuba\/wp-json\/wp\/v2\/posts"}],"about":[{"href":"https:\/\/unisalesiano.com.br\/aracatuba\/wp-json\/wp\/v2\/types\/post"}],"author":[{"embeddable":true,"href":"https:\/\/unisalesiano.com.br\/aracatuba\/wp-json\/wp\/v2\/users\/3"}],"replies":[{"embeddable":true,"href":"https:\/\/unisalesiano.com.br\/aracatuba\/wp-json\/wp\/v2\/comments?post=44838"}],"version-history":[{"count":0,"href":"https:\/\/unisalesiano.com.br\/aracatuba\/wp-json\/wp\/v2\/posts\/44838\/revisions"}],"wp:featuredmedia":[{"embeddable":true,"href":"https:\/\/unisalesiano.com.br\/aracatuba\/wp-json\/wp\/v2\/media\/44840"}],"wp:attachment":[{"href":"https:\/\/unisalesiano.com.br\/aracatuba\/wp-json\/wp\/v2\/media?parent=44838"}],"wp:term":[{"taxonomy":"category","embeddable":true,"href":"https:\/\/unisalesiano.com.br\/aracatuba\/wp-json\/wp\/v2\/categories?post=44838"},{"taxonomy":"post_tag","embeddable":true,"href":"https:\/\/unisalesiano.com.br\/aracatuba\/wp-json\/wp\/v2\/tags?post=44838"}],"curies":[{"name":"wp","href":"https:\/\/api.w.org\/{rel}","templated":true}]}}