{"id":44393,"date":"2024-10-25T16:51:07","date_gmt":"2024-10-25T19:51:07","guid":{"rendered":"https:\/\/unisalesiano.com.br\/aracatuba\/?p=44393"},"modified":"2024-10-25T16:51:07","modified_gmt":"2024-10-25T19:51:07","slug":"1o-escola-de-pais-2024-e-realizada-em-comemoracao-aos-75-anos-de-presenca-salesiana-em-aracatuba","status":"publish","type":"post","link":"https:\/\/unisalesiano.com.br\/aracatuba\/1o-escola-de-pais-2024-e-realizada-em-comemoracao-aos-75-anos-de-presenca-salesiana-em-aracatuba\/","title":{"rendered":"1\u00ba Escola de Pais 2024 \u00e9 realizada em comemora\u00e7\u00e3o aos 75 anos de presen\u00e7a salesiana em Ara\u00e7atuba"},"content":{"rendered":"<p>O <strong>Col\u00e9gio Salesiano \u201cDom Luiz Lasagna\u201d<\/strong> promoveu a <strong>1\u00ba Escola de Pais<\/strong> do ano de 2024, celebrando 75 anos da presen\u00e7a salesiana em Ara\u00e7atuba e com o objetivo de destacar o papel fundamental dos pais na educa\u00e7\u00e3o das novas gera\u00e7\u00f5es.<\/p>\n<p>O encontro, que contou com a presen\u00e7a de autoridades acad\u00eamicas, familiares, professores e coordenadores, aconteceu na noite de 18 de outubro, no audit\u00f3rio Papa Francisco, no UniSALESIANO. Foi marcado por reflex\u00f5es sobre os desafios de educar em um mundo de constante transforma\u00e7\u00e3o.<\/p>\n<p>O <strong>Pr\u00f3-Reitor de Pastoral do UniSALESIANO, Pe. Paulo J\u00e1como, SDB,<\/strong> conduziu o momento de abertura com uma ora\u00e7\u00e3o, ressaltando o papel da fam\u00edlia na forma\u00e7\u00e3o integral dos filhos. &#8220;Que bonito estarmos aqui reunidos para tratar sobre o tema da educa\u00e7\u00e3o dos filhos, uma educa\u00e7\u00e3o integral, humana e tamb\u00e9m na f\u00e9. Jesus, que viveu na fam\u00edlia de Nazar\u00e9, nos ensina o amor incondicional, e \u00e9 isso que queremos para os nossos filhos&#8221;, afirmou.<\/p>\n<p>Por sua vez, o <strong>Diretor-Geral do Col\u00e9gio Salesiano e Reitor do UniSALESIANO, Pe. Paulo Fernando Vendrame, SDB<\/strong>, disse que os salesianos em Ara\u00e7atuba t\u00eam a alegria de ser uma presen\u00e7a que acompanha todo arco do processo na educa\u00e7\u00e3o e evangeliza\u00e7\u00e3o, desde a Educa\u00e7\u00e3o Infantil at\u00e9 o Ensino Superior.<\/p>\n<p>\u201cNesses 75 anos, estamos iniciando este belo projeto da Escola de Pais, um espa\u00e7o para fortalecer os la\u00e7os entre fam\u00edlia e escola&#8221;, destacou, ao completar que: &#8220;N\u00e3o somos apenas uma escola, somos uma escolha de vida, um caminho para o desenvolvimento integral dos nossos alunos, com o cora\u00e7\u00e3o e com o conhecimento, para que estes\u00a0 possam fazer a diferen\u00e7a no mundo.&#8221;<\/p>\n<p>O evento tamb\u00e9m contou com a presen\u00e7a do <strong>Pr\u00f3-Reitor de Ensino, Pesquisa e P\u00f3s-Gradua\u00e7\u00e3o, Prof. Andr\u00e9 Ornellas, e da Pr\u00f3-Reitora Administrativa, Vanda Aparecida Guilherme de Moura<\/strong>, al\u00e9m de coordenadores e professores do Col\u00e9gio Salesiano e do UniSALESIANO.<\/p>\n<p>A palestra da noite foi ministrada pelo renomado palestrante motivacional <strong>Steven Dubner<\/strong>, conhecido por seu trabalho pioneiro com esporte para pessoas com defici\u00eancia. Fundador da Associa\u00e7\u00e3o Desportiva para Deficientes (ADD), Dubner trouxe uma mensagem inspiradora, baseada em sua vasta experi\u00eancia internacional com atletas que diariamente superam limites.<\/p>\n<p>&#8220;O esporte tem o poder de transformar vidas, e quando falamos de pessoas com defici\u00eancia, esse impacto \u00e9 ainda maior&#8221;, afirmou.<\/p>\n<p>Sua palestra, com o tema <strong>&#8220;A forma como escolhemos olhar para o mundo, cria o mundo que vemos e que somos&#8221;,<\/strong> emocionou o p\u00fablico ao abordar temas como supera\u00e7\u00e3o, inclus\u00e3o e a capacidade de transformar dificuldades em oportunidades.<\/p>\n<p>&#8220;H\u00e1 40 anos, iniciamos um trabalho para melhorar a qualidade de vida das pessoas com defici\u00eancia atrav\u00e9s do esporte. Mudamos a vida de milhares de brasileiros, que, ao sa\u00edrem de casa para treinar, encontraram novas oportunidades de socializa\u00e7\u00e3o, trabalho e autonomia&#8221;, relatou o palestrante.<\/p>\n<p>A primeira Escola de Pais 2024 reafirmou a import\u00e2ncia do di\u00e1logo entre escola e fam\u00edlia e abriu as portas para novas iniciativas voltadas para o futuro, sempre tendo como guia os valores de Dom Bosco: Raz\u00e3o, espiritualidade e afeto.<\/p>\n<p>&nbsp;<\/p>\n","protected":false},"excerpt":{"rendered":"<p>O Col\u00e9gio Salesiano \u201cDom Luiz Lasagna\u201d promoveu a 1\u00ba Escola de Pais do ano de 2024, celebrando 75 anos da presen\u00e7a salesiana em Ara\u00e7atuba e com o objetivo de destacar o papel fundamental dos pais na educa\u00e7\u00e3o das novas gera\u00e7\u00f5es. O encontro, que contou com a presen\u00e7a de autoridades acad\u00eamicas, familiares, professores e coordenadores, aconteceu [&hellip;]<\/p>\n","protected":false},"author":3,"featured_media":44394,"comment_status":"open","ping_status":"open","sticky":false,"template":"","format":"standard","meta":{"footnotes":""},"categories":[11,10,9],"tags":[103,133,1736,16],"class_list":["post-44393","post","type-post","status-publish","format-standard","has-post-thumbnail","hentry","category-institucional","category-pastoral","category-reitoria","tag-aracatuba","tag-colegio-salesiano","tag-escola-de-pais","tag-unisalesiano"],"yoast_head":"<!-- This site is optimized with the Yoast SEO plugin v17.4 - https:\/\/yoast.com\/wordpress\/plugins\/seo\/ -->\n<title>1\u00ba Escola de Pais 2024 \u00e9 realizada em comemora\u00e7\u00e3o aos 75 anos de presen\u00e7a salesiana em Ara\u00e7atuba - UniSALESIANO Ara\u00e7atuba\/SP<\/title>\n<meta name=\"robots\" content=\"index, follow, max-snippet:-1, max-image-preview:large, max-video-preview:-1\" \/>\n<link rel=\"canonical\" href=\"https:\/\/unisalesiano.com.br\/aracatuba\/1o-escola-de-pais-2024-e-realizada-em-comemoracao-aos-75-anos-de-presenca-salesiana-em-aracatuba\/\" \/>\n<meta property=\"og:locale\" content=\"pt_BR\" \/>\n<meta property=\"og:type\" content=\"article\" \/>\n<meta property=\"og:title\" content=\"1\u00ba Escola de Pais 2024 \u00e9 realizada em comemora\u00e7\u00e3o aos 75 anos de presen\u00e7a salesiana em Ara\u00e7atuba - UniSALESIANO Ara\u00e7atuba\/SP\" \/>\n<meta property=\"og:description\" content=\"O Col\u00e9gio Salesiano \u201cDom Luiz Lasagna\u201d promoveu a 1\u00ba Escola de Pais do ano de 2024, celebrando 75 anos da presen\u00e7a salesiana em Ara\u00e7atuba e com o objetivo de destacar o papel fundamental dos pais na educa\u00e7\u00e3o das novas gera\u00e7\u00f5es. O encontro, que contou com a presen\u00e7a de autoridades acad\u00eamicas, familiares, professores e coordenadores, aconteceu [&hellip;]\" \/>\n<meta property=\"og:url\" content=\"https:\/\/unisalesiano.com.br\/aracatuba\/1o-escola-de-pais-2024-e-realizada-em-comemoracao-aos-75-anos-de-presenca-salesiana-em-aracatuba\/\" \/>\n<meta property=\"og:site_name\" content=\"UniSALESIANO Ara\u00e7atuba\/SP\" \/>\n<meta property=\"article:published_time\" content=\"2024-10-25T19:51:07+00:00\" \/>\n<meta property=\"og:image\" content=\"https:\/\/unisalesiano.com.br\/aracatuba\/wp-content\/uploads\/2024\/10\/Captura-de-tela-2024-10-25-163105.png\" \/>\n\t<meta property=\"og:image:width\" content=\"1087\" \/>\n\t<meta property=\"og:image:height\" content=\"706\" \/>\n<meta name=\"twitter:card\" content=\"summary_large_image\" \/>\n<meta name=\"twitter:label1\" content=\"Escrito por\" \/>\n\t<meta name=\"twitter:data1\" content=\"Monique Bueno\" \/>\n\t<meta name=\"twitter:label2\" content=\"Est. tempo de leitura\" \/>\n\t<meta name=\"twitter:data2\" content=\"3 minutos\" \/>\n<script type=\"application\/ld+json\" class=\"yoast-schema-graph\">{\"@context\":\"https:\/\/schema.org\",\"@graph\":[{\"@type\":\"WebSite\",\"@id\":\"https:\/\/unisalesiano.com.br\/aracatuba\/#website\",\"url\":\"https:\/\/unisalesiano.com.br\/aracatuba\/\",\"name\":\"UniSALESIANO Ara\\u00e7atuba\/SP\",\"description\":\"Centro Universit\\u00e1rio Cat\\u00f3lico Salesiano Auxilium\",\"potentialAction\":[{\"@type\":\"SearchAction\",\"target\":{\"@type\":\"EntryPoint\",\"urlTemplate\":\"https:\/\/unisalesiano.com.br\/aracatuba\/?s={search_term_string}\"},\"query-input\":\"required name=search_term_string\"}],\"inLanguage\":\"pt-BR\"},{\"@type\":\"ImageObject\",\"@id\":\"https:\/\/unisalesiano.com.br\/aracatuba\/1o-escola-de-pais-2024-e-realizada-em-comemoracao-aos-75-anos-de-presenca-salesiana-em-aracatuba\/#primaryimage\",\"inLanguage\":\"pt-BR\",\"url\":\"https:\/\/unisalesiano.com.br\/aracatuba\/wp-content\/uploads\/2024\/10\/Captura-de-tela-2024-10-25-163105.png\",\"contentUrl\":\"https:\/\/unisalesiano.com.br\/aracatuba\/wp-content\/uploads\/2024\/10\/Captura-de-tela-2024-10-25-163105.png\",\"width\":1087,\"height\":706},{\"@type\":\"WebPage\",\"@id\":\"https:\/\/unisalesiano.com.br\/aracatuba\/1o-escola-de-pais-2024-e-realizada-em-comemoracao-aos-75-anos-de-presenca-salesiana-em-aracatuba\/#webpage\",\"url\":\"https:\/\/unisalesiano.com.br\/aracatuba\/1o-escola-de-pais-2024-e-realizada-em-comemoracao-aos-75-anos-de-presenca-salesiana-em-aracatuba\/\",\"name\":\"1\\u00ba Escola de Pais 2024 \\u00e9 realizada em comemora\\u00e7\\u00e3o aos 75 anos de presen\\u00e7a salesiana em Ara\\u00e7atuba - UniSALESIANO Ara\\u00e7atuba\/SP\",\"isPartOf\":{\"@id\":\"https:\/\/unisalesiano.com.br\/aracatuba\/#website\"},\"primaryImageOfPage\":{\"@id\":\"https:\/\/unisalesiano.com.br\/aracatuba\/1o-escola-de-pais-2024-e-realizada-em-comemoracao-aos-75-anos-de-presenca-salesiana-em-aracatuba\/#primaryimage\"},\"datePublished\":\"2024-10-25T19:51:07+00:00\",\"dateModified\":\"2024-10-25T19:51:07+00:00\",\"author\":{\"@id\":\"https:\/\/unisalesiano.com.br\/aracatuba\/#\/schema\/person\/964caaa63bddcf301b320e385db5203a\"},\"breadcrumb\":{\"@id\":\"https:\/\/unisalesiano.com.br\/aracatuba\/1o-escola-de-pais-2024-e-realizada-em-comemoracao-aos-75-anos-de-presenca-salesiana-em-aracatuba\/#breadcrumb\"},\"inLanguage\":\"pt-BR\",\"potentialAction\":[{\"@type\":\"ReadAction\",\"target\":[\"https:\/\/unisalesiano.com.br\/aracatuba\/1o-escola-de-pais-2024-e-realizada-em-comemoracao-aos-75-anos-de-presenca-salesiana-em-aracatuba\/\"]}]},{\"@type\":\"BreadcrumbList\",\"@id\":\"https:\/\/unisalesiano.com.br\/aracatuba\/1o-escola-de-pais-2024-e-realizada-em-comemoracao-aos-75-anos-de-presenca-salesiana-em-aracatuba\/#breadcrumb\",\"itemListElement\":[{\"@type\":\"ListItem\",\"position\":1,\"name\":\"In\\u00edcio\",\"item\":\"https:\/\/unisalesiano.com.br\/aracatuba\/\"},{\"@type\":\"ListItem\",\"position\":2,\"name\":\"1\\u00ba Escola de Pais 2024 \\u00e9 realizada em comemora\\u00e7\\u00e3o aos 75 anos de presen\\u00e7a salesiana em Ara\\u00e7atuba\"}]},{\"@type\":\"Person\",\"@id\":\"https:\/\/unisalesiano.com.br\/aracatuba\/#\/schema\/person\/964caaa63bddcf301b320e385db5203a\",\"name\":\"Monique Bueno\",\"image\":{\"@type\":\"ImageObject\",\"@id\":\"https:\/\/unisalesiano.com.br\/aracatuba\/#personlogo\",\"inLanguage\":\"pt-BR\",\"url\":\"https:\/\/secure.gravatar.com\/avatar\/1680078f9a9fb86c36e76e0928e948cfd68a43bbc313c1bad27d1e48b49b308d?s=96&d=mm&r=g\",\"contentUrl\":\"https:\/\/secure.gravatar.com\/avatar\/1680078f9a9fb86c36e76e0928e948cfd68a43bbc313c1bad27d1e48b49b308d?s=96&d=mm&r=g\",\"caption\":\"Monique Bueno\"},\"url\":\"https:\/\/unisalesiano.com.br\/aracatuba\/author\/monique\/\"}]}<\/script>\n<!-- \/ Yoast SEO plugin. -->","yoast_head_json":{"title":"1\u00ba Escola de Pais 2024 \u00e9 realizada em comemora\u00e7\u00e3o aos 75 anos de presen\u00e7a salesiana em Ara\u00e7atuba - UniSALESIANO Ara\u00e7atuba\/SP","robots":{"index":"index","follow":"follow","max-snippet":"max-snippet:-1","max-image-preview":"max-image-preview:large","max-video-preview":"max-video-preview:-1"},"canonical":"https:\/\/unisalesiano.com.br\/aracatuba\/1o-escola-de-pais-2024-e-realizada-em-comemoracao-aos-75-anos-de-presenca-salesiana-em-aracatuba\/","og_locale":"pt_BR","og_type":"article","og_title":"1\u00ba Escola de Pais 2024 \u00e9 realizada em comemora\u00e7\u00e3o aos 75 anos de presen\u00e7a salesiana em Ara\u00e7atuba - UniSALESIANO Ara\u00e7atuba\/SP","og_description":"O Col\u00e9gio Salesiano \u201cDom Luiz Lasagna\u201d promoveu a 1\u00ba Escola de Pais do ano de 2024, celebrando 75 anos da presen\u00e7a salesiana em Ara\u00e7atuba e com o objetivo de destacar o papel fundamental dos pais na educa\u00e7\u00e3o das novas gera\u00e7\u00f5es. O encontro, que contou com a presen\u00e7a de autoridades acad\u00eamicas, familiares, professores e coordenadores, aconteceu [&hellip;]","og_url":"https:\/\/unisalesiano.com.br\/aracatuba\/1o-escola-de-pais-2024-e-realizada-em-comemoracao-aos-75-anos-de-presenca-salesiana-em-aracatuba\/","og_site_name":"UniSALESIANO Ara\u00e7atuba\/SP","article_published_time":"2024-10-25T19:51:07+00:00","og_image":[{"width":1087,"height":706,"url":"https:\/\/unisalesiano.com.br\/aracatuba\/wp-content\/uploads\/2024\/10\/Captura-de-tela-2024-10-25-163105.png","type":"image\/png"}],"twitter_card":"summary_large_image","twitter_misc":{"Escrito por":"Monique Bueno","Est. tempo de leitura":"3 minutos"},"schema":{"@context":"https:\/\/schema.org","@graph":[{"@type":"WebSite","@id":"https:\/\/unisalesiano.com.br\/aracatuba\/#website","url":"https:\/\/unisalesiano.com.br\/aracatuba\/","name":"UniSALESIANO Ara\u00e7atuba\/SP","description":"Centro Universit\u00e1rio Cat\u00f3lico Salesiano Auxilium","potentialAction":[{"@type":"SearchAction","target":{"@type":"EntryPoint","urlTemplate":"https:\/\/unisalesiano.com.br\/aracatuba\/?s={search_term_string}"},"query-input":"required name=search_term_string"}],"inLanguage":"pt-BR"},{"@type":"ImageObject","@id":"https:\/\/unisalesiano.com.br\/aracatuba\/1o-escola-de-pais-2024-e-realizada-em-comemoracao-aos-75-anos-de-presenca-salesiana-em-aracatuba\/#primaryimage","inLanguage":"pt-BR","url":"https:\/\/unisalesiano.com.br\/aracatuba\/wp-content\/uploads\/2024\/10\/Captura-de-tela-2024-10-25-163105.png","contentUrl":"https:\/\/unisalesiano.com.br\/aracatuba\/wp-content\/uploads\/2024\/10\/Captura-de-tela-2024-10-25-163105.png","width":1087,"height":706},{"@type":"WebPage","@id":"https:\/\/unisalesiano.com.br\/aracatuba\/1o-escola-de-pais-2024-e-realizada-em-comemoracao-aos-75-anos-de-presenca-salesiana-em-aracatuba\/#webpage","url":"https:\/\/unisalesiano.com.br\/aracatuba\/1o-escola-de-pais-2024-e-realizada-em-comemoracao-aos-75-anos-de-presenca-salesiana-em-aracatuba\/","name":"1\u00ba Escola de Pais 2024 \u00e9 realizada em comemora\u00e7\u00e3o aos 75 anos de presen\u00e7a salesiana em Ara\u00e7atuba - UniSALESIANO Ara\u00e7atuba\/SP","isPartOf":{"@id":"https:\/\/unisalesiano.com.br\/aracatuba\/#website"},"primaryImageOfPage":{"@id":"https:\/\/unisalesiano.com.br\/aracatuba\/1o-escola-de-pais-2024-e-realizada-em-comemoracao-aos-75-anos-de-presenca-salesiana-em-aracatuba\/#primaryimage"},"datePublished":"2024-10-25T19:51:07+00:00","dateModified":"2024-10-25T19:51:07+00:00","author":{"@id":"https:\/\/unisalesiano.com.br\/aracatuba\/#\/schema\/person\/964caaa63bddcf301b320e385db5203a"},"breadcrumb":{"@id":"https:\/\/unisalesiano.com.br\/aracatuba\/1o-escola-de-pais-2024-e-realizada-em-comemoracao-aos-75-anos-de-presenca-salesiana-em-aracatuba\/#breadcrumb"},"inLanguage":"pt-BR","potentialAction":[{"@type":"ReadAction","target":["https:\/\/unisalesiano.com.br\/aracatuba\/1o-escola-de-pais-2024-e-realizada-em-comemoracao-aos-75-anos-de-presenca-salesiana-em-aracatuba\/"]}]},{"@type":"BreadcrumbList","@id":"https:\/\/unisalesiano.com.br\/aracatuba\/1o-escola-de-pais-2024-e-realizada-em-comemoracao-aos-75-anos-de-presenca-salesiana-em-aracatuba\/#breadcrumb","itemListElement":[{"@type":"ListItem","position":1,"name":"In\u00edcio","item":"https:\/\/unisalesiano.com.br\/aracatuba\/"},{"@type":"ListItem","position":2,"name":"1\u00ba Escola de Pais 2024 \u00e9 realizada em comemora\u00e7\u00e3o aos 75 anos de presen\u00e7a salesiana em Ara\u00e7atuba"}]},{"@type":"Person","@id":"https:\/\/unisalesiano.com.br\/aracatuba\/#\/schema\/person\/964caaa63bddcf301b320e385db5203a","name":"Monique Bueno","image":{"@type":"ImageObject","@id":"https:\/\/unisalesiano.com.br\/aracatuba\/#personlogo","inLanguage":"pt-BR","url":"https:\/\/secure.gravatar.com\/avatar\/1680078f9a9fb86c36e76e0928e948cfd68a43bbc313c1bad27d1e48b49b308d?s=96&d=mm&r=g","contentUrl":"https:\/\/secure.gravatar.com\/avatar\/1680078f9a9fb86c36e76e0928e948cfd68a43bbc313c1bad27d1e48b49b308d?s=96&d=mm&r=g","caption":"Monique Bueno"},"url":"https:\/\/unisalesiano.com.br\/aracatuba\/author\/monique\/"}]}},"_links":{"self":[{"href":"https:\/\/unisalesiano.com.br\/aracatuba\/wp-json\/wp\/v2\/posts\/44393","targetHints":{"allow":["GET"]}}],"collection":[{"href":"https:\/\/unisalesiano.com.br\/aracatuba\/wp-json\/wp\/v2\/posts"}],"about":[{"href":"https:\/\/unisalesiano.com.br\/aracatuba\/wp-json\/wp\/v2\/types\/post"}],"author":[{"embeddable":true,"href":"https:\/\/unisalesiano.com.br\/aracatuba\/wp-json\/wp\/v2\/users\/3"}],"replies":[{"embeddable":true,"href":"https:\/\/unisalesiano.com.br\/aracatuba\/wp-json\/wp\/v2\/comments?post=44393"}],"version-history":[{"count":0,"href":"https:\/\/unisalesiano.com.br\/aracatuba\/wp-json\/wp\/v2\/posts\/44393\/revisions"}],"wp:featuredmedia":[{"embeddable":true,"href":"https:\/\/unisalesiano.com.br\/aracatuba\/wp-json\/wp\/v2\/media\/44394"}],"wp:attachment":[{"href":"https:\/\/unisalesiano.com.br\/aracatuba\/wp-json\/wp\/v2\/media?parent=44393"}],"wp:term":[{"taxonomy":"category","embeddable":true,"href":"https:\/\/unisalesiano.com.br\/aracatuba\/wp-json\/wp\/v2\/categories?post=44393"},{"taxonomy":"post_tag","embeddable":true,"href":"https:\/\/unisalesiano.com.br\/aracatuba\/wp-json\/wp\/v2\/tags?post=44393"}],"curies":[{"name":"wp","href":"https:\/\/api.w.org\/{rel}","templated":true}]}}