{"id":43534,"date":"2024-09-11T15:29:20","date_gmt":"2024-09-11T18:29:20","guid":{"rendered":"https:\/\/unisalesiano.com.br\/aracatuba\/?p=43534"},"modified":"2024-09-12T08:44:11","modified_gmt":"2024-09-12T11:44:11","slug":"unisalesiano-celebra-o-dia-do-administrador-com-palestra-inspiradora-e-confraternizacao","status":"publish","type":"post","link":"https:\/\/unisalesiano.com.br\/aracatuba\/unisalesiano-celebra-o-dia-do-administrador-com-palestra-inspiradora-e-confraternizacao\/","title":{"rendered":"UniSALESIANO celebra o Dia do Administrador com palestra inspiradora e confraterniza\u00e7\u00e3o"},"content":{"rendered":"<p>O UniSALESIANO realizou, no dia 9 de setembro, em evento celebrativo em homenagem ao <strong>Dia do Administrador<\/strong>, reunindo acad\u00eamicos de todas as turmas do <strong>Curso de Administra\u00e7\u00e3o<\/strong>, no audit\u00f3rio do Bloco D, do Centro de Conviv\u00eancia da Institui\u00e7\u00e3o.<\/p>\n<p>A noite teve in\u00edcio com uma abertura musical com a banda de egressos da Administra\u00e7\u00e3o, Antony Bozolan, Leonardo Travasso Stringhetta, Jo\u00e3o Henrique Domingos de Paula e Leonardo Samuel Gonzaga da Silva Vargas, que preparou o p\u00fablico para a palestra intitulada <strong>&#8220;Uma Hist\u00f3ria de Sucesso&#8221;<\/strong>, ministrada por <strong>Nat\u00e1lia Marino<\/strong>, empres\u00e1ria e propriet\u00e1ria da rede de pizzarias Don Marino. Durante a palestra, Nat\u00e1lia compartilhou sua inspiradora trajet\u00f3ria profissional, contando como conseguiu transformar sua paix\u00e3o pela gastronomia em uma bem-sucedida rede de pizzarias.<\/p>\n<p>Ela relatou os desafios que enfrentou no in\u00edcio de sua carreira e deu dicas valiosas sobre empreendedorismo e gest\u00e3o, motivando os alunos presentes a perseguirem seus sonhos com dedica\u00e7\u00e3o e perseveran\u00e7a.<\/p>\n<p>E a noite foi encerrada com uma confraterniza\u00e7\u00e3o, onde foram servidos salgadinhos, refrigerantes e, claro, pizzas oferecidas pela Don Marino, em uma verdadeira &#8220;pizzada&#8221; para os participantes.<\/p>\n<p><img loading=\"lazy\" decoding=\"async\" class=\"aligncenter wp-image-43544\" src=\"https:\/\/unisalesiano.com.br\/aracatuba\/wp-content\/uploads\/2024\/09\/WhatsApp-Image-2024-09-10-at-09.15.34.jpeg\" alt=\"\" width=\"889\" height=\"500\" srcset=\"https:\/\/unisalesiano.com.br\/aracatuba\/wp-content\/uploads\/2024\/09\/WhatsApp-Image-2024-09-10-at-09.15.34.jpeg 1599w, https:\/\/unisalesiano.com.br\/aracatuba\/wp-content\/uploads\/2024\/09\/WhatsApp-Image-2024-09-10-at-09.15.34-300x169.jpeg 300w, https:\/\/unisalesiano.com.br\/aracatuba\/wp-content\/uploads\/2024\/09\/WhatsApp-Image-2024-09-10-at-09.15.34-1024x576.jpeg 1024w, https:\/\/unisalesiano.com.br\/aracatuba\/wp-content\/uploads\/2024\/09\/WhatsApp-Image-2024-09-10-at-09.15.34-768x432.jpeg 768w, https:\/\/unisalesiano.com.br\/aracatuba\/wp-content\/uploads\/2024\/09\/WhatsApp-Image-2024-09-10-at-09.15.34-1536x864.jpeg 1536w\" sizes=\"auto, (max-width: 889px) 100vw, 889px\" \/><\/p>\n","protected":false},"excerpt":{"rendered":"<p>O UniSALESIANO realizou, no dia 9 de setembro, em evento celebrativo em homenagem ao Dia do Administrador, reunindo acad\u00eamicos de todas as turmas do Curso de Administra\u00e7\u00e3o, no audit\u00f3rio do Bloco D, do Centro de Conviv\u00eancia da Institui\u00e7\u00e3o. A noite teve in\u00edcio com uma abertura musical com a banda de egressos da Administra\u00e7\u00e3o, Antony Bozolan, [&hellip;]<\/p>\n","protected":false},"author":3,"featured_media":43535,"comment_status":"open","ping_status":"open","sticky":false,"template":"","format":"standard","meta":{"footnotes":""},"categories":[11,8],"tags":[77,103,1265,16],"class_list":["post-43534","post","type-post","status-publish","format-standard","has-post-thumbnail","hentry","category-institucional","category-sociais","tag-administracao","tag-aracatuba","tag-dia-do-administrador","tag-unisalesiano"],"yoast_head":"<!-- This site is optimized with the Yoast SEO plugin v17.4 - https:\/\/yoast.com\/wordpress\/plugins\/seo\/ -->\n<title>UniSALESIANO celebra o Dia do Administrador com palestra inspiradora e confraterniza\u00e7\u00e3o - UniSALESIANO Ara\u00e7atuba\/SP<\/title>\n<meta name=\"robots\" content=\"index, follow, max-snippet:-1, max-image-preview:large, max-video-preview:-1\" \/>\n<link rel=\"canonical\" href=\"https:\/\/unisalesiano.com.br\/aracatuba\/unisalesiano-celebra-o-dia-do-administrador-com-palestra-inspiradora-e-confraternizacao\/\" \/>\n<meta property=\"og:locale\" content=\"pt_BR\" \/>\n<meta property=\"og:type\" content=\"article\" \/>\n<meta property=\"og:title\" content=\"UniSALESIANO celebra o Dia do Administrador com palestra inspiradora e confraterniza\u00e7\u00e3o - UniSALESIANO Ara\u00e7atuba\/SP\" \/>\n<meta property=\"og:description\" content=\"O UniSALESIANO realizou, no dia 9 de setembro, em evento celebrativo em homenagem ao Dia do Administrador, reunindo acad\u00eamicos de todas as turmas do Curso de Administra\u00e7\u00e3o, no audit\u00f3rio do Bloco D, do Centro de Conviv\u00eancia da Institui\u00e7\u00e3o. A noite teve in\u00edcio com uma abertura musical com a banda de egressos da Administra\u00e7\u00e3o, Antony Bozolan, [&hellip;]\" \/>\n<meta property=\"og:url\" content=\"https:\/\/unisalesiano.com.br\/aracatuba\/unisalesiano-celebra-o-dia-do-administrador-com-palestra-inspiradora-e-confraternizacao\/\" \/>\n<meta property=\"og:site_name\" content=\"UniSALESIANO Ara\u00e7atuba\/SP\" \/>\n<meta property=\"article:published_time\" content=\"2024-09-11T18:29:20+00:00\" \/>\n<meta property=\"article:modified_time\" content=\"2024-09-12T11:44:11+00:00\" \/>\n<meta property=\"og:image\" content=\"https:\/\/unisalesiano.com.br\/aracatuba\/wp-content\/uploads\/2024\/09\/WhatsApp-Image-2024-09-10-at-09.15.41.jpeg\" \/>\n\t<meta property=\"og:image:width\" content=\"899\" \/>\n\t<meta property=\"og:image:height\" content=\"818\" \/>\n<meta name=\"twitter:card\" content=\"summary_large_image\" \/>\n<meta name=\"twitter:label1\" content=\"Escrito por\" \/>\n\t<meta name=\"twitter:data1\" content=\"Monique Bueno\" \/>\n\t<meta name=\"twitter:label2\" content=\"Est. tempo de leitura\" \/>\n\t<meta name=\"twitter:data2\" content=\"1 minuto\" \/>\n<script type=\"application\/ld+json\" class=\"yoast-schema-graph\">{\"@context\":\"https:\/\/schema.org\",\"@graph\":[{\"@type\":\"WebSite\",\"@id\":\"https:\/\/unisalesiano.com.br\/aracatuba\/#website\",\"url\":\"https:\/\/unisalesiano.com.br\/aracatuba\/\",\"name\":\"UniSALESIANO Ara\\u00e7atuba\/SP\",\"description\":\"Centro Universit\\u00e1rio Cat\\u00f3lico Salesiano Auxilium\",\"potentialAction\":[{\"@type\":\"SearchAction\",\"target\":{\"@type\":\"EntryPoint\",\"urlTemplate\":\"https:\/\/unisalesiano.com.br\/aracatuba\/?s={search_term_string}\"},\"query-input\":\"required name=search_term_string\"}],\"inLanguage\":\"pt-BR\"},{\"@type\":\"ImageObject\",\"@id\":\"https:\/\/unisalesiano.com.br\/aracatuba\/unisalesiano-celebra-o-dia-do-administrador-com-palestra-inspiradora-e-confraternizacao\/#primaryimage\",\"inLanguage\":\"pt-BR\",\"url\":\"https:\/\/unisalesiano.com.br\/aracatuba\/wp-content\/uploads\/2024\/09\/WhatsApp-Image-2024-09-10-at-09.15.41.jpeg\",\"contentUrl\":\"https:\/\/unisalesiano.com.br\/aracatuba\/wp-content\/uploads\/2024\/09\/WhatsApp-Image-2024-09-10-at-09.15.41.jpeg\",\"width\":899,\"height\":818},{\"@type\":\"WebPage\",\"@id\":\"https:\/\/unisalesiano.com.br\/aracatuba\/unisalesiano-celebra-o-dia-do-administrador-com-palestra-inspiradora-e-confraternizacao\/#webpage\",\"url\":\"https:\/\/unisalesiano.com.br\/aracatuba\/unisalesiano-celebra-o-dia-do-administrador-com-palestra-inspiradora-e-confraternizacao\/\",\"name\":\"UniSALESIANO celebra o Dia do Administrador com palestra inspiradora e confraterniza\\u00e7\\u00e3o - UniSALESIANO Ara\\u00e7atuba\/SP\",\"isPartOf\":{\"@id\":\"https:\/\/unisalesiano.com.br\/aracatuba\/#website\"},\"primaryImageOfPage\":{\"@id\":\"https:\/\/unisalesiano.com.br\/aracatuba\/unisalesiano-celebra-o-dia-do-administrador-com-palestra-inspiradora-e-confraternizacao\/#primaryimage\"},\"datePublished\":\"2024-09-11T18:29:20+00:00\",\"dateModified\":\"2024-09-12T11:44:11+00:00\",\"author\":{\"@id\":\"https:\/\/unisalesiano.com.br\/aracatuba\/#\/schema\/person\/964caaa63bddcf301b320e385db5203a\"},\"breadcrumb\":{\"@id\":\"https:\/\/unisalesiano.com.br\/aracatuba\/unisalesiano-celebra-o-dia-do-administrador-com-palestra-inspiradora-e-confraternizacao\/#breadcrumb\"},\"inLanguage\":\"pt-BR\",\"potentialAction\":[{\"@type\":\"ReadAction\",\"target\":[\"https:\/\/unisalesiano.com.br\/aracatuba\/unisalesiano-celebra-o-dia-do-administrador-com-palestra-inspiradora-e-confraternizacao\/\"]}]},{\"@type\":\"BreadcrumbList\",\"@id\":\"https:\/\/unisalesiano.com.br\/aracatuba\/unisalesiano-celebra-o-dia-do-administrador-com-palestra-inspiradora-e-confraternizacao\/#breadcrumb\",\"itemListElement\":[{\"@type\":\"ListItem\",\"position\":1,\"name\":\"In\\u00edcio\",\"item\":\"https:\/\/unisalesiano.com.br\/aracatuba\/\"},{\"@type\":\"ListItem\",\"position\":2,\"name\":\"UniSALESIANO celebra o Dia do Administrador com palestra inspiradora e confraterniza\\u00e7\\u00e3o\"}]},{\"@type\":\"Person\",\"@id\":\"https:\/\/unisalesiano.com.br\/aracatuba\/#\/schema\/person\/964caaa63bddcf301b320e385db5203a\",\"name\":\"Monique Bueno\",\"image\":{\"@type\":\"ImageObject\",\"@id\":\"https:\/\/unisalesiano.com.br\/aracatuba\/#personlogo\",\"inLanguage\":\"pt-BR\",\"url\":\"https:\/\/secure.gravatar.com\/avatar\/1680078f9a9fb86c36e76e0928e948cfd68a43bbc313c1bad27d1e48b49b308d?s=96&d=mm&r=g\",\"contentUrl\":\"https:\/\/secure.gravatar.com\/avatar\/1680078f9a9fb86c36e76e0928e948cfd68a43bbc313c1bad27d1e48b49b308d?s=96&d=mm&r=g\",\"caption\":\"Monique Bueno\"},\"url\":\"https:\/\/unisalesiano.com.br\/aracatuba\/author\/monique\/\"}]}<\/script>\n<!-- \/ Yoast SEO plugin. -->","yoast_head_json":{"title":"UniSALESIANO celebra o Dia do Administrador com palestra inspiradora e confraterniza\u00e7\u00e3o - UniSALESIANO Ara\u00e7atuba\/SP","robots":{"index":"index","follow":"follow","max-snippet":"max-snippet:-1","max-image-preview":"max-image-preview:large","max-video-preview":"max-video-preview:-1"},"canonical":"https:\/\/unisalesiano.com.br\/aracatuba\/unisalesiano-celebra-o-dia-do-administrador-com-palestra-inspiradora-e-confraternizacao\/","og_locale":"pt_BR","og_type":"article","og_title":"UniSALESIANO celebra o Dia do Administrador com palestra inspiradora e confraterniza\u00e7\u00e3o - UniSALESIANO Ara\u00e7atuba\/SP","og_description":"O UniSALESIANO realizou, no dia 9 de setembro, em evento celebrativo em homenagem ao Dia do Administrador, reunindo acad\u00eamicos de todas as turmas do Curso de Administra\u00e7\u00e3o, no audit\u00f3rio do Bloco D, do Centro de Conviv\u00eancia da Institui\u00e7\u00e3o. A noite teve in\u00edcio com uma abertura musical com a banda de egressos da Administra\u00e7\u00e3o, Antony Bozolan, [&hellip;]","og_url":"https:\/\/unisalesiano.com.br\/aracatuba\/unisalesiano-celebra-o-dia-do-administrador-com-palestra-inspiradora-e-confraternizacao\/","og_site_name":"UniSALESIANO Ara\u00e7atuba\/SP","article_published_time":"2024-09-11T18:29:20+00:00","article_modified_time":"2024-09-12T11:44:11+00:00","og_image":[{"width":899,"height":818,"url":"https:\/\/unisalesiano.com.br\/aracatuba\/wp-content\/uploads\/2024\/09\/WhatsApp-Image-2024-09-10-at-09.15.41.jpeg","type":"image\/jpeg"}],"twitter_card":"summary_large_image","twitter_misc":{"Escrito por":"Monique Bueno","Est. tempo de leitura":"1 minuto"},"schema":{"@context":"https:\/\/schema.org","@graph":[{"@type":"WebSite","@id":"https:\/\/unisalesiano.com.br\/aracatuba\/#website","url":"https:\/\/unisalesiano.com.br\/aracatuba\/","name":"UniSALESIANO Ara\u00e7atuba\/SP","description":"Centro Universit\u00e1rio Cat\u00f3lico Salesiano Auxilium","potentialAction":[{"@type":"SearchAction","target":{"@type":"EntryPoint","urlTemplate":"https:\/\/unisalesiano.com.br\/aracatuba\/?s={search_term_string}"},"query-input":"required name=search_term_string"}],"inLanguage":"pt-BR"},{"@type":"ImageObject","@id":"https:\/\/unisalesiano.com.br\/aracatuba\/unisalesiano-celebra-o-dia-do-administrador-com-palestra-inspiradora-e-confraternizacao\/#primaryimage","inLanguage":"pt-BR","url":"https:\/\/unisalesiano.com.br\/aracatuba\/wp-content\/uploads\/2024\/09\/WhatsApp-Image-2024-09-10-at-09.15.41.jpeg","contentUrl":"https:\/\/unisalesiano.com.br\/aracatuba\/wp-content\/uploads\/2024\/09\/WhatsApp-Image-2024-09-10-at-09.15.41.jpeg","width":899,"height":818},{"@type":"WebPage","@id":"https:\/\/unisalesiano.com.br\/aracatuba\/unisalesiano-celebra-o-dia-do-administrador-com-palestra-inspiradora-e-confraternizacao\/#webpage","url":"https:\/\/unisalesiano.com.br\/aracatuba\/unisalesiano-celebra-o-dia-do-administrador-com-palestra-inspiradora-e-confraternizacao\/","name":"UniSALESIANO celebra o Dia do Administrador com palestra inspiradora e confraterniza\u00e7\u00e3o - UniSALESIANO Ara\u00e7atuba\/SP","isPartOf":{"@id":"https:\/\/unisalesiano.com.br\/aracatuba\/#website"},"primaryImageOfPage":{"@id":"https:\/\/unisalesiano.com.br\/aracatuba\/unisalesiano-celebra-o-dia-do-administrador-com-palestra-inspiradora-e-confraternizacao\/#primaryimage"},"datePublished":"2024-09-11T18:29:20+00:00","dateModified":"2024-09-12T11:44:11+00:00","author":{"@id":"https:\/\/unisalesiano.com.br\/aracatuba\/#\/schema\/person\/964caaa63bddcf301b320e385db5203a"},"breadcrumb":{"@id":"https:\/\/unisalesiano.com.br\/aracatuba\/unisalesiano-celebra-o-dia-do-administrador-com-palestra-inspiradora-e-confraternizacao\/#breadcrumb"},"inLanguage":"pt-BR","potentialAction":[{"@type":"ReadAction","target":["https:\/\/unisalesiano.com.br\/aracatuba\/unisalesiano-celebra-o-dia-do-administrador-com-palestra-inspiradora-e-confraternizacao\/"]}]},{"@type":"BreadcrumbList","@id":"https:\/\/unisalesiano.com.br\/aracatuba\/unisalesiano-celebra-o-dia-do-administrador-com-palestra-inspiradora-e-confraternizacao\/#breadcrumb","itemListElement":[{"@type":"ListItem","position":1,"name":"In\u00edcio","item":"https:\/\/unisalesiano.com.br\/aracatuba\/"},{"@type":"ListItem","position":2,"name":"UniSALESIANO celebra o Dia do Administrador com palestra inspiradora e confraterniza\u00e7\u00e3o"}]},{"@type":"Person","@id":"https:\/\/unisalesiano.com.br\/aracatuba\/#\/schema\/person\/964caaa63bddcf301b320e385db5203a","name":"Monique Bueno","image":{"@type":"ImageObject","@id":"https:\/\/unisalesiano.com.br\/aracatuba\/#personlogo","inLanguage":"pt-BR","url":"https:\/\/secure.gravatar.com\/avatar\/1680078f9a9fb86c36e76e0928e948cfd68a43bbc313c1bad27d1e48b49b308d?s=96&d=mm&r=g","contentUrl":"https:\/\/secure.gravatar.com\/avatar\/1680078f9a9fb86c36e76e0928e948cfd68a43bbc313c1bad27d1e48b49b308d?s=96&d=mm&r=g","caption":"Monique Bueno"},"url":"https:\/\/unisalesiano.com.br\/aracatuba\/author\/monique\/"}]}},"_links":{"self":[{"href":"https:\/\/unisalesiano.com.br\/aracatuba\/wp-json\/wp\/v2\/posts\/43534","targetHints":{"allow":["GET"]}}],"collection":[{"href":"https:\/\/unisalesiano.com.br\/aracatuba\/wp-json\/wp\/v2\/posts"}],"about":[{"href":"https:\/\/unisalesiano.com.br\/aracatuba\/wp-json\/wp\/v2\/types\/post"}],"author":[{"embeddable":true,"href":"https:\/\/unisalesiano.com.br\/aracatuba\/wp-json\/wp\/v2\/users\/3"}],"replies":[{"embeddable":true,"href":"https:\/\/unisalesiano.com.br\/aracatuba\/wp-json\/wp\/v2\/comments?post=43534"}],"version-history":[{"count":0,"href":"https:\/\/unisalesiano.com.br\/aracatuba\/wp-json\/wp\/v2\/posts\/43534\/revisions"}],"wp:featuredmedia":[{"embeddable":true,"href":"https:\/\/unisalesiano.com.br\/aracatuba\/wp-json\/wp\/v2\/media\/43535"}],"wp:attachment":[{"href":"https:\/\/unisalesiano.com.br\/aracatuba\/wp-json\/wp\/v2\/media?parent=43534"}],"wp:term":[{"taxonomy":"category","embeddable":true,"href":"https:\/\/unisalesiano.com.br\/aracatuba\/wp-json\/wp\/v2\/categories?post=43534"},{"taxonomy":"post_tag","embeddable":true,"href":"https:\/\/unisalesiano.com.br\/aracatuba\/wp-json\/wp\/v2\/tags?post=43534"}],"curies":[{"name":"wp","href":"https:\/\/api.w.org\/{rel}","templated":true}]}}