{"id":43513,"date":"2024-09-09T14:54:52","date_gmt":"2024-09-09T17:54:52","guid":{"rendered":"https:\/\/unisalesiano.com.br\/aracatuba\/?p=43513"},"modified":"2024-09-09T14:54:52","modified_gmt":"2024-09-09T17:54:52","slug":"unisalesiano-participa-da-10a-conferencia-ius-america-em-campos-do-jordao","status":"publish","type":"post","link":"https:\/\/unisalesiano.com.br\/aracatuba\/unisalesiano-participa-da-10a-conferencia-ius-america-em-campos-do-jordao\/","title":{"rendered":"UniSALESIANO participa da 10\u00aa Confer\u00eancia IUS Am\u00e9rica, em Campos do Jord\u00e3o"},"content":{"rendered":"<p>O <strong>UniSALESIANO<\/strong> marcou presen\u00e7a na <strong>10\u00aa Confer\u00eancia Continental das Institui\u00e7\u00f5es Salesianas de Educa\u00e7\u00e3o Superior \u2013 IUS \u2013 Am\u00e9rica<\/strong>, realizada em Campos do Jord\u00e3o (SP), entre os dias 1\u00ba e 5 de setembro. A participa\u00e7\u00e3o da Institui\u00e7\u00e3o abrangeu discuss\u00f5es fundamentais nos \u00e2mbitos da pastoral universit\u00e1ria, qualidade da forma\u00e7\u00e3o dos estudantes, extens\u00e3o universit\u00e1ria e redes de bibliotecas, reafirmando seu compromisso com a excel\u00eancia educacional e a atua\u00e7\u00e3o em rede.<\/p>\n<p>O evento, que aconteceu na Vila Dom Bosco, reuniu autoridades da comunidade acad\u00eamica, docentes e pesquisadores de v\u00e1rias partes da Am\u00e9rica para discutir as diretrizes e avan\u00e7os no Ensino Superior Salesiano, conforme o Programa Comum 6, que compreende o per\u00edodo dos anos de 2022 a 2026.<\/p>\n<p>Entre os destaque, esteve a aprova\u00e7\u00e3o de planos de trabalho reformulados, a escolha das equipes de coordena\u00e7\u00e3o dos \u00e2mbitos e redes, al\u00e9m da assinatura de ades\u00e3o das institui\u00e7\u00f5es ao Programa Comum. Essas a\u00e7\u00f5es refletem o esfor\u00e7o conjunto para promover uma gest\u00e3o acad\u00eamica eficiente e o fortalecimento das pol\u00edticas de ensino, pesquisa e extens\u00e3o nas Institui\u00e7\u00f5es Universit\u00e1rias Salesianas.<\/p>\n<p>Outro ponto de destaque foi a palestra de abertura do evento, que contou com a presen\u00e7a da professora e pesquisadora Lucia Santaella, renomada divulgadora da semi\u00f3tica e do pensamento do fil\u00f3sofo Charles Peirce no Brasil. Sua participa\u00e7\u00e3o trouxe uma reflex\u00e3o profunda sobre os desafios contempor\u00e2neos da educa\u00e7\u00e3o e a IA &#8211; intelig\u00eancia Artificial.<\/p>\n<p>O <strong>Reitor do UniSALESIANO, Pe. Paulo Fernando Vendrame, SDB<\/strong>, explicou que a Institui\u00e7\u00e3o est\u00e1 participando em quatro \u00e2mbitos essenciais: pastoral universit\u00e1ria, qualidade da forma\u00e7\u00e3o dos estudantes, extens\u00e3o universit\u00e1ria e redes de bibliotecas, que agora incluem o conceito de bibliotecnologia \u2013 uma abordagem inovadora que disponibiliza o conhecimento de bibliotecas tanto em formatos f\u00edsicos quanto virtuais.<\/p>\n<p><strong>MISS\u00c3O<\/strong><\/p>\n<p>Na oportunidade, os membros da Reitoria do UniSALESIANO: <strong>Reitor, Pe. Paulo Vendrame<\/strong>, <strong>Vice-Reitor, Pe. Jo\u00e3o Marcos Ara\u00fajo Ramos<\/strong>, <strong>Pr\u00f3-Reitor de Pastoral, Pe. Paulo Eduardo J\u00e1como, SDB, Pr\u00f3-Reitora Administrativa, Vanda Aparecida Guilherme de Moura, e o Pr\u00f3-Reitor de Ensino, Pesquisa e Extens\u00e3o, Andr\u00e9 Ornellas<\/strong>, entregaram um certificado ao <strong>Dr. Edson Avila<\/strong>, Diretor da Faculdade Dom Bosco de Porto Alegre, em reconhecimento \u00e0 parceria na Miss\u00e3o Humanit\u00e1ria &#8220;Sa\u00fade N\u00e3o Espera&#8221;, destacada como um modelo de extens\u00e3o universit\u00e1ria de sucesso. Esse reconhecimento refor\u00e7a a import\u00e2ncia de estabelecer conex\u00f5es entre as institui\u00e7\u00f5es salesianas da Am\u00e9rica Latina, compartilhando experi\u00eancias que impactam positivamente a sociedade.<\/p>\n<p>Ao final da\u00a0 confer\u00eancia, foram anunciadas a pr\u00f3xima reuni\u00e3o mundial das IUS, que ocorrer\u00e1 em junho de 2026, em Roma, e a XI Confer\u00eancia IUS Am\u00e9rica, que est\u00e1 marcada para setembro de 2026, em Bogot\u00e1, Col\u00f4mbia.<\/p>\n<p><img loading=\"lazy\" decoding=\"async\" class=\"aligncenter wp-image-43519\" src=\"https:\/\/unisalesiano.com.br\/aracatuba\/wp-content\/uploads\/2024\/09\/WhatsApp-Image-2024-09-09-at-14.03.30.jpeg\" alt=\"\" width=\"375\" height=\"500\" srcset=\"https:\/\/unisalesiano.com.br\/aracatuba\/wp-content\/uploads\/2024\/09\/WhatsApp-Image-2024-09-09-at-14.03.30.jpeg 960w, https:\/\/unisalesiano.com.br\/aracatuba\/wp-content\/uploads\/2024\/09\/WhatsApp-Image-2024-09-09-at-14.03.30-225x300.jpeg 225w, https:\/\/unisalesiano.com.br\/aracatuba\/wp-content\/uploads\/2024\/09\/WhatsApp-Image-2024-09-09-at-14.03.30-768x1024.jpeg 768w\" sizes=\"auto, (max-width: 375px) 100vw, 375px\" \/><\/p>\n","protected":false},"excerpt":{"rendered":"<p>O UniSALESIANO marcou presen\u00e7a na 10\u00aa Confer\u00eancia Continental das Institui\u00e7\u00f5es Salesianas de Educa\u00e7\u00e3o Superior \u2013 IUS \u2013 Am\u00e9rica, realizada em Campos do Jord\u00e3o (SP), entre os dias 1\u00ba e 5 de setembro. A participa\u00e7\u00e3o da Institui\u00e7\u00e3o abrangeu discuss\u00f5es fundamentais nos \u00e2mbitos da pastoral universit\u00e1ria, qualidade da forma\u00e7\u00e3o dos estudantes, extens\u00e3o universit\u00e1ria e redes de bibliotecas, [&hellip;]<\/p>\n","protected":false},"author":3,"featured_media":43514,"comment_status":"open","ping_status":"open","sticky":false,"template":"","format":"standard","meta":{"footnotes":""},"categories":[11,10,9],"tags":[103,1056,97,16],"class_list":["post-43513","post","type-post","status-publish","format-standard","has-post-thumbnail","hentry","category-institucional","category-pastoral","category-reitoria","tag-aracatuba","tag-ius","tag-lins","tag-unisalesiano"],"yoast_head":"<!-- This site is optimized with the Yoast SEO plugin v17.4 - https:\/\/yoast.com\/wordpress\/plugins\/seo\/ -->\n<title>UniSALESIANO participa da 10\u00aa Confer\u00eancia IUS Am\u00e9rica, em Campos do Jord\u00e3o - UniSALESIANO Ara\u00e7atuba\/SP<\/title>\n<meta name=\"robots\" content=\"index, follow, max-snippet:-1, max-image-preview:large, max-video-preview:-1\" \/>\n<link rel=\"canonical\" href=\"https:\/\/unisalesiano.com.br\/aracatuba\/unisalesiano-participa-da-10a-conferencia-ius-america-em-campos-do-jordao\/\" \/>\n<meta property=\"og:locale\" content=\"pt_BR\" \/>\n<meta property=\"og:type\" content=\"article\" \/>\n<meta property=\"og:title\" content=\"UniSALESIANO participa da 10\u00aa Confer\u00eancia IUS Am\u00e9rica, em Campos do Jord\u00e3o - UniSALESIANO Ara\u00e7atuba\/SP\" \/>\n<meta property=\"og:description\" content=\"O UniSALESIANO marcou presen\u00e7a na 10\u00aa Confer\u00eancia Continental das Institui\u00e7\u00f5es Salesianas de Educa\u00e7\u00e3o Superior \u2013 IUS \u2013 Am\u00e9rica, realizada em Campos do Jord\u00e3o (SP), entre os dias 1\u00ba e 5 de setembro. A participa\u00e7\u00e3o da Institui\u00e7\u00e3o abrangeu discuss\u00f5es fundamentais nos \u00e2mbitos da pastoral universit\u00e1ria, qualidade da forma\u00e7\u00e3o dos estudantes, extens\u00e3o universit\u00e1ria e redes de bibliotecas, [&hellip;]\" \/>\n<meta property=\"og:url\" content=\"https:\/\/unisalesiano.com.br\/aracatuba\/unisalesiano-participa-da-10a-conferencia-ius-america-em-campos-do-jordao\/\" \/>\n<meta property=\"og:site_name\" content=\"UniSALESIANO Ara\u00e7atuba\/SP\" \/>\n<meta property=\"article:published_time\" content=\"2024-09-09T17:54:52+00:00\" \/>\n<meta property=\"og:image\" content=\"https:\/\/unisalesiano.com.br\/aracatuba\/wp-content\/uploads\/2024\/09\/WhatsApp-Image-2024-09-09-at-14.04.00.jpeg\" \/>\n\t<meta property=\"og:image:width\" content=\"1280\" \/>\n\t<meta property=\"og:image:height\" content=\"960\" \/>\n<meta name=\"twitter:card\" content=\"summary_large_image\" \/>\n<meta name=\"twitter:label1\" content=\"Escrito por\" \/>\n\t<meta name=\"twitter:data1\" content=\"Monique Bueno\" \/>\n\t<meta name=\"twitter:label2\" content=\"Est. tempo de leitura\" \/>\n\t<meta name=\"twitter:data2\" content=\"2 minutos\" \/>\n<script type=\"application\/ld+json\" class=\"yoast-schema-graph\">{\"@context\":\"https:\/\/schema.org\",\"@graph\":[{\"@type\":\"WebSite\",\"@id\":\"https:\/\/unisalesiano.com.br\/aracatuba\/#website\",\"url\":\"https:\/\/unisalesiano.com.br\/aracatuba\/\",\"name\":\"UniSALESIANO Ara\\u00e7atuba\/SP\",\"description\":\"Centro Universit\\u00e1rio Cat\\u00f3lico Salesiano Auxilium\",\"potentialAction\":[{\"@type\":\"SearchAction\",\"target\":{\"@type\":\"EntryPoint\",\"urlTemplate\":\"https:\/\/unisalesiano.com.br\/aracatuba\/?s={search_term_string}\"},\"query-input\":\"required name=search_term_string\"}],\"inLanguage\":\"pt-BR\"},{\"@type\":\"ImageObject\",\"@id\":\"https:\/\/unisalesiano.com.br\/aracatuba\/unisalesiano-participa-da-10a-conferencia-ius-america-em-campos-do-jordao\/#primaryimage\",\"inLanguage\":\"pt-BR\",\"url\":\"https:\/\/unisalesiano.com.br\/aracatuba\/wp-content\/uploads\/2024\/09\/WhatsApp-Image-2024-09-09-at-14.04.00.jpeg\",\"contentUrl\":\"https:\/\/unisalesiano.com.br\/aracatuba\/wp-content\/uploads\/2024\/09\/WhatsApp-Image-2024-09-09-at-14.04.00.jpeg\",\"width\":1280,\"height\":960},{\"@type\":\"WebPage\",\"@id\":\"https:\/\/unisalesiano.com.br\/aracatuba\/unisalesiano-participa-da-10a-conferencia-ius-america-em-campos-do-jordao\/#webpage\",\"url\":\"https:\/\/unisalesiano.com.br\/aracatuba\/unisalesiano-participa-da-10a-conferencia-ius-america-em-campos-do-jordao\/\",\"name\":\"UniSALESIANO participa da 10\\u00aa Confer\\u00eancia IUS Am\\u00e9rica, em Campos do Jord\\u00e3o - UniSALESIANO Ara\\u00e7atuba\/SP\",\"isPartOf\":{\"@id\":\"https:\/\/unisalesiano.com.br\/aracatuba\/#website\"},\"primaryImageOfPage\":{\"@id\":\"https:\/\/unisalesiano.com.br\/aracatuba\/unisalesiano-participa-da-10a-conferencia-ius-america-em-campos-do-jordao\/#primaryimage\"},\"datePublished\":\"2024-09-09T17:54:52+00:00\",\"dateModified\":\"2024-09-09T17:54:52+00:00\",\"author\":{\"@id\":\"https:\/\/unisalesiano.com.br\/aracatuba\/#\/schema\/person\/964caaa63bddcf301b320e385db5203a\"},\"breadcrumb\":{\"@id\":\"https:\/\/unisalesiano.com.br\/aracatuba\/unisalesiano-participa-da-10a-conferencia-ius-america-em-campos-do-jordao\/#breadcrumb\"},\"inLanguage\":\"pt-BR\",\"potentialAction\":[{\"@type\":\"ReadAction\",\"target\":[\"https:\/\/unisalesiano.com.br\/aracatuba\/unisalesiano-participa-da-10a-conferencia-ius-america-em-campos-do-jordao\/\"]}]},{\"@type\":\"BreadcrumbList\",\"@id\":\"https:\/\/unisalesiano.com.br\/aracatuba\/unisalesiano-participa-da-10a-conferencia-ius-america-em-campos-do-jordao\/#breadcrumb\",\"itemListElement\":[{\"@type\":\"ListItem\",\"position\":1,\"name\":\"In\\u00edcio\",\"item\":\"https:\/\/unisalesiano.com.br\/aracatuba\/\"},{\"@type\":\"ListItem\",\"position\":2,\"name\":\"UniSALESIANO participa da 10\\u00aa Confer\\u00eancia IUS Am\\u00e9rica, em Campos do Jord\\u00e3o\"}]},{\"@type\":\"Person\",\"@id\":\"https:\/\/unisalesiano.com.br\/aracatuba\/#\/schema\/person\/964caaa63bddcf301b320e385db5203a\",\"name\":\"Monique Bueno\",\"image\":{\"@type\":\"ImageObject\",\"@id\":\"https:\/\/unisalesiano.com.br\/aracatuba\/#personlogo\",\"inLanguage\":\"pt-BR\",\"url\":\"https:\/\/secure.gravatar.com\/avatar\/1680078f9a9fb86c36e76e0928e948cfd68a43bbc313c1bad27d1e48b49b308d?s=96&d=mm&r=g\",\"contentUrl\":\"https:\/\/secure.gravatar.com\/avatar\/1680078f9a9fb86c36e76e0928e948cfd68a43bbc313c1bad27d1e48b49b308d?s=96&d=mm&r=g\",\"caption\":\"Monique Bueno\"},\"url\":\"https:\/\/unisalesiano.com.br\/aracatuba\/author\/monique\/\"}]}<\/script>\n<!-- \/ Yoast SEO plugin. -->","yoast_head_json":{"title":"UniSALESIANO participa da 10\u00aa Confer\u00eancia IUS Am\u00e9rica, em Campos do Jord\u00e3o - UniSALESIANO Ara\u00e7atuba\/SP","robots":{"index":"index","follow":"follow","max-snippet":"max-snippet:-1","max-image-preview":"max-image-preview:large","max-video-preview":"max-video-preview:-1"},"canonical":"https:\/\/unisalesiano.com.br\/aracatuba\/unisalesiano-participa-da-10a-conferencia-ius-america-em-campos-do-jordao\/","og_locale":"pt_BR","og_type":"article","og_title":"UniSALESIANO participa da 10\u00aa Confer\u00eancia IUS Am\u00e9rica, em Campos do Jord\u00e3o - UniSALESIANO Ara\u00e7atuba\/SP","og_description":"O UniSALESIANO marcou presen\u00e7a na 10\u00aa Confer\u00eancia Continental das Institui\u00e7\u00f5es Salesianas de Educa\u00e7\u00e3o Superior \u2013 IUS \u2013 Am\u00e9rica, realizada em Campos do Jord\u00e3o (SP), entre os dias 1\u00ba e 5 de setembro. A participa\u00e7\u00e3o da Institui\u00e7\u00e3o abrangeu discuss\u00f5es fundamentais nos \u00e2mbitos da pastoral universit\u00e1ria, qualidade da forma\u00e7\u00e3o dos estudantes, extens\u00e3o universit\u00e1ria e redes de bibliotecas, [&hellip;]","og_url":"https:\/\/unisalesiano.com.br\/aracatuba\/unisalesiano-participa-da-10a-conferencia-ius-america-em-campos-do-jordao\/","og_site_name":"UniSALESIANO Ara\u00e7atuba\/SP","article_published_time":"2024-09-09T17:54:52+00:00","og_image":[{"width":1280,"height":960,"url":"https:\/\/unisalesiano.com.br\/aracatuba\/wp-content\/uploads\/2024\/09\/WhatsApp-Image-2024-09-09-at-14.04.00.jpeg","type":"image\/jpeg"}],"twitter_card":"summary_large_image","twitter_misc":{"Escrito por":"Monique Bueno","Est. tempo de leitura":"2 minutos"},"schema":{"@context":"https:\/\/schema.org","@graph":[{"@type":"WebSite","@id":"https:\/\/unisalesiano.com.br\/aracatuba\/#website","url":"https:\/\/unisalesiano.com.br\/aracatuba\/","name":"UniSALESIANO Ara\u00e7atuba\/SP","description":"Centro Universit\u00e1rio Cat\u00f3lico Salesiano Auxilium","potentialAction":[{"@type":"SearchAction","target":{"@type":"EntryPoint","urlTemplate":"https:\/\/unisalesiano.com.br\/aracatuba\/?s={search_term_string}"},"query-input":"required name=search_term_string"}],"inLanguage":"pt-BR"},{"@type":"ImageObject","@id":"https:\/\/unisalesiano.com.br\/aracatuba\/unisalesiano-participa-da-10a-conferencia-ius-america-em-campos-do-jordao\/#primaryimage","inLanguage":"pt-BR","url":"https:\/\/unisalesiano.com.br\/aracatuba\/wp-content\/uploads\/2024\/09\/WhatsApp-Image-2024-09-09-at-14.04.00.jpeg","contentUrl":"https:\/\/unisalesiano.com.br\/aracatuba\/wp-content\/uploads\/2024\/09\/WhatsApp-Image-2024-09-09-at-14.04.00.jpeg","width":1280,"height":960},{"@type":"WebPage","@id":"https:\/\/unisalesiano.com.br\/aracatuba\/unisalesiano-participa-da-10a-conferencia-ius-america-em-campos-do-jordao\/#webpage","url":"https:\/\/unisalesiano.com.br\/aracatuba\/unisalesiano-participa-da-10a-conferencia-ius-america-em-campos-do-jordao\/","name":"UniSALESIANO participa da 10\u00aa Confer\u00eancia IUS Am\u00e9rica, em Campos do Jord\u00e3o - UniSALESIANO Ara\u00e7atuba\/SP","isPartOf":{"@id":"https:\/\/unisalesiano.com.br\/aracatuba\/#website"},"primaryImageOfPage":{"@id":"https:\/\/unisalesiano.com.br\/aracatuba\/unisalesiano-participa-da-10a-conferencia-ius-america-em-campos-do-jordao\/#primaryimage"},"datePublished":"2024-09-09T17:54:52+00:00","dateModified":"2024-09-09T17:54:52+00:00","author":{"@id":"https:\/\/unisalesiano.com.br\/aracatuba\/#\/schema\/person\/964caaa63bddcf301b320e385db5203a"},"breadcrumb":{"@id":"https:\/\/unisalesiano.com.br\/aracatuba\/unisalesiano-participa-da-10a-conferencia-ius-america-em-campos-do-jordao\/#breadcrumb"},"inLanguage":"pt-BR","potentialAction":[{"@type":"ReadAction","target":["https:\/\/unisalesiano.com.br\/aracatuba\/unisalesiano-participa-da-10a-conferencia-ius-america-em-campos-do-jordao\/"]}]},{"@type":"BreadcrumbList","@id":"https:\/\/unisalesiano.com.br\/aracatuba\/unisalesiano-participa-da-10a-conferencia-ius-america-em-campos-do-jordao\/#breadcrumb","itemListElement":[{"@type":"ListItem","position":1,"name":"In\u00edcio","item":"https:\/\/unisalesiano.com.br\/aracatuba\/"},{"@type":"ListItem","position":2,"name":"UniSALESIANO participa da 10\u00aa Confer\u00eancia IUS Am\u00e9rica, em Campos do Jord\u00e3o"}]},{"@type":"Person","@id":"https:\/\/unisalesiano.com.br\/aracatuba\/#\/schema\/person\/964caaa63bddcf301b320e385db5203a","name":"Monique Bueno","image":{"@type":"ImageObject","@id":"https:\/\/unisalesiano.com.br\/aracatuba\/#personlogo","inLanguage":"pt-BR","url":"https:\/\/secure.gravatar.com\/avatar\/1680078f9a9fb86c36e76e0928e948cfd68a43bbc313c1bad27d1e48b49b308d?s=96&d=mm&r=g","contentUrl":"https:\/\/secure.gravatar.com\/avatar\/1680078f9a9fb86c36e76e0928e948cfd68a43bbc313c1bad27d1e48b49b308d?s=96&d=mm&r=g","caption":"Monique Bueno"},"url":"https:\/\/unisalesiano.com.br\/aracatuba\/author\/monique\/"}]}},"_links":{"self":[{"href":"https:\/\/unisalesiano.com.br\/aracatuba\/wp-json\/wp\/v2\/posts\/43513","targetHints":{"allow":["GET"]}}],"collection":[{"href":"https:\/\/unisalesiano.com.br\/aracatuba\/wp-json\/wp\/v2\/posts"}],"about":[{"href":"https:\/\/unisalesiano.com.br\/aracatuba\/wp-json\/wp\/v2\/types\/post"}],"author":[{"embeddable":true,"href":"https:\/\/unisalesiano.com.br\/aracatuba\/wp-json\/wp\/v2\/users\/3"}],"replies":[{"embeddable":true,"href":"https:\/\/unisalesiano.com.br\/aracatuba\/wp-json\/wp\/v2\/comments?post=43513"}],"version-history":[{"count":0,"href":"https:\/\/unisalesiano.com.br\/aracatuba\/wp-json\/wp\/v2\/posts\/43513\/revisions"}],"wp:featuredmedia":[{"embeddable":true,"href":"https:\/\/unisalesiano.com.br\/aracatuba\/wp-json\/wp\/v2\/media\/43514"}],"wp:attachment":[{"href":"https:\/\/unisalesiano.com.br\/aracatuba\/wp-json\/wp\/v2\/media?parent=43513"}],"wp:term":[{"taxonomy":"category","embeddable":true,"href":"https:\/\/unisalesiano.com.br\/aracatuba\/wp-json\/wp\/v2\/categories?post=43513"},{"taxonomy":"post_tag","embeddable":true,"href":"https:\/\/unisalesiano.com.br\/aracatuba\/wp-json\/wp\/v2\/tags?post=43513"}],"curies":[{"name":"wp","href":"https:\/\/api.w.org\/{rel}","templated":true}]}}