{"id":42657,"date":"2024-06-13T16:54:12","date_gmt":"2024-06-13T19:54:12","guid":{"rendered":"https:\/\/unisalesiano.com.br\/aracatuba\/?p=42657"},"modified":"2024-06-13T16:54:12","modified_gmt":"2024-06-13T19:54:12","slug":"disciplina-de-arquitetura-alia-criatividade-e-ia-na-construcao-de-paisagens-urbanas-e-sociais","status":"publish","type":"post","link":"https:\/\/unisalesiano.com.br\/aracatuba\/disciplina-de-arquitetura-alia-criatividade-e-ia-na-construcao-de-paisagens-urbanas-e-sociais\/","title":{"rendered":"Disciplina de Arquitetura alia criatividade e IA na constru\u00e7\u00e3o de paisagens urbanas e sociais"},"content":{"rendered":"<p>No<strong> Curso de Arquitetura do UniSALESIANO<\/strong>, a disciplina <strong>&#8220;Laborat\u00f3rio de Pl\u00e1stica e Materiais Expressivos II&#8221;<\/strong> se destaca como um componente essencial na forma\u00e7\u00e3o dos futuros arquitetos. Ministrada pela docente<strong> Ananda Soares Rosa<\/strong>, essa disciplina \u00e9 projetada para incentivar processos criativos que ajudam os alunos a desenvolverem a pl\u00e1stica em seus projetos arquitet\u00f4nicos.<\/p>\n<p>O objetivo \u00e9 aprimorar a capacidade dos alunos quanto \u00e0 percep\u00e7\u00e3o espacial e ao racioc\u00ednio projetual, preparando-os para ler, perceber e representar espa\u00e7os de maneira eficaz, tanto em escala de lote quanto em espa\u00e7os urbanos.<\/p>\n<p>De acordo com Ananda, a disciplina \u00e9 organizada em dois momentos principais, que s\u00e3o correspondentes aos dois bimestres do semestre.\u00a0Ela explica que o primeiro passo envolveu a constru\u00e7\u00e3o de prot\u00f3tipos tridimensionais utilizando uma matriz de 28cm x 30cm, dividida em 19 pe\u00e7as de tamanhos variados. \u201cOs alunos tiveram que montar estruturas em papel paran\u00e1, usando, no m\u00ednimo, 15 pe\u00e7as, e apenas encaixes, sem utilizar cola ou outros artif\u00edcios. Essa atividade visou explorar a tridimensionalidade e as possibilidades de organiza\u00e7\u00e3o espacial\u201d, explicou.<\/p>\n<p>No segundo passo, os acad\u00eamicos coloriram tr\u00eas pe\u00e7as do prot\u00f3tipo, escolhendo as cores conforme sua prefer\u00eancia. Ap\u00f3s essa etapa, eles realizaram estudos e desenhos baseados nos conhecimentos te\u00f3ricos apresentados em sala, explorando conceitos como ponto, tra\u00e7o, plano, cheios e vazios, estudos de luz e sombra, e perspectiva tonal monocrom\u00e1tica. \u201cEssa fase buscou estimular a criatividade dos alunos e aprofundar sua compreens\u00e3o de elementos visuais e espaciais\u201d, contou.<\/p>\n<p>Ananda comenta que, no segundo momento da disciplina, os prot\u00f3tipos foram transformados em volumes habit\u00e1veis, ainda apresentados em forma de maquete, mantendo as mesmas propor\u00e7\u00f5es. \u201cA turma explorou a transforma\u00e7\u00e3o dimensional, aditiva e subtrativa, al\u00e9m de aspectos como horizontalidade, verticalidade, eixo, simetria, repeti\u00e7\u00e3o, cor e textura\u201d, disse, ao citar que, obrigatoriamente, os alunos tiveram que inserir uma \u00e1rvore e uma escala humana na maquete, proporcionando uma melhor compreens\u00e3o de propor\u00e7\u00e3o e escala.<\/p>\n<p><strong>BUCHA VEGETAL<\/strong><\/p>\n<p>\u201cA \u00e1rvore \u00e9 feita com bucha vegetal e permanece sem cor, destacando a cor aplicada no edif\u00edcio. Em seguida, \u00e9 inserido o volume em contextos urbanos reais, utilizando softwares e recursos de intelig\u00eancia artificial para posicion\u00e1-los em locais reais, seja em terrenos vazios ou substituindo edifica\u00e7\u00f5es ic\u00f4nicas\u201d.<\/p>\n<p>Para inspirar os alunos, foram apresentadas teorias sobre como estimular a criatividade, al\u00e9m de um vasto repert\u00f3rio visual. \u201cEstudos de maquetes da Bauhaus e o construtivismo russo, especialmente os trabalhos de artistas da Vkhutemas, foram discutidos em sala de aula, proporcionando uma base te\u00f3rica rica e diversificada\u201d, lembrou a docente.<\/p>\n<p>Por fim, Ananda ressaltou que a disciplina &#8220;Laborat\u00f3rio de Pl\u00e1stica e Materiais Expressivos II&#8221; do UniSALESIANO \u00e9 uma experi\u00eancia educacional inovadora que explora o potencial criativo dos alunos, preparando-os para enfrentar desafios reais na arquitetura. \u201cO compromisso com a criatividade, percep\u00e7\u00e3o espacial e racioc\u00ednio projetual garante que os alunos estejam bem equipados para contribuir de maneira significativa para a paisagem urbana e social\u201d, concluiu.<\/p>\n","protected":false},"excerpt":{"rendered":"<p>No Curso de Arquitetura do UniSALESIANO, a disciplina &#8220;Laborat\u00f3rio de Pl\u00e1stica e Materiais Expressivos II&#8221; se destaca como um componente essencial na forma\u00e7\u00e3o dos futuros arquitetos. Ministrada pela docente Ananda Soares Rosa, essa disciplina \u00e9 projetada para incentivar processos criativos que ajudam os alunos a desenvolverem a pl\u00e1stica em seus projetos arquitet\u00f4nicos. O objetivo \u00e9 [&hellip;]<\/p>\n","protected":false},"author":3,"featured_media":42658,"comment_status":"open","ping_status":"open","sticky":false,"template":"","format":"standard","meta":{"footnotes":""},"categories":[11,8,7],"tags":[103,40,16],"class_list":["post-42657","post","type-post","status-publish","format-standard","has-post-thumbnail","hentry","category-institucional","category-sociais","category-tecnologia","tag-aracatuba","tag-arquitetura","tag-unisalesiano"],"yoast_head":"<!-- This site is optimized with the Yoast SEO plugin v17.4 - https:\/\/yoast.com\/wordpress\/plugins\/seo\/ -->\n<title>Disciplina de Arquitetura alia criatividade e IA na constru\u00e7\u00e3o de paisagens urbanas e sociais - UniSALESIANO Ara\u00e7atuba\/SP<\/title>\n<meta name=\"robots\" content=\"index, follow, max-snippet:-1, max-image-preview:large, max-video-preview:-1\" \/>\n<link rel=\"canonical\" href=\"https:\/\/unisalesiano.com.br\/aracatuba\/disciplina-de-arquitetura-alia-criatividade-e-ia-na-construcao-de-paisagens-urbanas-e-sociais\/\" \/>\n<meta property=\"og:locale\" content=\"pt_BR\" \/>\n<meta property=\"og:type\" content=\"article\" \/>\n<meta property=\"og:title\" content=\"Disciplina de Arquitetura alia criatividade e IA na constru\u00e7\u00e3o de paisagens urbanas e sociais - UniSALESIANO Ara\u00e7atuba\/SP\" \/>\n<meta property=\"og:description\" content=\"No Curso de Arquitetura do UniSALESIANO, a disciplina &#8220;Laborat\u00f3rio de Pl\u00e1stica e Materiais Expressivos II&#8221; se destaca como um componente essencial na forma\u00e7\u00e3o dos futuros arquitetos. Ministrada pela docente Ananda Soares Rosa, essa disciplina \u00e9 projetada para incentivar processos criativos que ajudam os alunos a desenvolverem a pl\u00e1stica em seus projetos arquitet\u00f4nicos. O objetivo \u00e9 [&hellip;]\" \/>\n<meta property=\"og:url\" content=\"https:\/\/unisalesiano.com.br\/aracatuba\/disciplina-de-arquitetura-alia-criatividade-e-ia-na-construcao-de-paisagens-urbanas-e-sociais\/\" \/>\n<meta property=\"og:site_name\" content=\"UniSALESIANO Ara\u00e7atuba\/SP\" \/>\n<meta property=\"article:published_time\" content=\"2024-06-13T19:54:12+00:00\" \/>\n<meta property=\"og:image\" content=\"https:\/\/unisalesiano.com.br\/aracatuba\/wp-content\/uploads\/2024\/06\/WhatsApp-Image-2024-06-12-at-20.18.45.jpeg\" \/>\n\t<meta property=\"og:image:width\" content=\"1200\" \/>\n\t<meta property=\"og:image:height\" content=\"918\" \/>\n<meta name=\"twitter:card\" content=\"summary_large_image\" \/>\n<meta name=\"twitter:label1\" content=\"Escrito por\" \/>\n\t<meta name=\"twitter:data1\" content=\"Monique Bueno\" \/>\n\t<meta name=\"twitter:label2\" content=\"Est. tempo de leitura\" \/>\n\t<meta name=\"twitter:data2\" content=\"3 minutos\" \/>\n<script type=\"application\/ld+json\" class=\"yoast-schema-graph\">{\"@context\":\"https:\/\/schema.org\",\"@graph\":[{\"@type\":\"WebSite\",\"@id\":\"https:\/\/unisalesiano.com.br\/aracatuba\/#website\",\"url\":\"https:\/\/unisalesiano.com.br\/aracatuba\/\",\"name\":\"UniSALESIANO Ara\\u00e7atuba\/SP\",\"description\":\"Centro Universit\\u00e1rio Cat\\u00f3lico Salesiano Auxilium\",\"potentialAction\":[{\"@type\":\"SearchAction\",\"target\":{\"@type\":\"EntryPoint\",\"urlTemplate\":\"https:\/\/unisalesiano.com.br\/aracatuba\/?s={search_term_string}\"},\"query-input\":\"required name=search_term_string\"}],\"inLanguage\":\"pt-BR\"},{\"@type\":\"ImageObject\",\"@id\":\"https:\/\/unisalesiano.com.br\/aracatuba\/disciplina-de-arquitetura-alia-criatividade-e-ia-na-construcao-de-paisagens-urbanas-e-sociais\/#primaryimage\",\"inLanguage\":\"pt-BR\",\"url\":\"https:\/\/unisalesiano.com.br\/aracatuba\/wp-content\/uploads\/2024\/06\/WhatsApp-Image-2024-06-12-at-20.18.45.jpeg\",\"contentUrl\":\"https:\/\/unisalesiano.com.br\/aracatuba\/wp-content\/uploads\/2024\/06\/WhatsApp-Image-2024-06-12-at-20.18.45.jpeg\",\"width\":1200,\"height\":918},{\"@type\":\"WebPage\",\"@id\":\"https:\/\/unisalesiano.com.br\/aracatuba\/disciplina-de-arquitetura-alia-criatividade-e-ia-na-construcao-de-paisagens-urbanas-e-sociais\/#webpage\",\"url\":\"https:\/\/unisalesiano.com.br\/aracatuba\/disciplina-de-arquitetura-alia-criatividade-e-ia-na-construcao-de-paisagens-urbanas-e-sociais\/\",\"name\":\"Disciplina de Arquitetura alia criatividade e IA na constru\\u00e7\\u00e3o de paisagens urbanas e sociais - UniSALESIANO Ara\\u00e7atuba\/SP\",\"isPartOf\":{\"@id\":\"https:\/\/unisalesiano.com.br\/aracatuba\/#website\"},\"primaryImageOfPage\":{\"@id\":\"https:\/\/unisalesiano.com.br\/aracatuba\/disciplina-de-arquitetura-alia-criatividade-e-ia-na-construcao-de-paisagens-urbanas-e-sociais\/#primaryimage\"},\"datePublished\":\"2024-06-13T19:54:12+00:00\",\"dateModified\":\"2024-06-13T19:54:12+00:00\",\"author\":{\"@id\":\"https:\/\/unisalesiano.com.br\/aracatuba\/#\/schema\/person\/964caaa63bddcf301b320e385db5203a\"},\"breadcrumb\":{\"@id\":\"https:\/\/unisalesiano.com.br\/aracatuba\/disciplina-de-arquitetura-alia-criatividade-e-ia-na-construcao-de-paisagens-urbanas-e-sociais\/#breadcrumb\"},\"inLanguage\":\"pt-BR\",\"potentialAction\":[{\"@type\":\"ReadAction\",\"target\":[\"https:\/\/unisalesiano.com.br\/aracatuba\/disciplina-de-arquitetura-alia-criatividade-e-ia-na-construcao-de-paisagens-urbanas-e-sociais\/\"]}]},{\"@type\":\"BreadcrumbList\",\"@id\":\"https:\/\/unisalesiano.com.br\/aracatuba\/disciplina-de-arquitetura-alia-criatividade-e-ia-na-construcao-de-paisagens-urbanas-e-sociais\/#breadcrumb\",\"itemListElement\":[{\"@type\":\"ListItem\",\"position\":1,\"name\":\"In\\u00edcio\",\"item\":\"https:\/\/unisalesiano.com.br\/aracatuba\/\"},{\"@type\":\"ListItem\",\"position\":2,\"name\":\"Disciplina de Arquitetura alia criatividade e IA na constru\\u00e7\\u00e3o de paisagens urbanas e sociais\"}]},{\"@type\":\"Person\",\"@id\":\"https:\/\/unisalesiano.com.br\/aracatuba\/#\/schema\/person\/964caaa63bddcf301b320e385db5203a\",\"name\":\"Monique Bueno\",\"image\":{\"@type\":\"ImageObject\",\"@id\":\"https:\/\/unisalesiano.com.br\/aracatuba\/#personlogo\",\"inLanguage\":\"pt-BR\",\"url\":\"https:\/\/secure.gravatar.com\/avatar\/1680078f9a9fb86c36e76e0928e948cfd68a43bbc313c1bad27d1e48b49b308d?s=96&d=mm&r=g\",\"contentUrl\":\"https:\/\/secure.gravatar.com\/avatar\/1680078f9a9fb86c36e76e0928e948cfd68a43bbc313c1bad27d1e48b49b308d?s=96&d=mm&r=g\",\"caption\":\"Monique Bueno\"},\"url\":\"https:\/\/unisalesiano.com.br\/aracatuba\/author\/monique\/\"}]}<\/script>\n<!-- \/ Yoast SEO plugin. -->","yoast_head_json":{"title":"Disciplina de Arquitetura alia criatividade e IA na constru\u00e7\u00e3o de paisagens urbanas e sociais - UniSALESIANO Ara\u00e7atuba\/SP","robots":{"index":"index","follow":"follow","max-snippet":"max-snippet:-1","max-image-preview":"max-image-preview:large","max-video-preview":"max-video-preview:-1"},"canonical":"https:\/\/unisalesiano.com.br\/aracatuba\/disciplina-de-arquitetura-alia-criatividade-e-ia-na-construcao-de-paisagens-urbanas-e-sociais\/","og_locale":"pt_BR","og_type":"article","og_title":"Disciplina de Arquitetura alia criatividade e IA na constru\u00e7\u00e3o de paisagens urbanas e sociais - UniSALESIANO Ara\u00e7atuba\/SP","og_description":"No Curso de Arquitetura do UniSALESIANO, a disciplina &#8220;Laborat\u00f3rio de Pl\u00e1stica e Materiais Expressivos II&#8221; se destaca como um componente essencial na forma\u00e7\u00e3o dos futuros arquitetos. Ministrada pela docente Ananda Soares Rosa, essa disciplina \u00e9 projetada para incentivar processos criativos que ajudam os alunos a desenvolverem a pl\u00e1stica em seus projetos arquitet\u00f4nicos. O objetivo \u00e9 [&hellip;]","og_url":"https:\/\/unisalesiano.com.br\/aracatuba\/disciplina-de-arquitetura-alia-criatividade-e-ia-na-construcao-de-paisagens-urbanas-e-sociais\/","og_site_name":"UniSALESIANO Ara\u00e7atuba\/SP","article_published_time":"2024-06-13T19:54:12+00:00","og_image":[{"width":1200,"height":918,"url":"https:\/\/unisalesiano.com.br\/aracatuba\/wp-content\/uploads\/2024\/06\/WhatsApp-Image-2024-06-12-at-20.18.45.jpeg","type":"image\/jpeg"}],"twitter_card":"summary_large_image","twitter_misc":{"Escrito por":"Monique Bueno","Est. tempo de leitura":"3 minutos"},"schema":{"@context":"https:\/\/schema.org","@graph":[{"@type":"WebSite","@id":"https:\/\/unisalesiano.com.br\/aracatuba\/#website","url":"https:\/\/unisalesiano.com.br\/aracatuba\/","name":"UniSALESIANO Ara\u00e7atuba\/SP","description":"Centro Universit\u00e1rio Cat\u00f3lico Salesiano Auxilium","potentialAction":[{"@type":"SearchAction","target":{"@type":"EntryPoint","urlTemplate":"https:\/\/unisalesiano.com.br\/aracatuba\/?s={search_term_string}"},"query-input":"required name=search_term_string"}],"inLanguage":"pt-BR"},{"@type":"ImageObject","@id":"https:\/\/unisalesiano.com.br\/aracatuba\/disciplina-de-arquitetura-alia-criatividade-e-ia-na-construcao-de-paisagens-urbanas-e-sociais\/#primaryimage","inLanguage":"pt-BR","url":"https:\/\/unisalesiano.com.br\/aracatuba\/wp-content\/uploads\/2024\/06\/WhatsApp-Image-2024-06-12-at-20.18.45.jpeg","contentUrl":"https:\/\/unisalesiano.com.br\/aracatuba\/wp-content\/uploads\/2024\/06\/WhatsApp-Image-2024-06-12-at-20.18.45.jpeg","width":1200,"height":918},{"@type":"WebPage","@id":"https:\/\/unisalesiano.com.br\/aracatuba\/disciplina-de-arquitetura-alia-criatividade-e-ia-na-construcao-de-paisagens-urbanas-e-sociais\/#webpage","url":"https:\/\/unisalesiano.com.br\/aracatuba\/disciplina-de-arquitetura-alia-criatividade-e-ia-na-construcao-de-paisagens-urbanas-e-sociais\/","name":"Disciplina de Arquitetura alia criatividade e IA na constru\u00e7\u00e3o de paisagens urbanas e sociais - UniSALESIANO Ara\u00e7atuba\/SP","isPartOf":{"@id":"https:\/\/unisalesiano.com.br\/aracatuba\/#website"},"primaryImageOfPage":{"@id":"https:\/\/unisalesiano.com.br\/aracatuba\/disciplina-de-arquitetura-alia-criatividade-e-ia-na-construcao-de-paisagens-urbanas-e-sociais\/#primaryimage"},"datePublished":"2024-06-13T19:54:12+00:00","dateModified":"2024-06-13T19:54:12+00:00","author":{"@id":"https:\/\/unisalesiano.com.br\/aracatuba\/#\/schema\/person\/964caaa63bddcf301b320e385db5203a"},"breadcrumb":{"@id":"https:\/\/unisalesiano.com.br\/aracatuba\/disciplina-de-arquitetura-alia-criatividade-e-ia-na-construcao-de-paisagens-urbanas-e-sociais\/#breadcrumb"},"inLanguage":"pt-BR","potentialAction":[{"@type":"ReadAction","target":["https:\/\/unisalesiano.com.br\/aracatuba\/disciplina-de-arquitetura-alia-criatividade-e-ia-na-construcao-de-paisagens-urbanas-e-sociais\/"]}]},{"@type":"BreadcrumbList","@id":"https:\/\/unisalesiano.com.br\/aracatuba\/disciplina-de-arquitetura-alia-criatividade-e-ia-na-construcao-de-paisagens-urbanas-e-sociais\/#breadcrumb","itemListElement":[{"@type":"ListItem","position":1,"name":"In\u00edcio","item":"https:\/\/unisalesiano.com.br\/aracatuba\/"},{"@type":"ListItem","position":2,"name":"Disciplina de Arquitetura alia criatividade e IA na constru\u00e7\u00e3o de paisagens urbanas e sociais"}]},{"@type":"Person","@id":"https:\/\/unisalesiano.com.br\/aracatuba\/#\/schema\/person\/964caaa63bddcf301b320e385db5203a","name":"Monique Bueno","image":{"@type":"ImageObject","@id":"https:\/\/unisalesiano.com.br\/aracatuba\/#personlogo","inLanguage":"pt-BR","url":"https:\/\/secure.gravatar.com\/avatar\/1680078f9a9fb86c36e76e0928e948cfd68a43bbc313c1bad27d1e48b49b308d?s=96&d=mm&r=g","contentUrl":"https:\/\/secure.gravatar.com\/avatar\/1680078f9a9fb86c36e76e0928e948cfd68a43bbc313c1bad27d1e48b49b308d?s=96&d=mm&r=g","caption":"Monique Bueno"},"url":"https:\/\/unisalesiano.com.br\/aracatuba\/author\/monique\/"}]}},"_links":{"self":[{"href":"https:\/\/unisalesiano.com.br\/aracatuba\/wp-json\/wp\/v2\/posts\/42657","targetHints":{"allow":["GET"]}}],"collection":[{"href":"https:\/\/unisalesiano.com.br\/aracatuba\/wp-json\/wp\/v2\/posts"}],"about":[{"href":"https:\/\/unisalesiano.com.br\/aracatuba\/wp-json\/wp\/v2\/types\/post"}],"author":[{"embeddable":true,"href":"https:\/\/unisalesiano.com.br\/aracatuba\/wp-json\/wp\/v2\/users\/3"}],"replies":[{"embeddable":true,"href":"https:\/\/unisalesiano.com.br\/aracatuba\/wp-json\/wp\/v2\/comments?post=42657"}],"version-history":[{"count":0,"href":"https:\/\/unisalesiano.com.br\/aracatuba\/wp-json\/wp\/v2\/posts\/42657\/revisions"}],"wp:featuredmedia":[{"embeddable":true,"href":"https:\/\/unisalesiano.com.br\/aracatuba\/wp-json\/wp\/v2\/media\/42658"}],"wp:attachment":[{"href":"https:\/\/unisalesiano.com.br\/aracatuba\/wp-json\/wp\/v2\/media?parent=42657"}],"wp:term":[{"taxonomy":"category","embeddable":true,"href":"https:\/\/unisalesiano.com.br\/aracatuba\/wp-json\/wp\/v2\/categories?post=42657"},{"taxonomy":"post_tag","embeddable":true,"href":"https:\/\/unisalesiano.com.br\/aracatuba\/wp-json\/wp\/v2\/tags?post=42657"}],"curies":[{"name":"wp","href":"https:\/\/api.w.org\/{rel}","templated":true}]}}