{"id":42643,"date":"2024-06-12T10:50:29","date_gmt":"2024-06-12T13:50:29","guid":{"rendered":"https:\/\/unisalesiano.com.br\/aracatuba\/?p=42643"},"modified":"2024-06-12T10:50:29","modified_gmt":"2024-06-12T13:50:29","slug":"docente-e-academicos-do-unisalesiano-sao-destaques-no-27o-premio-crea-sp","status":"publish","type":"post","link":"https:\/\/unisalesiano.com.br\/aracatuba\/docente-e-academicos-do-unisalesiano-sao-destaques-no-27o-premio-crea-sp\/","title":{"rendered":"Docente e acad\u00eamicos do UniSALESIANO s\u00e3o destaques no 27\u00ba Pr\u00eamio CREA-SP"},"content":{"rendered":"<p>A <strong>27\u00aa edi\u00e7\u00e3o do Pr\u00eamio CREA-SP<\/strong>, realizada recentemente no Memorial da Am\u00e9rica Latina, em S\u00e3o Paulo, teve a participa\u00e7\u00e3o do docente dos <strong>Cursos de Engenharias do UniSALESIANO<\/strong>, <strong>Daniel Oliveira<\/strong>, e dos formados no ano de 2023: <strong>Roberto Piovam J\u00fanior<\/strong> (Engenharia da Computa\u00e7\u00e3o), <strong>Alexandre Kenzo Yoshizato Hirao<\/strong> (Engenharia El\u00e9trica) e <strong>Lucas Mamoru Tanaka<\/strong> (Engenharia Mec\u00e2nica). Todos eles foram premiados no evento.<\/p>\n<p>O evento do CREA-SP tem o objetivo de reconhecer o desempenho de rec\u00e9m-formados nos cursos de Engenharia, Agronomia e Geoci\u00eancias, baseado em uma pesquisa da O.C. Tanner, empresa l\u00edder global em culturas envolventes no local de trabalho.<\/p>\n<p>De acordo com essa pesquisa, aprovar o trabalho e o empenho de algu\u00e9m pode aumentar em 83% engajamento, o que se reflete em uma atua\u00e7\u00e3o de mais qualidade e comprometimento. E isso vale desde o in\u00edcio da vida profissional, ainda na faculdade.<\/p>\n<p><strong>EMO\u00c7\u00c3O<\/strong><\/p>\n<p>O docente Daniel afirmou que \u00e9 emocionante vivenciar esse momento proporcionado para ele quanto para os rec\u00e9m-formados. &#8220;Sem contar que a participa\u00e7\u00e3o do UniSALESIANO no evento \u00e9 prova de como a Institui\u00e7\u00e3o vem se destacando cada vez mais em qualidade e excel\u00eancia nos cursos de Engenharia e Tecnologia. Como professor do UniSALESIANO, a maior premia\u00e7\u00e3o foi presenciar todos aplaudindo de p\u00e9 os nossos egressos!&#8221;, ressaltou.<\/p>\n<p>Para o engenheiro da computa\u00e7\u00e3o, Roberto, foi uma uma sensa\u00e7\u00e3o excelente ser reconhecido pelo trabalho duro durante cinco anos de gradua\u00e7\u00e3o. \u201cAl\u00e9m de ser um diferencial para o curr\u00edculo. Fui com meus pais e minha tia e aproveitamos bastante o evento. Gostaria de agradecer minha fam\u00edlia pelo apoio e aos excelentes profissionais do UniSALESIANO, tanto professores quanto pessoal da dire\u00e7\u00e3o, que estavam sempre prontos para ajudar em qualquer problema. Sem eles, eu n\u00e3o teria conseguido me sair t\u00e3o bem\u201d, lembrou.<\/p>\n<p>Outro premiado, o engenheiro eletricista, Alexandre, expressou seu orgulho e comprometimento com a excel\u00eancia profissional. &#8220;Ser premiado na categoria &#8216;Forma\u00e7\u00e3o Profissional&#8217; SP foi uma experi\u00eancia incr\u00edvel, que representa uma conquista pessoal e um compromisso com a qualidade e a responsabilidade na minha \u00e1rea profissional\u201d, frisou.<\/p>\n<p>Por sua vez, o engenheiro mec\u00e2nico, Lucas, destacou a grandiosidade e do evento, que juntou os formandos de todos os cantos do estado de S\u00e3o Paulo. \u201cFiquei impressionado com a organiza\u00e7\u00e3o, o cronograma era meticulosamente seguido. Para mim, o ponto mais marcante foi o momento em que me chamaram para receber o pr\u00eamio. Foi uma noite repleta de gratid\u00e3o e celebra\u00e7\u00e3o pelo sucesso alcan\u00e7ado\u201d, lembrou.<\/p>\n<p><img loading=\"lazy\" decoding=\"async\" class=\"aligncenter wp-image-42653\" src=\"https:\/\/unisalesiano.com.br\/aracatuba\/wp-content\/uploads\/2024\/06\/WhatsApp-Image-2024-06-11-at-13.32.20-1.jpeg\" alt=\"\" width=\"666\" height=\"500\" srcset=\"https:\/\/unisalesiano.com.br\/aracatuba\/wp-content\/uploads\/2024\/06\/WhatsApp-Image-2024-06-11-at-13.32.20-1.jpeg 1599w, https:\/\/unisalesiano.com.br\/aracatuba\/wp-content\/uploads\/2024\/06\/WhatsApp-Image-2024-06-11-at-13.32.20-1-300x225.jpeg 300w, https:\/\/unisalesiano.com.br\/aracatuba\/wp-content\/uploads\/2024\/06\/WhatsApp-Image-2024-06-11-at-13.32.20-1-1024x768.jpeg 1024w, https:\/\/unisalesiano.com.br\/aracatuba\/wp-content\/uploads\/2024\/06\/WhatsApp-Image-2024-06-11-at-13.32.20-1-768x576.jpeg 768w, https:\/\/unisalesiano.com.br\/aracatuba\/wp-content\/uploads\/2024\/06\/WhatsApp-Image-2024-06-11-at-13.32.20-1-1536x1153.jpeg 1536w\" sizes=\"auto, (max-width: 666px) 100vw, 666px\" \/><\/p>\n","protected":false},"excerpt":{"rendered":"<p>A 27\u00aa edi\u00e7\u00e3o do Pr\u00eamio CREA-SP, realizada recentemente no Memorial da Am\u00e9rica Latina, em S\u00e3o Paulo, teve a participa\u00e7\u00e3o do docente dos Cursos de Engenharias do UniSALESIANO, Daniel Oliveira, e dos formados no ano de 2023: Roberto Piovam J\u00fanior (Engenharia da Computa\u00e7\u00e3o), Alexandre Kenzo Yoshizato Hirao (Engenharia El\u00e9trica) e Lucas Mamoru Tanaka (Engenharia Mec\u00e2nica). Todos [&hellip;]<\/p>\n","protected":false},"author":3,"featured_media":42644,"comment_status":"open","ping_status":"open","sticky":false,"template":"","format":"standard","meta":{"footnotes":""},"categories":[6,11,9],"tags":[103,844,49,16],"class_list":["post-42643","post","type-post","status-publish","format-standard","has-post-thumbnail","hentry","category-engenharia","category-institucional","category-reitoria","tag-aracatuba","tag-crea-sp","tag-engenharias","tag-unisalesiano"],"yoast_head":"<!-- This site is optimized with the Yoast SEO plugin v17.4 - https:\/\/yoast.com\/wordpress\/plugins\/seo\/ -->\n<title>Docente e acad\u00eamicos do UniSALESIANO s\u00e3o destaques no 27\u00ba Pr\u00eamio CREA-SP - UniSALESIANO Ara\u00e7atuba\/SP<\/title>\n<meta name=\"robots\" content=\"index, follow, max-snippet:-1, max-image-preview:large, max-video-preview:-1\" \/>\n<link rel=\"canonical\" href=\"https:\/\/unisalesiano.com.br\/aracatuba\/docente-e-academicos-do-unisalesiano-sao-destaques-no-27o-premio-crea-sp\/\" \/>\n<meta property=\"og:locale\" content=\"pt_BR\" \/>\n<meta property=\"og:type\" content=\"article\" \/>\n<meta property=\"og:title\" content=\"Docente e acad\u00eamicos do UniSALESIANO s\u00e3o destaques no 27\u00ba Pr\u00eamio CREA-SP - UniSALESIANO Ara\u00e7atuba\/SP\" \/>\n<meta property=\"og:description\" content=\"A 27\u00aa edi\u00e7\u00e3o do Pr\u00eamio CREA-SP, realizada recentemente no Memorial da Am\u00e9rica Latina, em S\u00e3o Paulo, teve a participa\u00e7\u00e3o do docente dos Cursos de Engenharias do UniSALESIANO, Daniel Oliveira, e dos formados no ano de 2023: Roberto Piovam J\u00fanior (Engenharia da Computa\u00e7\u00e3o), Alexandre Kenzo Yoshizato Hirao (Engenharia El\u00e9trica) e Lucas Mamoru Tanaka (Engenharia Mec\u00e2nica). Todos [&hellip;]\" \/>\n<meta property=\"og:url\" content=\"https:\/\/unisalesiano.com.br\/aracatuba\/docente-e-academicos-do-unisalesiano-sao-destaques-no-27o-premio-crea-sp\/\" \/>\n<meta property=\"og:site_name\" content=\"UniSALESIANO Ara\u00e7atuba\/SP\" \/>\n<meta property=\"article:published_time\" content=\"2024-06-12T13:50:29+00:00\" \/>\n<meta property=\"og:image\" content=\"https:\/\/unisalesiano.com.br\/aracatuba\/wp-content\/uploads\/2024\/06\/WhatsApp-Image-2024-06-11-at-13.32.19-6.jpeg\" \/>\n\t<meta property=\"og:image:width\" content=\"1600\" \/>\n\t<meta property=\"og:image:height\" content=\"889\" \/>\n<meta name=\"twitter:card\" content=\"summary_large_image\" \/>\n<meta name=\"twitter:label1\" content=\"Escrito por\" \/>\n\t<meta name=\"twitter:data1\" content=\"Monique Bueno\" \/>\n\t<meta name=\"twitter:label2\" content=\"Est. tempo de leitura\" \/>\n\t<meta name=\"twitter:data2\" content=\"2 minutos\" \/>\n<script type=\"application\/ld+json\" class=\"yoast-schema-graph\">{\"@context\":\"https:\/\/schema.org\",\"@graph\":[{\"@type\":\"WebSite\",\"@id\":\"https:\/\/unisalesiano.com.br\/aracatuba\/#website\",\"url\":\"https:\/\/unisalesiano.com.br\/aracatuba\/\",\"name\":\"UniSALESIANO Ara\\u00e7atuba\/SP\",\"description\":\"Centro Universit\\u00e1rio Cat\\u00f3lico Salesiano Auxilium\",\"potentialAction\":[{\"@type\":\"SearchAction\",\"target\":{\"@type\":\"EntryPoint\",\"urlTemplate\":\"https:\/\/unisalesiano.com.br\/aracatuba\/?s={search_term_string}\"},\"query-input\":\"required name=search_term_string\"}],\"inLanguage\":\"pt-BR\"},{\"@type\":\"ImageObject\",\"@id\":\"https:\/\/unisalesiano.com.br\/aracatuba\/docente-e-academicos-do-unisalesiano-sao-destaques-no-27o-premio-crea-sp\/#primaryimage\",\"inLanguage\":\"pt-BR\",\"url\":\"https:\/\/unisalesiano.com.br\/aracatuba\/wp-content\/uploads\/2024\/06\/WhatsApp-Image-2024-06-11-at-13.32.19-6.jpeg\",\"contentUrl\":\"https:\/\/unisalesiano.com.br\/aracatuba\/wp-content\/uploads\/2024\/06\/WhatsApp-Image-2024-06-11-at-13.32.19-6.jpeg\",\"width\":1600,\"height\":889},{\"@type\":\"WebPage\",\"@id\":\"https:\/\/unisalesiano.com.br\/aracatuba\/docente-e-academicos-do-unisalesiano-sao-destaques-no-27o-premio-crea-sp\/#webpage\",\"url\":\"https:\/\/unisalesiano.com.br\/aracatuba\/docente-e-academicos-do-unisalesiano-sao-destaques-no-27o-premio-crea-sp\/\",\"name\":\"Docente e acad\\u00eamicos do UniSALESIANO s\\u00e3o destaques no 27\\u00ba Pr\\u00eamio CREA-SP - UniSALESIANO Ara\\u00e7atuba\/SP\",\"isPartOf\":{\"@id\":\"https:\/\/unisalesiano.com.br\/aracatuba\/#website\"},\"primaryImageOfPage\":{\"@id\":\"https:\/\/unisalesiano.com.br\/aracatuba\/docente-e-academicos-do-unisalesiano-sao-destaques-no-27o-premio-crea-sp\/#primaryimage\"},\"datePublished\":\"2024-06-12T13:50:29+00:00\",\"dateModified\":\"2024-06-12T13:50:29+00:00\",\"author\":{\"@id\":\"https:\/\/unisalesiano.com.br\/aracatuba\/#\/schema\/person\/964caaa63bddcf301b320e385db5203a\"},\"breadcrumb\":{\"@id\":\"https:\/\/unisalesiano.com.br\/aracatuba\/docente-e-academicos-do-unisalesiano-sao-destaques-no-27o-premio-crea-sp\/#breadcrumb\"},\"inLanguage\":\"pt-BR\",\"potentialAction\":[{\"@type\":\"ReadAction\",\"target\":[\"https:\/\/unisalesiano.com.br\/aracatuba\/docente-e-academicos-do-unisalesiano-sao-destaques-no-27o-premio-crea-sp\/\"]}]},{\"@type\":\"BreadcrumbList\",\"@id\":\"https:\/\/unisalesiano.com.br\/aracatuba\/docente-e-academicos-do-unisalesiano-sao-destaques-no-27o-premio-crea-sp\/#breadcrumb\",\"itemListElement\":[{\"@type\":\"ListItem\",\"position\":1,\"name\":\"In\\u00edcio\",\"item\":\"https:\/\/unisalesiano.com.br\/aracatuba\/\"},{\"@type\":\"ListItem\",\"position\":2,\"name\":\"Docente e acad\\u00eamicos do UniSALESIANO s\\u00e3o destaques no 27\\u00ba Pr\\u00eamio CREA-SP\"}]},{\"@type\":\"Person\",\"@id\":\"https:\/\/unisalesiano.com.br\/aracatuba\/#\/schema\/person\/964caaa63bddcf301b320e385db5203a\",\"name\":\"Monique Bueno\",\"image\":{\"@type\":\"ImageObject\",\"@id\":\"https:\/\/unisalesiano.com.br\/aracatuba\/#personlogo\",\"inLanguage\":\"pt-BR\",\"url\":\"https:\/\/secure.gravatar.com\/avatar\/1680078f9a9fb86c36e76e0928e948cfd68a43bbc313c1bad27d1e48b49b308d?s=96&d=mm&r=g\",\"contentUrl\":\"https:\/\/secure.gravatar.com\/avatar\/1680078f9a9fb86c36e76e0928e948cfd68a43bbc313c1bad27d1e48b49b308d?s=96&d=mm&r=g\",\"caption\":\"Monique Bueno\"},\"url\":\"https:\/\/unisalesiano.com.br\/aracatuba\/author\/monique\/\"}]}<\/script>\n<!-- \/ Yoast SEO plugin. -->","yoast_head_json":{"title":"Docente e acad\u00eamicos do UniSALESIANO s\u00e3o destaques no 27\u00ba Pr\u00eamio CREA-SP - UniSALESIANO Ara\u00e7atuba\/SP","robots":{"index":"index","follow":"follow","max-snippet":"max-snippet:-1","max-image-preview":"max-image-preview:large","max-video-preview":"max-video-preview:-1"},"canonical":"https:\/\/unisalesiano.com.br\/aracatuba\/docente-e-academicos-do-unisalesiano-sao-destaques-no-27o-premio-crea-sp\/","og_locale":"pt_BR","og_type":"article","og_title":"Docente e acad\u00eamicos do UniSALESIANO s\u00e3o destaques no 27\u00ba Pr\u00eamio CREA-SP - UniSALESIANO Ara\u00e7atuba\/SP","og_description":"A 27\u00aa edi\u00e7\u00e3o do Pr\u00eamio CREA-SP, realizada recentemente no Memorial da Am\u00e9rica Latina, em S\u00e3o Paulo, teve a participa\u00e7\u00e3o do docente dos Cursos de Engenharias do UniSALESIANO, Daniel Oliveira, e dos formados no ano de 2023: Roberto Piovam J\u00fanior (Engenharia da Computa\u00e7\u00e3o), Alexandre Kenzo Yoshizato Hirao (Engenharia El\u00e9trica) e Lucas Mamoru Tanaka (Engenharia Mec\u00e2nica). Todos [&hellip;]","og_url":"https:\/\/unisalesiano.com.br\/aracatuba\/docente-e-academicos-do-unisalesiano-sao-destaques-no-27o-premio-crea-sp\/","og_site_name":"UniSALESIANO Ara\u00e7atuba\/SP","article_published_time":"2024-06-12T13:50:29+00:00","og_image":[{"width":1600,"height":889,"url":"https:\/\/unisalesiano.com.br\/aracatuba\/wp-content\/uploads\/2024\/06\/WhatsApp-Image-2024-06-11-at-13.32.19-6.jpeg","type":"image\/jpeg"}],"twitter_card":"summary_large_image","twitter_misc":{"Escrito por":"Monique Bueno","Est. tempo de leitura":"2 minutos"},"schema":{"@context":"https:\/\/schema.org","@graph":[{"@type":"WebSite","@id":"https:\/\/unisalesiano.com.br\/aracatuba\/#website","url":"https:\/\/unisalesiano.com.br\/aracatuba\/","name":"UniSALESIANO Ara\u00e7atuba\/SP","description":"Centro Universit\u00e1rio Cat\u00f3lico Salesiano Auxilium","potentialAction":[{"@type":"SearchAction","target":{"@type":"EntryPoint","urlTemplate":"https:\/\/unisalesiano.com.br\/aracatuba\/?s={search_term_string}"},"query-input":"required name=search_term_string"}],"inLanguage":"pt-BR"},{"@type":"ImageObject","@id":"https:\/\/unisalesiano.com.br\/aracatuba\/docente-e-academicos-do-unisalesiano-sao-destaques-no-27o-premio-crea-sp\/#primaryimage","inLanguage":"pt-BR","url":"https:\/\/unisalesiano.com.br\/aracatuba\/wp-content\/uploads\/2024\/06\/WhatsApp-Image-2024-06-11-at-13.32.19-6.jpeg","contentUrl":"https:\/\/unisalesiano.com.br\/aracatuba\/wp-content\/uploads\/2024\/06\/WhatsApp-Image-2024-06-11-at-13.32.19-6.jpeg","width":1600,"height":889},{"@type":"WebPage","@id":"https:\/\/unisalesiano.com.br\/aracatuba\/docente-e-academicos-do-unisalesiano-sao-destaques-no-27o-premio-crea-sp\/#webpage","url":"https:\/\/unisalesiano.com.br\/aracatuba\/docente-e-academicos-do-unisalesiano-sao-destaques-no-27o-premio-crea-sp\/","name":"Docente e acad\u00eamicos do UniSALESIANO s\u00e3o destaques no 27\u00ba Pr\u00eamio CREA-SP - UniSALESIANO Ara\u00e7atuba\/SP","isPartOf":{"@id":"https:\/\/unisalesiano.com.br\/aracatuba\/#website"},"primaryImageOfPage":{"@id":"https:\/\/unisalesiano.com.br\/aracatuba\/docente-e-academicos-do-unisalesiano-sao-destaques-no-27o-premio-crea-sp\/#primaryimage"},"datePublished":"2024-06-12T13:50:29+00:00","dateModified":"2024-06-12T13:50:29+00:00","author":{"@id":"https:\/\/unisalesiano.com.br\/aracatuba\/#\/schema\/person\/964caaa63bddcf301b320e385db5203a"},"breadcrumb":{"@id":"https:\/\/unisalesiano.com.br\/aracatuba\/docente-e-academicos-do-unisalesiano-sao-destaques-no-27o-premio-crea-sp\/#breadcrumb"},"inLanguage":"pt-BR","potentialAction":[{"@type":"ReadAction","target":["https:\/\/unisalesiano.com.br\/aracatuba\/docente-e-academicos-do-unisalesiano-sao-destaques-no-27o-premio-crea-sp\/"]}]},{"@type":"BreadcrumbList","@id":"https:\/\/unisalesiano.com.br\/aracatuba\/docente-e-academicos-do-unisalesiano-sao-destaques-no-27o-premio-crea-sp\/#breadcrumb","itemListElement":[{"@type":"ListItem","position":1,"name":"In\u00edcio","item":"https:\/\/unisalesiano.com.br\/aracatuba\/"},{"@type":"ListItem","position":2,"name":"Docente e acad\u00eamicos do UniSALESIANO s\u00e3o destaques no 27\u00ba Pr\u00eamio CREA-SP"}]},{"@type":"Person","@id":"https:\/\/unisalesiano.com.br\/aracatuba\/#\/schema\/person\/964caaa63bddcf301b320e385db5203a","name":"Monique Bueno","image":{"@type":"ImageObject","@id":"https:\/\/unisalesiano.com.br\/aracatuba\/#personlogo","inLanguage":"pt-BR","url":"https:\/\/secure.gravatar.com\/avatar\/1680078f9a9fb86c36e76e0928e948cfd68a43bbc313c1bad27d1e48b49b308d?s=96&d=mm&r=g","contentUrl":"https:\/\/secure.gravatar.com\/avatar\/1680078f9a9fb86c36e76e0928e948cfd68a43bbc313c1bad27d1e48b49b308d?s=96&d=mm&r=g","caption":"Monique Bueno"},"url":"https:\/\/unisalesiano.com.br\/aracatuba\/author\/monique\/"}]}},"_links":{"self":[{"href":"https:\/\/unisalesiano.com.br\/aracatuba\/wp-json\/wp\/v2\/posts\/42643","targetHints":{"allow":["GET"]}}],"collection":[{"href":"https:\/\/unisalesiano.com.br\/aracatuba\/wp-json\/wp\/v2\/posts"}],"about":[{"href":"https:\/\/unisalesiano.com.br\/aracatuba\/wp-json\/wp\/v2\/types\/post"}],"author":[{"embeddable":true,"href":"https:\/\/unisalesiano.com.br\/aracatuba\/wp-json\/wp\/v2\/users\/3"}],"replies":[{"embeddable":true,"href":"https:\/\/unisalesiano.com.br\/aracatuba\/wp-json\/wp\/v2\/comments?post=42643"}],"version-history":[{"count":0,"href":"https:\/\/unisalesiano.com.br\/aracatuba\/wp-json\/wp\/v2\/posts\/42643\/revisions"}],"wp:featuredmedia":[{"embeddable":true,"href":"https:\/\/unisalesiano.com.br\/aracatuba\/wp-json\/wp\/v2\/media\/42644"}],"wp:attachment":[{"href":"https:\/\/unisalesiano.com.br\/aracatuba\/wp-json\/wp\/v2\/media?parent=42643"}],"wp:term":[{"taxonomy":"category","embeddable":true,"href":"https:\/\/unisalesiano.com.br\/aracatuba\/wp-json\/wp\/v2\/categories?post=42643"},{"taxonomy":"post_tag","embeddable":true,"href":"https:\/\/unisalesiano.com.br\/aracatuba\/wp-json\/wp\/v2\/tags?post=42643"}],"curies":[{"name":"wp","href":"https:\/\/api.w.org\/{rel}","templated":true}]}}