{"id":41627,"date":"2024-04-15T11:10:33","date_gmt":"2024-04-15T14:10:33","guid":{"rendered":"https:\/\/unisalesiano.com.br\/aracatuba\/?p=41627"},"modified":"2024-04-15T11:10:33","modified_gmt":"2024-04-15T14:10:33","slug":"cancer-infantojuvenil-e-tema-de-simposio-promovido-pela-liga-de-pediatria-dom-bosco","status":"publish","type":"post","link":"https:\/\/unisalesiano.com.br\/aracatuba\/cancer-infantojuvenil-e-tema-de-simposio-promovido-pela-liga-de-pediatria-dom-bosco\/","title":{"rendered":"C\u00e2ncer Infantojuvenil \u00e9 tema de simp\u00f3sio promovido pela Liga de Pediatria Dom Bosco"},"content":{"rendered":"<p>A <strong>Liga de Pediatria Dom Bosco<\/strong>, do UniSALESIANO, realizou seu primeiro evento aberto, no dia 4 de abril, superando todas as expectativas. O <strong>1\u00ba Simp\u00f3sio de Conscientiza\u00e7\u00e3o do C\u00e2ncer Infantojuvenil<\/strong> aconteceu no audit\u00f3rio do Bloco D, com certifica\u00e7\u00e3o aos presentes.<\/p>\n<p>O evento contou com a presen\u00e7a das m\u00e9dicas, <strong>Dra. Cibele Cristina Castilho e Dra. Francila Ferreira Maziero<\/strong>, que compartilharam seus conhecimentos com as palestras intituladas \u201cSinais de alerta e principais neoplasias do c\u00e2ncer infanto-juvenil\u201d e \u201cUrg\u00eancias e emerg\u00eancias onco-hematol\u00f3gicas\u201d, respectivamente.<\/p>\n<p><strong>Maria Eduarda Pagliari Martins, presidente da Liga de Pediatria Dom Bosco<\/strong>, disse que os organizadores ficaram felizes com o resultado do evento, principalmente, pela participa\u00e7\u00e3o ativa dos acad\u00eamicos. &#8220;Isso nos motiva a continuar desenvolvendo novos projetos\u201d, disse, ao lembrar que um dos objetivos da Liga \u00e9 atuar na promo\u00e7\u00e3o da sa\u00fade e na conscientiza\u00e7\u00e3o sobre quest\u00f5es importantes, como o c\u00e2ncer infanto-juvenil, na comunidade acad\u00eamica e na sociedade em geral.<\/p>\n<p><strong>C\u00c9LULAS<\/strong><\/p>\n<p>De acordo com o INCA (Instituto Nacional de C\u00e2ncer), o c\u00e2ncer infantojuvenil corresponde a um grupo de v\u00e1rias doen\u00e7as que t\u00eam em comum a prolifera\u00e7\u00e3o descontrolada de c\u00e9lulas anormais e que pode ocorrer em qualquer local do organismo.<\/p>\n<p>Diferentemente do c\u00e2ncer do adulto, o c\u00e2ncer infantojuvenil geralmente afeta as c\u00e9lulas do sistema sangu\u00edneo e os tecidos de sustenta\u00e7\u00e3o. C\u00e2ncer pedi\u00e1trico representa apenas um percentual pequeno (aproximadamente 3%) em rela\u00e7\u00e3o ao c\u00e2ncer de adultos.<\/p>\n<p>Por serem predominantemente de natureza embrion\u00e1ria, tumores na crian\u00e7a e no adolescente s\u00e3o constitu\u00eddos de c\u00e9lulas indiferenciadas, o que, geralmente, proporciona melhor resposta aos tratamentos atuais.<\/p>\n<p>As causas de c\u00e2ncer pedi\u00e1trico s\u00e3o desconhecidas, entretanto, um pequeno n\u00famero de casos de c\u00e2ncer em crian\u00e7as e adolescentes (cerca de 10%) se devem a anormalidades gen\u00e9ticas ou heredit\u00e1rias.<\/p>\n<p>&nbsp;<\/p>\n","protected":false},"excerpt":{"rendered":"<p>A Liga de Pediatria Dom Bosco, do UniSALESIANO, realizou seu primeiro evento aberto, no dia 4 de abril, superando todas as expectativas. O 1\u00ba Simp\u00f3sio de Conscientiza\u00e7\u00e3o do C\u00e2ncer Infantojuvenil aconteceu no audit\u00f3rio do Bloco D, com certifica\u00e7\u00e3o aos presentes. O evento contou com a presen\u00e7a das m\u00e9dicas, Dra. Cibele Cristina Castilho e Dra. Francila [&hellip;]<\/p>\n","protected":false},"author":3,"featured_media":41628,"comment_status":"open","ping_status":"open","sticky":false,"template":"","format":"standard","meta":{"footnotes":""},"categories":[11,202,5],"tags":[1272,12,18,16],"class_list":["post-41627","post","type-post","status-publish","format-standard","has-post-thumbnail","hentry","category-institucional","category-medicina","category-saude","tag-cancer-infantojuvenil","tag-medicina","tag-saude","tag-unisalesiano"],"yoast_head":"<!-- This site is optimized with the Yoast SEO plugin v17.4 - https:\/\/yoast.com\/wordpress\/plugins\/seo\/ -->\n<title>C\u00e2ncer Infantojuvenil \u00e9 tema de simp\u00f3sio promovido pela Liga de Pediatria Dom Bosco - UniSALESIANO Ara\u00e7atuba\/SP<\/title>\n<meta name=\"robots\" content=\"index, follow, max-snippet:-1, max-image-preview:large, max-video-preview:-1\" \/>\n<link rel=\"canonical\" href=\"https:\/\/unisalesiano.com.br\/aracatuba\/cancer-infantojuvenil-e-tema-de-simposio-promovido-pela-liga-de-pediatria-dom-bosco\/\" \/>\n<meta property=\"og:locale\" content=\"pt_BR\" \/>\n<meta property=\"og:type\" content=\"article\" \/>\n<meta property=\"og:title\" content=\"C\u00e2ncer Infantojuvenil \u00e9 tema de simp\u00f3sio promovido pela Liga de Pediatria Dom Bosco - UniSALESIANO Ara\u00e7atuba\/SP\" \/>\n<meta property=\"og:description\" content=\"A Liga de Pediatria Dom Bosco, do UniSALESIANO, realizou seu primeiro evento aberto, no dia 4 de abril, superando todas as expectativas. O 1\u00ba Simp\u00f3sio de Conscientiza\u00e7\u00e3o do C\u00e2ncer Infantojuvenil aconteceu no audit\u00f3rio do Bloco D, com certifica\u00e7\u00e3o aos presentes. O evento contou com a presen\u00e7a das m\u00e9dicas, Dra. Cibele Cristina Castilho e Dra. Francila [&hellip;]\" \/>\n<meta property=\"og:url\" content=\"https:\/\/unisalesiano.com.br\/aracatuba\/cancer-infantojuvenil-e-tema-de-simposio-promovido-pela-liga-de-pediatria-dom-bosco\/\" \/>\n<meta property=\"og:site_name\" content=\"UniSALESIANO Ara\u00e7atuba\/SP\" \/>\n<meta property=\"article:published_time\" content=\"2024-04-15T14:10:33+00:00\" \/>\n<meta property=\"og:image\" content=\"https:\/\/unisalesiano.com.br\/aracatuba\/wp-content\/uploads\/2024\/04\/WhatsApp-Image-2024-04-12-at-14.32.36-2-scaled.jpeg\" \/>\n\t<meta property=\"og:image:width\" content=\"2560\" \/>\n\t<meta property=\"og:image:height\" content=\"1920\" \/>\n<meta name=\"twitter:card\" content=\"summary_large_image\" \/>\n<meta name=\"twitter:label1\" content=\"Escrito por\" \/>\n\t<meta name=\"twitter:data1\" content=\"Monique Bueno\" \/>\n\t<meta name=\"twitter:label2\" content=\"Est. tempo de leitura\" \/>\n\t<meta name=\"twitter:data2\" content=\"2 minutos\" \/>\n<script type=\"application\/ld+json\" class=\"yoast-schema-graph\">{\"@context\":\"https:\/\/schema.org\",\"@graph\":[{\"@type\":\"WebSite\",\"@id\":\"https:\/\/unisalesiano.com.br\/aracatuba\/#website\",\"url\":\"https:\/\/unisalesiano.com.br\/aracatuba\/\",\"name\":\"UniSALESIANO Ara\\u00e7atuba\/SP\",\"description\":\"Centro Universit\\u00e1rio Cat\\u00f3lico Salesiano Auxilium\",\"potentialAction\":[{\"@type\":\"SearchAction\",\"target\":{\"@type\":\"EntryPoint\",\"urlTemplate\":\"https:\/\/unisalesiano.com.br\/aracatuba\/?s={search_term_string}\"},\"query-input\":\"required name=search_term_string\"}],\"inLanguage\":\"pt-BR\"},{\"@type\":\"ImageObject\",\"@id\":\"https:\/\/unisalesiano.com.br\/aracatuba\/cancer-infantojuvenil-e-tema-de-simposio-promovido-pela-liga-de-pediatria-dom-bosco\/#primaryimage\",\"inLanguage\":\"pt-BR\",\"url\":\"https:\/\/unisalesiano.com.br\/aracatuba\/wp-content\/uploads\/2024\/04\/WhatsApp-Image-2024-04-12-at-14.32.36-2-scaled.jpeg\",\"contentUrl\":\"https:\/\/unisalesiano.com.br\/aracatuba\/wp-content\/uploads\/2024\/04\/WhatsApp-Image-2024-04-12-at-14.32.36-2-scaled.jpeg\",\"width\":2560,\"height\":1920},{\"@type\":\"WebPage\",\"@id\":\"https:\/\/unisalesiano.com.br\/aracatuba\/cancer-infantojuvenil-e-tema-de-simposio-promovido-pela-liga-de-pediatria-dom-bosco\/#webpage\",\"url\":\"https:\/\/unisalesiano.com.br\/aracatuba\/cancer-infantojuvenil-e-tema-de-simposio-promovido-pela-liga-de-pediatria-dom-bosco\/\",\"name\":\"C\\u00e2ncer Infantojuvenil \\u00e9 tema de simp\\u00f3sio promovido pela Liga de Pediatria Dom Bosco - UniSALESIANO Ara\\u00e7atuba\/SP\",\"isPartOf\":{\"@id\":\"https:\/\/unisalesiano.com.br\/aracatuba\/#website\"},\"primaryImageOfPage\":{\"@id\":\"https:\/\/unisalesiano.com.br\/aracatuba\/cancer-infantojuvenil-e-tema-de-simposio-promovido-pela-liga-de-pediatria-dom-bosco\/#primaryimage\"},\"datePublished\":\"2024-04-15T14:10:33+00:00\",\"dateModified\":\"2024-04-15T14:10:33+00:00\",\"author\":{\"@id\":\"https:\/\/unisalesiano.com.br\/aracatuba\/#\/schema\/person\/964caaa63bddcf301b320e385db5203a\"},\"breadcrumb\":{\"@id\":\"https:\/\/unisalesiano.com.br\/aracatuba\/cancer-infantojuvenil-e-tema-de-simposio-promovido-pela-liga-de-pediatria-dom-bosco\/#breadcrumb\"},\"inLanguage\":\"pt-BR\",\"potentialAction\":[{\"@type\":\"ReadAction\",\"target\":[\"https:\/\/unisalesiano.com.br\/aracatuba\/cancer-infantojuvenil-e-tema-de-simposio-promovido-pela-liga-de-pediatria-dom-bosco\/\"]}]},{\"@type\":\"BreadcrumbList\",\"@id\":\"https:\/\/unisalesiano.com.br\/aracatuba\/cancer-infantojuvenil-e-tema-de-simposio-promovido-pela-liga-de-pediatria-dom-bosco\/#breadcrumb\",\"itemListElement\":[{\"@type\":\"ListItem\",\"position\":1,\"name\":\"In\\u00edcio\",\"item\":\"https:\/\/unisalesiano.com.br\/aracatuba\/\"},{\"@type\":\"ListItem\",\"position\":2,\"name\":\"C\\u00e2ncer Infantojuvenil \\u00e9 tema de simp\\u00f3sio promovido pela Liga de Pediatria Dom Bosco\"}]},{\"@type\":\"Person\",\"@id\":\"https:\/\/unisalesiano.com.br\/aracatuba\/#\/schema\/person\/964caaa63bddcf301b320e385db5203a\",\"name\":\"Monique Bueno\",\"image\":{\"@type\":\"ImageObject\",\"@id\":\"https:\/\/unisalesiano.com.br\/aracatuba\/#personlogo\",\"inLanguage\":\"pt-BR\",\"url\":\"https:\/\/secure.gravatar.com\/avatar\/1680078f9a9fb86c36e76e0928e948cfd68a43bbc313c1bad27d1e48b49b308d?s=96&d=mm&r=g\",\"contentUrl\":\"https:\/\/secure.gravatar.com\/avatar\/1680078f9a9fb86c36e76e0928e948cfd68a43bbc313c1bad27d1e48b49b308d?s=96&d=mm&r=g\",\"caption\":\"Monique Bueno\"},\"url\":\"https:\/\/unisalesiano.com.br\/aracatuba\/author\/monique\/\"}]}<\/script>\n<!-- \/ Yoast SEO plugin. -->","yoast_head_json":{"title":"C\u00e2ncer Infantojuvenil \u00e9 tema de simp\u00f3sio promovido pela Liga de Pediatria Dom Bosco - UniSALESIANO Ara\u00e7atuba\/SP","robots":{"index":"index","follow":"follow","max-snippet":"max-snippet:-1","max-image-preview":"max-image-preview:large","max-video-preview":"max-video-preview:-1"},"canonical":"https:\/\/unisalesiano.com.br\/aracatuba\/cancer-infantojuvenil-e-tema-de-simposio-promovido-pela-liga-de-pediatria-dom-bosco\/","og_locale":"pt_BR","og_type":"article","og_title":"C\u00e2ncer Infantojuvenil \u00e9 tema de simp\u00f3sio promovido pela Liga de Pediatria Dom Bosco - UniSALESIANO Ara\u00e7atuba\/SP","og_description":"A Liga de Pediatria Dom Bosco, do UniSALESIANO, realizou seu primeiro evento aberto, no dia 4 de abril, superando todas as expectativas. O 1\u00ba Simp\u00f3sio de Conscientiza\u00e7\u00e3o do C\u00e2ncer Infantojuvenil aconteceu no audit\u00f3rio do Bloco D, com certifica\u00e7\u00e3o aos presentes. O evento contou com a presen\u00e7a das m\u00e9dicas, Dra. Cibele Cristina Castilho e Dra. Francila [&hellip;]","og_url":"https:\/\/unisalesiano.com.br\/aracatuba\/cancer-infantojuvenil-e-tema-de-simposio-promovido-pela-liga-de-pediatria-dom-bosco\/","og_site_name":"UniSALESIANO Ara\u00e7atuba\/SP","article_published_time":"2024-04-15T14:10:33+00:00","og_image":[{"width":2560,"height":1920,"url":"https:\/\/unisalesiano.com.br\/aracatuba\/wp-content\/uploads\/2024\/04\/WhatsApp-Image-2024-04-12-at-14.32.36-2-scaled.jpeg","type":"image\/jpeg"}],"twitter_card":"summary_large_image","twitter_misc":{"Escrito por":"Monique Bueno","Est. tempo de leitura":"2 minutos"},"schema":{"@context":"https:\/\/schema.org","@graph":[{"@type":"WebSite","@id":"https:\/\/unisalesiano.com.br\/aracatuba\/#website","url":"https:\/\/unisalesiano.com.br\/aracatuba\/","name":"UniSALESIANO Ara\u00e7atuba\/SP","description":"Centro Universit\u00e1rio Cat\u00f3lico Salesiano Auxilium","potentialAction":[{"@type":"SearchAction","target":{"@type":"EntryPoint","urlTemplate":"https:\/\/unisalesiano.com.br\/aracatuba\/?s={search_term_string}"},"query-input":"required name=search_term_string"}],"inLanguage":"pt-BR"},{"@type":"ImageObject","@id":"https:\/\/unisalesiano.com.br\/aracatuba\/cancer-infantojuvenil-e-tema-de-simposio-promovido-pela-liga-de-pediatria-dom-bosco\/#primaryimage","inLanguage":"pt-BR","url":"https:\/\/unisalesiano.com.br\/aracatuba\/wp-content\/uploads\/2024\/04\/WhatsApp-Image-2024-04-12-at-14.32.36-2-scaled.jpeg","contentUrl":"https:\/\/unisalesiano.com.br\/aracatuba\/wp-content\/uploads\/2024\/04\/WhatsApp-Image-2024-04-12-at-14.32.36-2-scaled.jpeg","width":2560,"height":1920},{"@type":"WebPage","@id":"https:\/\/unisalesiano.com.br\/aracatuba\/cancer-infantojuvenil-e-tema-de-simposio-promovido-pela-liga-de-pediatria-dom-bosco\/#webpage","url":"https:\/\/unisalesiano.com.br\/aracatuba\/cancer-infantojuvenil-e-tema-de-simposio-promovido-pela-liga-de-pediatria-dom-bosco\/","name":"C\u00e2ncer Infantojuvenil \u00e9 tema de simp\u00f3sio promovido pela Liga de Pediatria Dom Bosco - UniSALESIANO Ara\u00e7atuba\/SP","isPartOf":{"@id":"https:\/\/unisalesiano.com.br\/aracatuba\/#website"},"primaryImageOfPage":{"@id":"https:\/\/unisalesiano.com.br\/aracatuba\/cancer-infantojuvenil-e-tema-de-simposio-promovido-pela-liga-de-pediatria-dom-bosco\/#primaryimage"},"datePublished":"2024-04-15T14:10:33+00:00","dateModified":"2024-04-15T14:10:33+00:00","author":{"@id":"https:\/\/unisalesiano.com.br\/aracatuba\/#\/schema\/person\/964caaa63bddcf301b320e385db5203a"},"breadcrumb":{"@id":"https:\/\/unisalesiano.com.br\/aracatuba\/cancer-infantojuvenil-e-tema-de-simposio-promovido-pela-liga-de-pediatria-dom-bosco\/#breadcrumb"},"inLanguage":"pt-BR","potentialAction":[{"@type":"ReadAction","target":["https:\/\/unisalesiano.com.br\/aracatuba\/cancer-infantojuvenil-e-tema-de-simposio-promovido-pela-liga-de-pediatria-dom-bosco\/"]}]},{"@type":"BreadcrumbList","@id":"https:\/\/unisalesiano.com.br\/aracatuba\/cancer-infantojuvenil-e-tema-de-simposio-promovido-pela-liga-de-pediatria-dom-bosco\/#breadcrumb","itemListElement":[{"@type":"ListItem","position":1,"name":"In\u00edcio","item":"https:\/\/unisalesiano.com.br\/aracatuba\/"},{"@type":"ListItem","position":2,"name":"C\u00e2ncer Infantojuvenil \u00e9 tema de simp\u00f3sio promovido pela Liga de Pediatria Dom Bosco"}]},{"@type":"Person","@id":"https:\/\/unisalesiano.com.br\/aracatuba\/#\/schema\/person\/964caaa63bddcf301b320e385db5203a","name":"Monique Bueno","image":{"@type":"ImageObject","@id":"https:\/\/unisalesiano.com.br\/aracatuba\/#personlogo","inLanguage":"pt-BR","url":"https:\/\/secure.gravatar.com\/avatar\/1680078f9a9fb86c36e76e0928e948cfd68a43bbc313c1bad27d1e48b49b308d?s=96&d=mm&r=g","contentUrl":"https:\/\/secure.gravatar.com\/avatar\/1680078f9a9fb86c36e76e0928e948cfd68a43bbc313c1bad27d1e48b49b308d?s=96&d=mm&r=g","caption":"Monique Bueno"},"url":"https:\/\/unisalesiano.com.br\/aracatuba\/author\/monique\/"}]}},"_links":{"self":[{"href":"https:\/\/unisalesiano.com.br\/aracatuba\/wp-json\/wp\/v2\/posts\/41627","targetHints":{"allow":["GET"]}}],"collection":[{"href":"https:\/\/unisalesiano.com.br\/aracatuba\/wp-json\/wp\/v2\/posts"}],"about":[{"href":"https:\/\/unisalesiano.com.br\/aracatuba\/wp-json\/wp\/v2\/types\/post"}],"author":[{"embeddable":true,"href":"https:\/\/unisalesiano.com.br\/aracatuba\/wp-json\/wp\/v2\/users\/3"}],"replies":[{"embeddable":true,"href":"https:\/\/unisalesiano.com.br\/aracatuba\/wp-json\/wp\/v2\/comments?post=41627"}],"version-history":[{"count":0,"href":"https:\/\/unisalesiano.com.br\/aracatuba\/wp-json\/wp\/v2\/posts\/41627\/revisions"}],"wp:featuredmedia":[{"embeddable":true,"href":"https:\/\/unisalesiano.com.br\/aracatuba\/wp-json\/wp\/v2\/media\/41628"}],"wp:attachment":[{"href":"https:\/\/unisalesiano.com.br\/aracatuba\/wp-json\/wp\/v2\/media?parent=41627"}],"wp:term":[{"taxonomy":"category","embeddable":true,"href":"https:\/\/unisalesiano.com.br\/aracatuba\/wp-json\/wp\/v2\/categories?post=41627"},{"taxonomy":"post_tag","embeddable":true,"href":"https:\/\/unisalesiano.com.br\/aracatuba\/wp-json\/wp\/v2\/tags?post=41627"}],"curies":[{"name":"wp","href":"https:\/\/api.w.org\/{rel}","templated":true}]}}