{"id":4117,"date":"2016-03-22T09:34:10","date_gmt":"2016-03-22T12:34:10","guid":{"rendered":"https:\/\/unisalesiano.com.br\/?p=4117"},"modified":"2019-08-19T15:41:46","modified_gmt":"2019-08-19T18:41:46","slug":"pastoral-universitaria-realiza-acampamento-da-misericordia","status":"publish","type":"post","link":"https:\/\/unisalesiano.com.br\/aracatuba\/pastoral-universitaria-realiza-acampamento-da-misericordia\/","title":{"rendered":"Pastoral Universit\u00e1ria realiza Acampamento da Miseric\u00f3rdia"},"content":{"rendered":"<p><strong>Universit\u00e1rios, professores e convidados<\/strong> come\u00e7aram a chegar ao campus de Ara\u00e7atuba por volta das 20h30 do s\u00e1bado e foram encaminhados diretamente para o local de montagem de barracas. Um clima de muita intera\u00e7\u00e3o e dinamismo era evidenciado pelas conversas, risadas e pela coopera\u00e7\u00e3o para auxiliar aqueles que n\u00e3o tinham intimidade em montar barracas.<\/p>\n<p>Uma hora depois, \u00e0s 21h30, o <strong>Pr\u00f3-Reitor de Pastoral do UniSALESIANO<\/strong>, Pe. Jo\u00e3o Neto, convidou a todos os jovens a se direcionarem para as quadras cobertas, onde estava montado o palco. Ali o padre deu as orienta\u00e7\u00f5es de como seria o cronograma do acampamento, apresentou as equipes e convidou o Reitor do UniSALESIANO, Pe Luigi Favero, que se dirigiu aos jovens com palavras de entusiasmo e finalizou com uma ben\u00e7\u00e3o solene.<\/p>\n<p>Os agentes de pastoral cantaram, ent\u00e3o, m\u00fasicas de anima\u00e7\u00e3o. Neste clima festivo, o<strong> Pe. Wilson<\/strong> assumiu o microfone e fez uma bonita palestra sobre o tema: <strong>&#8216;Sede misericordiosos como o Pai \u00e9 misericordioso&#8217;<\/strong>. Durante a palestra os jovens presentes tinham a oportunidade de fazer a confiss\u00e3o.<\/p>\n<p>Ao final da palestra do Pe Wilson, foi servido um jantar (spaghetti a bolognesa e salada) preparado com muito carinho pela equipe coordenada pela Prof.\u00aa Ariadine Pires, do <strong>curso de Nutri\u00e7\u00e3o.<\/strong><\/p>\n<p>Para o retorno das atividades do acampamento, o Pe. Marcelo acolheu os jovens na quadra coberta e iniciou uma prega\u00e7\u00e3o dinamizada fazendo refer\u00eancia ao chamado de Deus para que assumamos um compromisso com Ele. Esta ora\u00e7\u00e3o foi chamada de &#8216;Ceia \u00c1gape&#8217;, pois, ap\u00f3s toda a motiva\u00e7\u00e3o realizada, o padre escolheu <strong>doze jovens<\/strong> que fariam as vezes dos disc\u00edpulos de Jesus e seriam <strong>enviados a tantos outros jovens<\/strong> para partilharem com Jesus o p\u00e3o da vida.<\/p>\n<p>Conclu\u00edda esta celebra\u00e7\u00e3o a equipe coordenada pela <strong>Prof.\u00aa Juliana Mitidiero<\/strong>, do curso de Educa\u00e7\u00e3o F\u00edsica assumiu o momento l\u00fadico do acampamento e literalmente agitou os participantes. A atividade proposta foi um <strong>ca\u00e7a ao tesouro<\/strong> com pistas em todo o campus da universidade. Era bonito ver a vontade dos participantes, que foram divididos em equipes, em se ajudarem para completar os desafios e encontrar as pistas. Praticamente 1h30 de muita atividade.<\/p>\n<p>Todo o entusiasmo presente no final dos jogos continuou vibrante no evento que encerrava a noite: a <strong>Adora\u00e7\u00e3o<\/strong>. As luzes das quadras foram apagadas e luzes de apoio iluminaram a entrada do <strong>SS. Sacramento<\/strong>. Com muito canto e louvor os jovens fizeram da adora\u00e7\u00e3o o ponto alto deste evento, em uma atitude de entrega, de agradecimento ao dom mais precioso que Deus nos concede que \u00e9 a vida. Um outro lindo momento durante a adora\u00e7\u00e3o, foi o testemunho de f\u00e9 contado por Bruno, coordenador do grupo <strong>JESSE<\/strong>. Sua fala emocionou a todos os presentes.<\/p>\n<p>Ap\u00f3s a ben\u00e7\u00e3o com o Sant\u00edssimo, foi servida uma ceia (torradas e ch\u00e1), e os jovens foram convidados a irem a suas barracas. Alguns ainda preferiram fazer um luau com animadas m\u00fasicas e divertidas conversas, com muitos &#8216;causos&#8217;.<\/p>\n<p>&nbsp;<\/p>\n<p>Com o alvorecer, \u00e0s <strong>6h30<\/strong>, foi servido um <strong>caf\u00e9 da manh\u00e3<\/strong> e conforme terminavam de comer eles foram desarrumando as barracas. Com todas as mochilas em ordem e com as barracas j\u00e1 desmontadas foi realizada a <strong>Santa Missa<\/strong>, presidida pelo <strong>Pe Jo\u00e3o Neto<\/strong>. Na Missa o padre enfatizou o agradecimento pelo <strong>Acampamento da Miseric\u00f3rdia<\/strong> e exortou aos jovens a import\u00e2ncia de sermos disc\u00edpulos deste Deus que se deu na cruz por cada um de n\u00f3s: &#8220;<strong>Foi por voc\u00ea que Ele se deixou ser t\u00e3o chagado e ferido&#8230; Fa\u00e7a valer a pena<\/strong>!&#8221;. No final da missa cada participante recebeu um escapul\u00e1rio destacando algumas atitudes que devem ser assumidas:<\/p>\n<p>&nbsp;<\/p>\n<ul>\n<li>Colocar Deus em primeiro lugar na sua vida e buscar sempre realizar a vontade d\u2019Ele.<\/li>\n<li>Escutar a Palavra de Deus na B\u00edblia e pratic\u00e1-la na vida.<\/li>\n<li>Buscar a comunh\u00e3o com Deus por meio da ora\u00e7\u00e3o, que \u00e9 um di\u00e1logo \u00edntimo que temos com Aquele que nos ama.<\/li>\n<li>Abrir-se ao sofrimento do pr\u00f3ximo, solidarizando-se com ele em suas necessidades, procurando solucion\u00e1-las.<\/li>\n<li>Participar com frequ\u00eancia dos sacramentos da Igreja, da Eucaristia e da confiss\u00e3o, para poder aprofundar o mist\u00e9rio de Cristo em sua vida.<\/li>\n<\/ul>\n","protected":false},"excerpt":{"rendered":"<p>Universit\u00e1rios, professores e convidados come\u00e7aram a chegar ao campus de Ara\u00e7atuba por volta das 20h30 do s\u00e1bado e foram encaminhados diretamente para o local de montagem de barracas. Um clima de muita intera\u00e7\u00e3o e dinamismo era evidenciado pelas conversas, risadas e pela coopera\u00e7\u00e3o para auxiliar aqueles que n\u00e3o tinham intimidade em montar barracas. Uma hora [&hellip;]<\/p>\n","protected":false},"author":1,"featured_media":4127,"comment_status":"open","ping_status":"open","sticky":false,"template":"","format":"standard","meta":{"footnotes":""},"categories":[10],"tags":[23],"class_list":["post-4117","post","type-post","status-publish","format-standard","has-post-thumbnail","hentry","category-pastoral","tag-pastoral"],"yoast_head":"<!-- This site is optimized with the Yoast SEO plugin v17.4 - https:\/\/yoast.com\/wordpress\/plugins\/seo\/ -->\n<title>Pastoral Universit\u00e1ria realiza Acampamento da Miseric\u00f3rdia - UniSALESIANO Ara\u00e7atuba\/SP<\/title>\n<meta name=\"robots\" content=\"index, follow, max-snippet:-1, max-image-preview:large, max-video-preview:-1\" \/>\n<link rel=\"canonical\" href=\"https:\/\/unisalesiano.com.br\/aracatuba\/pastoral-universitaria-realiza-acampamento-da-misericordia\/\" \/>\n<meta property=\"og:locale\" content=\"pt_BR\" \/>\n<meta property=\"og:type\" content=\"article\" \/>\n<meta property=\"og:title\" content=\"Pastoral Universit\u00e1ria realiza Acampamento da Miseric\u00f3rdia - UniSALESIANO Ara\u00e7atuba\/SP\" \/>\n<meta property=\"og:description\" content=\"Universit\u00e1rios, professores e convidados come\u00e7aram a chegar ao campus de Ara\u00e7atuba por volta das 20h30 do s\u00e1bado e foram encaminhados diretamente para o local de montagem de barracas. Um clima de muita intera\u00e7\u00e3o e dinamismo era evidenciado pelas conversas, risadas e pela coopera\u00e7\u00e3o para auxiliar aqueles que n\u00e3o tinham intimidade em montar barracas. Uma hora [&hellip;]\" \/>\n<meta property=\"og:url\" content=\"https:\/\/unisalesiano.com.br\/aracatuba\/pastoral-universitaria-realiza-acampamento-da-misericordia\/\" \/>\n<meta property=\"og:site_name\" content=\"UniSALESIANO Ara\u00e7atuba\/SP\" \/>\n<meta property=\"article:published_time\" content=\"2016-03-22T12:34:10+00:00\" \/>\n<meta property=\"article:modified_time\" content=\"2019-08-19T18:41:46+00:00\" \/>\n<meta property=\"og:image\" content=\"https:\/\/unisalesiano.com.br\/aracatuba\/wp-content\/uploads\/2018\/08\/2016-03-22-1786Pastoral-Universit\u00e1ria-realiza-Acampamento-da-Miseric\u00f3rdia.jpg\" \/>\n\t<meta property=\"og:image:width\" content=\"480\" \/>\n\t<meta property=\"og:image:height\" content=\"320\" \/>\n<meta name=\"twitter:card\" content=\"summary_large_image\" \/>\n<meta name=\"twitter:label1\" content=\"Escrito por\" \/>\n\t<meta name=\"twitter:data1\" content=\"admin\" \/>\n\t<meta name=\"twitter:label2\" content=\"Est. tempo de leitura\" \/>\n\t<meta name=\"twitter:data2\" content=\"4 minutos\" \/>\n<script type=\"application\/ld+json\" class=\"yoast-schema-graph\">{\"@context\":\"https:\/\/schema.org\",\"@graph\":[{\"@type\":\"WebSite\",\"@id\":\"https:\/\/unisalesiano.com.br\/aracatuba\/#website\",\"url\":\"https:\/\/unisalesiano.com.br\/aracatuba\/\",\"name\":\"UniSALESIANO Ara\\u00e7atuba\/SP\",\"description\":\"Centro Universit\\u00e1rio Cat\\u00f3lico Salesiano Auxilium\",\"potentialAction\":[{\"@type\":\"SearchAction\",\"target\":{\"@type\":\"EntryPoint\",\"urlTemplate\":\"https:\/\/unisalesiano.com.br\/aracatuba\/?s={search_term_string}\"},\"query-input\":\"required name=search_term_string\"}],\"inLanguage\":\"pt-BR\"},{\"@type\":\"ImageObject\",\"@id\":\"https:\/\/unisalesiano.com.br\/aracatuba\/pastoral-universitaria-realiza-acampamento-da-misericordia\/#primaryimage\",\"inLanguage\":\"pt-BR\",\"url\":\"https:\/\/unisalesiano.com.br\/aracatuba\/wp-content\/uploads\/2018\/08\/2016-03-22-1786Pastoral-Universit\\u00e1ria-realiza-Acampamento-da-Miseric\\u00f3rdia.jpg\",\"contentUrl\":\"https:\/\/unisalesiano.com.br\/aracatuba\/wp-content\/uploads\/2018\/08\/2016-03-22-1786Pastoral-Universit\\u00e1ria-realiza-Acampamento-da-Miseric\\u00f3rdia.jpg\",\"width\":480,\"height\":320},{\"@type\":\"WebPage\",\"@id\":\"https:\/\/unisalesiano.com.br\/aracatuba\/pastoral-universitaria-realiza-acampamento-da-misericordia\/#webpage\",\"url\":\"https:\/\/unisalesiano.com.br\/aracatuba\/pastoral-universitaria-realiza-acampamento-da-misericordia\/\",\"name\":\"Pastoral Universit\\u00e1ria realiza Acampamento da Miseric\\u00f3rdia - UniSALESIANO Ara\\u00e7atuba\/SP\",\"isPartOf\":{\"@id\":\"https:\/\/unisalesiano.com.br\/aracatuba\/#website\"},\"primaryImageOfPage\":{\"@id\":\"https:\/\/unisalesiano.com.br\/aracatuba\/pastoral-universitaria-realiza-acampamento-da-misericordia\/#primaryimage\"},\"datePublished\":\"2016-03-22T12:34:10+00:00\",\"dateModified\":\"2019-08-19T18:41:46+00:00\",\"author\":{\"@id\":\"https:\/\/unisalesiano.com.br\/aracatuba\/#\/schema\/person\/afb1b2331f463570beda616f4cc14cc9\"},\"breadcrumb\":{\"@id\":\"https:\/\/unisalesiano.com.br\/aracatuba\/pastoral-universitaria-realiza-acampamento-da-misericordia\/#breadcrumb\"},\"inLanguage\":\"pt-BR\",\"potentialAction\":[{\"@type\":\"ReadAction\",\"target\":[\"https:\/\/unisalesiano.com.br\/aracatuba\/pastoral-universitaria-realiza-acampamento-da-misericordia\/\"]}]},{\"@type\":\"BreadcrumbList\",\"@id\":\"https:\/\/unisalesiano.com.br\/aracatuba\/pastoral-universitaria-realiza-acampamento-da-misericordia\/#breadcrumb\",\"itemListElement\":[{\"@type\":\"ListItem\",\"position\":1,\"name\":\"In\\u00edcio\",\"item\":\"https:\/\/unisalesiano.com.br\/aracatuba\/\"},{\"@type\":\"ListItem\",\"position\":2,\"name\":\"Pastoral Universit\\u00e1ria realiza Acampamento da Miseric\\u00f3rdia\"}]},{\"@type\":\"Person\",\"@id\":\"https:\/\/unisalesiano.com.br\/aracatuba\/#\/schema\/person\/afb1b2331f463570beda616f4cc14cc9\",\"name\":\"admin\",\"image\":{\"@type\":\"ImageObject\",\"@id\":\"https:\/\/unisalesiano.com.br\/aracatuba\/#personlogo\",\"inLanguage\":\"pt-BR\",\"url\":\"https:\/\/secure.gravatar.com\/avatar\/dfc5c63987fa9f19b5c366e55740b2a0ffac4aab41ba55c1bd96dbb85eb3a8ca?s=96&d=mm&r=g\",\"contentUrl\":\"https:\/\/secure.gravatar.com\/avatar\/dfc5c63987fa9f19b5c366e55740b2a0ffac4aab41ba55c1bd96dbb85eb3a8ca?s=96&d=mm&r=g\",\"caption\":\"admin\"},\"url\":\"https:\/\/unisalesiano.com.br\/aracatuba\/author\/admin\/\"}]}<\/script>\n<!-- \/ Yoast SEO plugin. -->","yoast_head_json":{"title":"Pastoral Universit\u00e1ria realiza Acampamento da Miseric\u00f3rdia - UniSALESIANO Ara\u00e7atuba\/SP","robots":{"index":"index","follow":"follow","max-snippet":"max-snippet:-1","max-image-preview":"max-image-preview:large","max-video-preview":"max-video-preview:-1"},"canonical":"https:\/\/unisalesiano.com.br\/aracatuba\/pastoral-universitaria-realiza-acampamento-da-misericordia\/","og_locale":"pt_BR","og_type":"article","og_title":"Pastoral Universit\u00e1ria realiza Acampamento da Miseric\u00f3rdia - UniSALESIANO Ara\u00e7atuba\/SP","og_description":"Universit\u00e1rios, professores e convidados come\u00e7aram a chegar ao campus de Ara\u00e7atuba por volta das 20h30 do s\u00e1bado e foram encaminhados diretamente para o local de montagem de barracas. Um clima de muita intera\u00e7\u00e3o e dinamismo era evidenciado pelas conversas, risadas e pela coopera\u00e7\u00e3o para auxiliar aqueles que n\u00e3o tinham intimidade em montar barracas. Uma hora [&hellip;]","og_url":"https:\/\/unisalesiano.com.br\/aracatuba\/pastoral-universitaria-realiza-acampamento-da-misericordia\/","og_site_name":"UniSALESIANO Ara\u00e7atuba\/SP","article_published_time":"2016-03-22T12:34:10+00:00","article_modified_time":"2019-08-19T18:41:46+00:00","og_image":[{"width":480,"height":320,"url":"https:\/\/unisalesiano.com.br\/aracatuba\/wp-content\/uploads\/2018\/08\/2016-03-22-1786Pastoral-Universit\u00e1ria-realiza-Acampamento-da-Miseric\u00f3rdia.jpg","type":"image\/jpeg"}],"twitter_card":"summary_large_image","twitter_misc":{"Escrito por":"admin","Est. tempo de leitura":"4 minutos"},"schema":{"@context":"https:\/\/schema.org","@graph":[{"@type":"WebSite","@id":"https:\/\/unisalesiano.com.br\/aracatuba\/#website","url":"https:\/\/unisalesiano.com.br\/aracatuba\/","name":"UniSALESIANO Ara\u00e7atuba\/SP","description":"Centro Universit\u00e1rio Cat\u00f3lico Salesiano Auxilium","potentialAction":[{"@type":"SearchAction","target":{"@type":"EntryPoint","urlTemplate":"https:\/\/unisalesiano.com.br\/aracatuba\/?s={search_term_string}"},"query-input":"required name=search_term_string"}],"inLanguage":"pt-BR"},{"@type":"ImageObject","@id":"https:\/\/unisalesiano.com.br\/aracatuba\/pastoral-universitaria-realiza-acampamento-da-misericordia\/#primaryimage","inLanguage":"pt-BR","url":"https:\/\/unisalesiano.com.br\/aracatuba\/wp-content\/uploads\/2018\/08\/2016-03-22-1786Pastoral-Universit\u00e1ria-realiza-Acampamento-da-Miseric\u00f3rdia.jpg","contentUrl":"https:\/\/unisalesiano.com.br\/aracatuba\/wp-content\/uploads\/2018\/08\/2016-03-22-1786Pastoral-Universit\u00e1ria-realiza-Acampamento-da-Miseric\u00f3rdia.jpg","width":480,"height":320},{"@type":"WebPage","@id":"https:\/\/unisalesiano.com.br\/aracatuba\/pastoral-universitaria-realiza-acampamento-da-misericordia\/#webpage","url":"https:\/\/unisalesiano.com.br\/aracatuba\/pastoral-universitaria-realiza-acampamento-da-misericordia\/","name":"Pastoral Universit\u00e1ria realiza Acampamento da Miseric\u00f3rdia - UniSALESIANO Ara\u00e7atuba\/SP","isPartOf":{"@id":"https:\/\/unisalesiano.com.br\/aracatuba\/#website"},"primaryImageOfPage":{"@id":"https:\/\/unisalesiano.com.br\/aracatuba\/pastoral-universitaria-realiza-acampamento-da-misericordia\/#primaryimage"},"datePublished":"2016-03-22T12:34:10+00:00","dateModified":"2019-08-19T18:41:46+00:00","author":{"@id":"https:\/\/unisalesiano.com.br\/aracatuba\/#\/schema\/person\/afb1b2331f463570beda616f4cc14cc9"},"breadcrumb":{"@id":"https:\/\/unisalesiano.com.br\/aracatuba\/pastoral-universitaria-realiza-acampamento-da-misericordia\/#breadcrumb"},"inLanguage":"pt-BR","potentialAction":[{"@type":"ReadAction","target":["https:\/\/unisalesiano.com.br\/aracatuba\/pastoral-universitaria-realiza-acampamento-da-misericordia\/"]}]},{"@type":"BreadcrumbList","@id":"https:\/\/unisalesiano.com.br\/aracatuba\/pastoral-universitaria-realiza-acampamento-da-misericordia\/#breadcrumb","itemListElement":[{"@type":"ListItem","position":1,"name":"In\u00edcio","item":"https:\/\/unisalesiano.com.br\/aracatuba\/"},{"@type":"ListItem","position":2,"name":"Pastoral Universit\u00e1ria realiza Acampamento da Miseric\u00f3rdia"}]},{"@type":"Person","@id":"https:\/\/unisalesiano.com.br\/aracatuba\/#\/schema\/person\/afb1b2331f463570beda616f4cc14cc9","name":"admin","image":{"@type":"ImageObject","@id":"https:\/\/unisalesiano.com.br\/aracatuba\/#personlogo","inLanguage":"pt-BR","url":"https:\/\/secure.gravatar.com\/avatar\/dfc5c63987fa9f19b5c366e55740b2a0ffac4aab41ba55c1bd96dbb85eb3a8ca?s=96&d=mm&r=g","contentUrl":"https:\/\/secure.gravatar.com\/avatar\/dfc5c63987fa9f19b5c366e55740b2a0ffac4aab41ba55c1bd96dbb85eb3a8ca?s=96&d=mm&r=g","caption":"admin"},"url":"https:\/\/unisalesiano.com.br\/aracatuba\/author\/admin\/"}]}},"_links":{"self":[{"href":"https:\/\/unisalesiano.com.br\/aracatuba\/wp-json\/wp\/v2\/posts\/4117","targetHints":{"allow":["GET"]}}],"collection":[{"href":"https:\/\/unisalesiano.com.br\/aracatuba\/wp-json\/wp\/v2\/posts"}],"about":[{"href":"https:\/\/unisalesiano.com.br\/aracatuba\/wp-json\/wp\/v2\/types\/post"}],"author":[{"embeddable":true,"href":"https:\/\/unisalesiano.com.br\/aracatuba\/wp-json\/wp\/v2\/users\/1"}],"replies":[{"embeddable":true,"href":"https:\/\/unisalesiano.com.br\/aracatuba\/wp-json\/wp\/v2\/comments?post=4117"}],"version-history":[{"count":0,"href":"https:\/\/unisalesiano.com.br\/aracatuba\/wp-json\/wp\/v2\/posts\/4117\/revisions"}],"wp:featuredmedia":[{"embeddable":true,"href":"https:\/\/unisalesiano.com.br\/aracatuba\/wp-json\/wp\/v2\/media\/4127"}],"wp:attachment":[{"href":"https:\/\/unisalesiano.com.br\/aracatuba\/wp-json\/wp\/v2\/media?parent=4117"}],"wp:term":[{"taxonomy":"category","embeddable":true,"href":"https:\/\/unisalesiano.com.br\/aracatuba\/wp-json\/wp\/v2\/categories?post=4117"},{"taxonomy":"post_tag","embeddable":true,"href":"https:\/\/unisalesiano.com.br\/aracatuba\/wp-json\/wp\/v2\/tags?post=4117"}],"curies":[{"name":"wp","href":"https:\/\/api.w.org\/{rel}","templated":true}]}}