{"id":40987,"date":"2024-02-26T11:54:01","date_gmt":"2024-02-26T14:54:01","guid":{"rendered":"https:\/\/unisalesiano.com.br\/aracatuba\/?p=40987"},"modified":"2024-03-10T22:05:50","modified_gmt":"2024-03-11T01:05:50","slug":"missas-de-cinzas-no-unisalesiano-marcam-o-inicio-da-quaresma-com-reflexao-e-espiritualidade","status":"publish","type":"post","link":"https:\/\/unisalesiano.com.br\/aracatuba\/missas-de-cinzas-no-unisalesiano-marcam-o-inicio-da-quaresma-com-reflexao-e-espiritualidade\/","title":{"rendered":"Missas de Cinzas marcam o in\u00edcio da Quaresma com reflex\u00e3o e espiritualidade"},"content":{"rendered":"<p>As <strong>Missas de Cinzas<\/strong>, realizadas na manh\u00e3 e noite de 20 de fevereiro, na Igreja Universit\u00e1ria do UniSALESIANO, marcaram o in\u00edcio do per\u00edodo quaresmal, um tempo de reflex\u00e3o e prepara\u00e7\u00e3o espiritual para a P\u00e1scoa de Jesus Cristo que, neste ano, ser\u00e1 celebrada em 31 de mar\u00e7o.<\/p>\n<p>As cerim\u00f4nias, que reuniram acad\u00eamicos, professores e colaboradores da Institui\u00e7\u00e3o, foram presididas pelo Reitor do UniSALESIANO, <strong>Pe. Paulo Vendrame, SDB<\/strong>, e concelebrada pelo <strong>Pr\u00f3-Reitor de Pastoral, Pe. Paulo J\u00e1como, SDB<\/strong>.<\/p>\n<p>Pe. Paulo Vendrame, em sua fala, destacou a import\u00e2ncia desse momento para a comunidade cat\u00f3lica, ressaltando o significado profundo da Quaresma. \u201cEste \u00e9 um tempo de reflex\u00e3o, de olhar para dentro de n\u00f3s m<a href=\"https:\/\/www.nikeairmaxwomenscheap.com\/\"><strong>air max 95 sale<\/strong><\/a> <a href=\"https:\/\/www.onlinenfljerseystore.com\/\"><strong>custom stitched nfl jersey<\/strong><\/a> <a href=\"https:\/\/www.salenikeairmaxshoe.com\/\"><strong>jordan max aura 4<\/strong><\/a> <a href=\"http:\/\/www.admeve-toys.com\/\"><strong>completini intimi molto sexy<\/strong><\/a> <a href=\"http:\/\/www.jordannikeairstore.com\/\"><strong>red and black jordan 1<\/strong><\/a> <a href=\"https:\/\/www.yeezyboostbyadidas.com\/\"><strong>yeezy foam runner cheap<\/strong><\/a> <a href=\"http:\/\/www.pick1custom.com\/\"><strong>human hair wigs<\/strong><\/a> <a href=\"https:\/\/www.wigscheapforsale.com\/\"><strong>iwona wig<\/strong><\/a> <a href=\"https:\/\/www.shopnflfantasy.com\/\"><strong>aguilas cibae\u00f1as jersey<\/strong><\/a> <a href=\"https:\/\/www.shopnflcheap.com\/\"><strong>49ers jersey<\/strong><\/a> <a href=\"https:\/\/www.nflplusshop.com\/\"><strong>kansas city chiefs crocs<\/strong><\/a> <a href=\"https:\/\/www.benettonoutlet.com\/\"><strong>benetton outlet<\/strong><\/a> <a href=\"https:\/\/www.jerseysonlinecustom.com\/\"><strong>custom youth basketball uniforms<\/strong><\/a> <a href=\"http:\/\/collegebeststores.com\/\"><strong>lsu jersey<\/strong><\/a> <a href=\"https:\/\/www.gluelesswigsshop.com\/\"><strong>real hair wigs<\/strong><\/a> esmos e avaliar a nossa rela\u00e7\u00e3o com Deus, com o pr\u00f3ximo e conosco mesmo. As cinzas que recebemos hoje n\u00e3o s\u00e3o apenas um sinal exterior, mas um convite interior para a convers\u00e3o, para mudarmos aquilo que precisa ser convertido em nossas vidas&#8221;, enfatizou.<\/p>\n<p>A <strong>imposi\u00e7\u00e3o das cinzas<\/strong> trata-se de um gesto simb\u00f3lico que recorda a fragilidade da vida e a busca de convers\u00e3o e arrependimento.<\/p>\n<p>Ao final das cerim\u00f4nias, os fi\u00e9is sa\u00edram da igreja com as cinzas marcando suas cabe\u00e7as, carregando consigo o compromisso de viver intensamente os pr\u00f3ximos 40 dias, o tempo de quaresma.<\/p>\n<p>As Missas de Cinzas no UniSALESIANO marcaram o in\u00edcio da Quaresma e tamb\u00e9m proporcionaram um espa\u00e7o para a comunidade universit\u00e1ria se reunir em ora\u00e7\u00e3o e reflex\u00e3o, fortalecendo os la\u00e7os espirituais que unem as pessoas na f\u00e9 em Jesus Cristo, o filho de Deus.<\/p>\n","protected":false},"excerpt":{"rendered":"<p>As Missas de Cinzas, realizadas na manh\u00e3 e noite de 20 de fevereiro, na Igreja Universit\u00e1ria do UniSALESIANO, marcaram o in\u00edcio do per\u00edodo quaresmal, um tempo de reflex\u00e3o e prepara\u00e7\u00e3o espiritual para a P\u00e1scoa de Jesus Cristo que, neste ano, ser\u00e1 celebrada em 31 de mar\u00e7o. As cerim\u00f4nias, que reuniram acad\u00eamicos, professores e colaboradores da [&hellip;]<\/p>\n","protected":false},"author":3,"featured_media":40988,"comment_status":"open","ping_status":"open","sticky":false,"template":"","format":"standard","meta":{"footnotes":""},"categories":[11,10],"tags":[103,1606,164,23,16],"class_list":["post-40987","post","type-post","status-publish","format-standard","has-post-thumbnail","hentry","category-institucional","category-pastoral","tag-aracatuba","tag-cinzas","tag-missa","tag-pastoral","tag-unisalesiano"],"yoast_head":"<!-- This site is optimized with the Yoast SEO plugin v17.4 - https:\/\/yoast.com\/wordpress\/plugins\/seo\/ -->\n<title>Missas de Cinzas marcam o in\u00edcio da Quaresma com reflex\u00e3o e espiritualidade - UniSALESIANO Ara\u00e7atuba\/SP<\/title>\n<meta name=\"robots\" content=\"index, follow, max-snippet:-1, max-image-preview:large, max-video-preview:-1\" \/>\n<link rel=\"canonical\" href=\"https:\/\/unisalesiano.com.br\/aracatuba\/missas-de-cinzas-no-unisalesiano-marcam-o-inicio-da-quaresma-com-reflexao-e-espiritualidade\/\" \/>\n<meta property=\"og:locale\" content=\"pt_BR\" \/>\n<meta property=\"og:type\" content=\"article\" \/>\n<meta property=\"og:title\" content=\"Missas de Cinzas marcam o in\u00edcio da Quaresma com reflex\u00e3o e espiritualidade - UniSALESIANO Ara\u00e7atuba\/SP\" \/>\n<meta property=\"og:description\" content=\"As Missas de Cinzas, realizadas na manh\u00e3 e noite de 20 de fevereiro, na Igreja Universit\u00e1ria do UniSALESIANO, marcaram o in\u00edcio do per\u00edodo quaresmal, um tempo de reflex\u00e3o e prepara\u00e7\u00e3o espiritual para a P\u00e1scoa de Jesus Cristo que, neste ano, ser\u00e1 celebrada em 31 de mar\u00e7o. As cerim\u00f4nias, que reuniram acad\u00eamicos, professores e colaboradores da [&hellip;]\" \/>\n<meta property=\"og:url\" content=\"https:\/\/unisalesiano.com.br\/aracatuba\/missas-de-cinzas-no-unisalesiano-marcam-o-inicio-da-quaresma-com-reflexao-e-espiritualidade\/\" \/>\n<meta property=\"og:site_name\" content=\"UniSALESIANO Ara\u00e7atuba\/SP\" \/>\n<meta property=\"article:published_time\" content=\"2024-02-26T14:54:01+00:00\" \/>\n<meta property=\"article:modified_time\" content=\"2024-03-11T01:05:50+00:00\" \/>\n<meta property=\"og:image\" content=\"https:\/\/unisalesiano.com.br\/aracatuba\/wp-content\/uploads\/2024\/02\/IMG_8064-scaled.jpg\" \/>\n\t<meta property=\"og:image:width\" content=\"2560\" \/>\n\t<meta property=\"og:image:height\" content=\"1707\" \/>\n<meta name=\"twitter:card\" content=\"summary_large_image\" \/>\n<meta name=\"twitter:label1\" content=\"Escrito por\" \/>\n\t<meta name=\"twitter:data1\" content=\"Monique Bueno\" \/>\n\t<meta name=\"twitter:label2\" content=\"Est. tempo de leitura\" \/>\n\t<meta name=\"twitter:data2\" content=\"2 minutos\" \/>\n<script type=\"application\/ld+json\" class=\"yoast-schema-graph\">{\"@context\":\"https:\/\/schema.org\",\"@graph\":[{\"@type\":\"WebSite\",\"@id\":\"https:\/\/unisalesiano.com.br\/aracatuba\/#website\",\"url\":\"https:\/\/unisalesiano.com.br\/aracatuba\/\",\"name\":\"UniSALESIANO Ara\\u00e7atuba\/SP\",\"description\":\"Centro Universit\\u00e1rio Cat\\u00f3lico Salesiano Auxilium\",\"potentialAction\":[{\"@type\":\"SearchAction\",\"target\":{\"@type\":\"EntryPoint\",\"urlTemplate\":\"https:\/\/unisalesiano.com.br\/aracatuba\/?s={search_term_string}\"},\"query-input\":\"required name=search_term_string\"}],\"inLanguage\":\"pt-BR\"},{\"@type\":\"ImageObject\",\"@id\":\"https:\/\/unisalesiano.com.br\/aracatuba\/missas-de-cinzas-no-unisalesiano-marcam-o-inicio-da-quaresma-com-reflexao-e-espiritualidade\/#primaryimage\",\"inLanguage\":\"pt-BR\",\"url\":\"https:\/\/unisalesiano.com.br\/aracatuba\/wp-content\/uploads\/2024\/02\/IMG_8064-scaled.jpg\",\"contentUrl\":\"https:\/\/unisalesiano.com.br\/aracatuba\/wp-content\/uploads\/2024\/02\/IMG_8064-scaled.jpg\",\"width\":2560,\"height\":1707},{\"@type\":\"WebPage\",\"@id\":\"https:\/\/unisalesiano.com.br\/aracatuba\/missas-de-cinzas-no-unisalesiano-marcam-o-inicio-da-quaresma-com-reflexao-e-espiritualidade\/#webpage\",\"url\":\"https:\/\/unisalesiano.com.br\/aracatuba\/missas-de-cinzas-no-unisalesiano-marcam-o-inicio-da-quaresma-com-reflexao-e-espiritualidade\/\",\"name\":\"Missas de Cinzas marcam o in\\u00edcio da Quaresma com reflex\\u00e3o e espiritualidade - UniSALESIANO Ara\\u00e7atuba\/SP\",\"isPartOf\":{\"@id\":\"https:\/\/unisalesiano.com.br\/aracatuba\/#website\"},\"primaryImageOfPage\":{\"@id\":\"https:\/\/unisalesiano.com.br\/aracatuba\/missas-de-cinzas-no-unisalesiano-marcam-o-inicio-da-quaresma-com-reflexao-e-espiritualidade\/#primaryimage\"},\"datePublished\":\"2024-02-26T14:54:01+00:00\",\"dateModified\":\"2024-03-11T01:05:50+00:00\",\"author\":{\"@id\":\"https:\/\/unisalesiano.com.br\/aracatuba\/#\/schema\/person\/964caaa63bddcf301b320e385db5203a\"},\"breadcrumb\":{\"@id\":\"https:\/\/unisalesiano.com.br\/aracatuba\/missas-de-cinzas-no-unisalesiano-marcam-o-inicio-da-quaresma-com-reflexao-e-espiritualidade\/#breadcrumb\"},\"inLanguage\":\"pt-BR\",\"potentialAction\":[{\"@type\":\"ReadAction\",\"target\":[\"https:\/\/unisalesiano.com.br\/aracatuba\/missas-de-cinzas-no-unisalesiano-marcam-o-inicio-da-quaresma-com-reflexao-e-espiritualidade\/\"]}]},{\"@type\":\"BreadcrumbList\",\"@id\":\"https:\/\/unisalesiano.com.br\/aracatuba\/missas-de-cinzas-no-unisalesiano-marcam-o-inicio-da-quaresma-com-reflexao-e-espiritualidade\/#breadcrumb\",\"itemListElement\":[{\"@type\":\"ListItem\",\"position\":1,\"name\":\"In\\u00edcio\",\"item\":\"https:\/\/unisalesiano.com.br\/aracatuba\/\"},{\"@type\":\"ListItem\",\"position\":2,\"name\":\"Missas de Cinzas marcam o in\\u00edcio da Quaresma com reflex\\u00e3o e espiritualidade\"}]},{\"@type\":\"Person\",\"@id\":\"https:\/\/unisalesiano.com.br\/aracatuba\/#\/schema\/person\/964caaa63bddcf301b320e385db5203a\",\"name\":\"Monique Bueno\",\"image\":{\"@type\":\"ImageObject\",\"@id\":\"https:\/\/unisalesiano.com.br\/aracatuba\/#personlogo\",\"inLanguage\":\"pt-BR\",\"url\":\"https:\/\/secure.gravatar.com\/avatar\/1680078f9a9fb86c36e76e0928e948cfd68a43bbc313c1bad27d1e48b49b308d?s=96&d=mm&r=g\",\"contentUrl\":\"https:\/\/secure.gravatar.com\/avatar\/1680078f9a9fb86c36e76e0928e948cfd68a43bbc313c1bad27d1e48b49b308d?s=96&d=mm&r=g\",\"caption\":\"Monique Bueno\"},\"url\":\"https:\/\/unisalesiano.com.br\/aracatuba\/author\/monique\/\"}]}<\/script>\n<!-- \/ Yoast SEO plugin. -->","yoast_head_json":{"title":"Missas de Cinzas marcam o in\u00edcio da Quaresma com reflex\u00e3o e espiritualidade - UniSALESIANO Ara\u00e7atuba\/SP","robots":{"index":"index","follow":"follow","max-snippet":"max-snippet:-1","max-image-preview":"max-image-preview:large","max-video-preview":"max-video-preview:-1"},"canonical":"https:\/\/unisalesiano.com.br\/aracatuba\/missas-de-cinzas-no-unisalesiano-marcam-o-inicio-da-quaresma-com-reflexao-e-espiritualidade\/","og_locale":"pt_BR","og_type":"article","og_title":"Missas de Cinzas marcam o in\u00edcio da Quaresma com reflex\u00e3o e espiritualidade - UniSALESIANO Ara\u00e7atuba\/SP","og_description":"As Missas de Cinzas, realizadas na manh\u00e3 e noite de 20 de fevereiro, na Igreja Universit\u00e1ria do UniSALESIANO, marcaram o in\u00edcio do per\u00edodo quaresmal, um tempo de reflex\u00e3o e prepara\u00e7\u00e3o espiritual para a P\u00e1scoa de Jesus Cristo que, neste ano, ser\u00e1 celebrada em 31 de mar\u00e7o. As cerim\u00f4nias, que reuniram acad\u00eamicos, professores e colaboradores da [&hellip;]","og_url":"https:\/\/unisalesiano.com.br\/aracatuba\/missas-de-cinzas-no-unisalesiano-marcam-o-inicio-da-quaresma-com-reflexao-e-espiritualidade\/","og_site_name":"UniSALESIANO Ara\u00e7atuba\/SP","article_published_time":"2024-02-26T14:54:01+00:00","article_modified_time":"2024-03-11T01:05:50+00:00","og_image":[{"width":2560,"height":1707,"url":"https:\/\/unisalesiano.com.br\/aracatuba\/wp-content\/uploads\/2024\/02\/IMG_8064-scaled.jpg","type":"image\/jpeg"}],"twitter_card":"summary_large_image","twitter_misc":{"Escrito por":"Monique Bueno","Est. tempo de leitura":"2 minutos"},"schema":{"@context":"https:\/\/schema.org","@graph":[{"@type":"WebSite","@id":"https:\/\/unisalesiano.com.br\/aracatuba\/#website","url":"https:\/\/unisalesiano.com.br\/aracatuba\/","name":"UniSALESIANO Ara\u00e7atuba\/SP","description":"Centro Universit\u00e1rio Cat\u00f3lico Salesiano Auxilium","potentialAction":[{"@type":"SearchAction","target":{"@type":"EntryPoint","urlTemplate":"https:\/\/unisalesiano.com.br\/aracatuba\/?s={search_term_string}"},"query-input":"required name=search_term_string"}],"inLanguage":"pt-BR"},{"@type":"ImageObject","@id":"https:\/\/unisalesiano.com.br\/aracatuba\/missas-de-cinzas-no-unisalesiano-marcam-o-inicio-da-quaresma-com-reflexao-e-espiritualidade\/#primaryimage","inLanguage":"pt-BR","url":"https:\/\/unisalesiano.com.br\/aracatuba\/wp-content\/uploads\/2024\/02\/IMG_8064-scaled.jpg","contentUrl":"https:\/\/unisalesiano.com.br\/aracatuba\/wp-content\/uploads\/2024\/02\/IMG_8064-scaled.jpg","width":2560,"height":1707},{"@type":"WebPage","@id":"https:\/\/unisalesiano.com.br\/aracatuba\/missas-de-cinzas-no-unisalesiano-marcam-o-inicio-da-quaresma-com-reflexao-e-espiritualidade\/#webpage","url":"https:\/\/unisalesiano.com.br\/aracatuba\/missas-de-cinzas-no-unisalesiano-marcam-o-inicio-da-quaresma-com-reflexao-e-espiritualidade\/","name":"Missas de Cinzas marcam o in\u00edcio da Quaresma com reflex\u00e3o e espiritualidade - UniSALESIANO Ara\u00e7atuba\/SP","isPartOf":{"@id":"https:\/\/unisalesiano.com.br\/aracatuba\/#website"},"primaryImageOfPage":{"@id":"https:\/\/unisalesiano.com.br\/aracatuba\/missas-de-cinzas-no-unisalesiano-marcam-o-inicio-da-quaresma-com-reflexao-e-espiritualidade\/#primaryimage"},"datePublished":"2024-02-26T14:54:01+00:00","dateModified":"2024-03-11T01:05:50+00:00","author":{"@id":"https:\/\/unisalesiano.com.br\/aracatuba\/#\/schema\/person\/964caaa63bddcf301b320e385db5203a"},"breadcrumb":{"@id":"https:\/\/unisalesiano.com.br\/aracatuba\/missas-de-cinzas-no-unisalesiano-marcam-o-inicio-da-quaresma-com-reflexao-e-espiritualidade\/#breadcrumb"},"inLanguage":"pt-BR","potentialAction":[{"@type":"ReadAction","target":["https:\/\/unisalesiano.com.br\/aracatuba\/missas-de-cinzas-no-unisalesiano-marcam-o-inicio-da-quaresma-com-reflexao-e-espiritualidade\/"]}]},{"@type":"BreadcrumbList","@id":"https:\/\/unisalesiano.com.br\/aracatuba\/missas-de-cinzas-no-unisalesiano-marcam-o-inicio-da-quaresma-com-reflexao-e-espiritualidade\/#breadcrumb","itemListElement":[{"@type":"ListItem","position":1,"name":"In\u00edcio","item":"https:\/\/unisalesiano.com.br\/aracatuba\/"},{"@type":"ListItem","position":2,"name":"Missas de Cinzas marcam o in\u00edcio da Quaresma com reflex\u00e3o e espiritualidade"}]},{"@type":"Person","@id":"https:\/\/unisalesiano.com.br\/aracatuba\/#\/schema\/person\/964caaa63bddcf301b320e385db5203a","name":"Monique Bueno","image":{"@type":"ImageObject","@id":"https:\/\/unisalesiano.com.br\/aracatuba\/#personlogo","inLanguage":"pt-BR","url":"https:\/\/secure.gravatar.com\/avatar\/1680078f9a9fb86c36e76e0928e948cfd68a43bbc313c1bad27d1e48b49b308d?s=96&d=mm&r=g","contentUrl":"https:\/\/secure.gravatar.com\/avatar\/1680078f9a9fb86c36e76e0928e948cfd68a43bbc313c1bad27d1e48b49b308d?s=96&d=mm&r=g","caption":"Monique Bueno"},"url":"https:\/\/unisalesiano.com.br\/aracatuba\/author\/monique\/"}]}},"_links":{"self":[{"href":"https:\/\/unisalesiano.com.br\/aracatuba\/wp-json\/wp\/v2\/posts\/40987","targetHints":{"allow":["GET"]}}],"collection":[{"href":"https:\/\/unisalesiano.com.br\/aracatuba\/wp-json\/wp\/v2\/posts"}],"about":[{"href":"https:\/\/unisalesiano.com.br\/aracatuba\/wp-json\/wp\/v2\/types\/post"}],"author":[{"embeddable":true,"href":"https:\/\/unisalesiano.com.br\/aracatuba\/wp-json\/wp\/v2\/users\/3"}],"replies":[{"embeddable":true,"href":"https:\/\/unisalesiano.com.br\/aracatuba\/wp-json\/wp\/v2\/comments?post=40987"}],"version-history":[{"count":0,"href":"https:\/\/unisalesiano.com.br\/aracatuba\/wp-json\/wp\/v2\/posts\/40987\/revisions"}],"wp:featuredmedia":[{"embeddable":true,"href":"https:\/\/unisalesiano.com.br\/aracatuba\/wp-json\/wp\/v2\/media\/40988"}],"wp:attachment":[{"href":"https:\/\/unisalesiano.com.br\/aracatuba\/wp-json\/wp\/v2\/media?parent=40987"}],"wp:term":[{"taxonomy":"category","embeddable":true,"href":"https:\/\/unisalesiano.com.br\/aracatuba\/wp-json\/wp\/v2\/categories?post=40987"},{"taxonomy":"post_tag","embeddable":true,"href":"https:\/\/unisalesiano.com.br\/aracatuba\/wp-json\/wp\/v2\/tags?post=40987"}],"curies":[{"name":"wp","href":"https:\/\/api.w.org\/{rel}","templated":true}]}}