{"id":40253,"date":"2023-11-28T11:48:15","date_gmt":"2023-11-28T14:48:15","guid":{"rendered":"https:\/\/unisalesiano.com.br\/aracatuba\/?p=40253"},"modified":"2023-11-28T11:48:15","modified_gmt":"2023-11-28T14:48:15","slug":"unisalesiano-aracatuba-sedia-encontro-das-redes-de-cooperacao-do-semesp","status":"publish","type":"post","link":"https:\/\/unisalesiano.com.br\/aracatuba\/unisalesiano-aracatuba-sedia-encontro-das-redes-de-cooperacao-do-semesp\/","title":{"rendered":"UniSALESIANO Ara\u00e7atuba sedia encontro das Redes de Coopera\u00e7\u00e3o do Semesp"},"content":{"rendered":"<p>O <strong>UniSALESIANO<\/strong> sediou a reuni\u00e3o das <strong>Redes de Coopera\u00e7\u00e3o do Semesp (Sindicato das Mantenedoras de Ensino Superior do Estado de S\u00e3o Paulo),<\/strong> reunindo reitores e membros de quatro centros universit\u00e1rios paulistas: <strong>UniSALESIANO, UniFEB (Funda\u00e7\u00e3o Educacional de Barretos), UniFEV (Centro Universit\u00e1rio de Votuporanga) e Fipa (Faculdades Integradas Padre Albino), de Catanduva<\/strong>, na manh\u00e3 de 24 de novembro.<\/p>\n<p>O <strong>Diretor-Geral do UniSALESIANO Ara\u00e7atuba, Pe. Erondi Tamandar\u00e9, SDB,<\/strong> teve a honra de receber os membros das institui\u00e7\u00f5es participantes e compartilhou detalhes sobre o m\u00e9todo de aprendizagem adotado pela institui\u00e7\u00e3o, fundamentado no sistema preventivo de Dom Bosco. Essa abordagem, que se destaca como um diferencial do UniSALESIANO, refor\u00e7a o compromisso n\u00e3o apenas com o ensino de qualidade, mas tamb\u00e9m com a forma\u00e7\u00e3o integral dos estudantes.<\/p>\n<p>Dentre os temas abordados durante o encontro, destacaram-se quest\u00f5es cruciais para o desenvolvimento e aprimoramento das Institui\u00e7\u00f5es de Ensino Superior, como campanhas de vestibular, estrat\u00e9gias para capta\u00e7\u00e3o de alunos e investimentos em tecnologia. O <strong>Prof. Andr\u00e9 Ornellas, Pr\u00f3-Reitor de Ensino, Pesquisa e P\u00f3s-Gradua\u00e7\u00e3o do UniSALESIANO<\/strong>, ressaltou a import\u00e2ncia de destacar inicialmente a relev\u00e2ncia de cursar uma faculdade e, posteriormente, transmitir a ess\u00eancia \u00fanica de cada institui\u00e7\u00e3o, visando a fideliza\u00e7\u00e3o dos alunos.<\/p>\n<p>Durante a reuni\u00e3o, o <strong>Prof. Maikon Malaquias, Coordenador do Departamento de Comunica\u00e7\u00e3o e Marketing do UniSALESIANO<\/strong>, apresentou um material abrangente que incluiu desde v\u00eddeos institucionais at\u00e9 campanhas e parcerias estrat\u00e9gicas. Malaquias tamb\u00e9m destacou eventos como o CITE (Congresso Internacional de Tecnologia na Educa\u00e7\u00e3o) e salientou o compromisso da institui\u00e7\u00e3o em acompanhar as constantes revolu\u00e7\u00f5es educacionais, evidenciando os significativos investimentos em infraestrutura tecnol\u00f3gica.<\/p>\n<p>O encontro das Redes de Coopera\u00e7\u00e3o do Semesp no UniSALESIANO, que tamb\u00e9m contou com a presen\u00e7a da <strong>Pr\u00f3-Reitora Administrativa, Vanda Aparecida Guilherme de Moura<\/strong>, n\u00e3o apenas proporcionou um espa\u00e7o para discuss\u00f5es estrat\u00e9gicas, mas tamb\u00e9m evidenciou o papel fundamental das Institui\u00e7\u00f5es de Ensino Superior na promo\u00e7\u00e3o da educa\u00e7\u00e3o de excel\u00eancia e na prepara\u00e7\u00e3o dos alunos para os desafios do futuro.<\/p>\n","protected":false},"excerpt":{"rendered":"<p>O UniSALESIANO sediou a reuni\u00e3o das Redes de Coopera\u00e7\u00e3o do Semesp (Sindicato das Mantenedoras de Ensino Superior do Estado de S\u00e3o Paulo), reunindo reitores e membros de quatro centros universit\u00e1rios paulistas: UniSALESIANO, UniFEB (Funda\u00e7\u00e3o Educacional de Barretos), UniFEV (Centro Universit\u00e1rio de Votuporanga) e Fipa (Faculdades Integradas Padre Albino), de Catanduva, na manh\u00e3 de 24 de [&hellip;]<\/p>\n","protected":false},"author":3,"featured_media":40255,"comment_status":"open","ping_status":"open","sticky":false,"template":"","format":"standard","meta":{"footnotes":""},"categories":[11,9],"tags":[103,1574,132,130,16],"class_list":["post-40253","post","type-post","status-publish","format-standard","has-post-thumbnail","hentry","category-institucional","category-reitoria","tag-aracatuba","tag-centros-universitarios","tag-reitoria","tag-semesp","tag-unisalesiano"],"yoast_head":"<!-- This site is optimized with the Yoast SEO plugin v17.4 - https:\/\/yoast.com\/wordpress\/plugins\/seo\/ -->\n<title>UniSALESIANO Ara\u00e7atuba sedia encontro das Redes de Coopera\u00e7\u00e3o do Semesp - UniSALESIANO Ara\u00e7atuba\/SP<\/title>\n<meta name=\"robots\" content=\"index, follow, max-snippet:-1, max-image-preview:large, max-video-preview:-1\" \/>\n<link rel=\"canonical\" href=\"https:\/\/unisalesiano.com.br\/aracatuba\/unisalesiano-aracatuba-sedia-encontro-das-redes-de-cooperacao-do-semesp\/\" \/>\n<meta property=\"og:locale\" content=\"pt_BR\" \/>\n<meta property=\"og:type\" content=\"article\" \/>\n<meta property=\"og:title\" content=\"UniSALESIANO Ara\u00e7atuba sedia encontro das Redes de Coopera\u00e7\u00e3o do Semesp - UniSALESIANO Ara\u00e7atuba\/SP\" \/>\n<meta property=\"og:description\" content=\"O UniSALESIANO sediou a reuni\u00e3o das Redes de Coopera\u00e7\u00e3o do Semesp (Sindicato das Mantenedoras de Ensino Superior do Estado de S\u00e3o Paulo), reunindo reitores e membros de quatro centros universit\u00e1rios paulistas: UniSALESIANO, UniFEB (Funda\u00e7\u00e3o Educacional de Barretos), UniFEV (Centro Universit\u00e1rio de Votuporanga) e Fipa (Faculdades Integradas Padre Albino), de Catanduva, na manh\u00e3 de 24 de [&hellip;]\" \/>\n<meta property=\"og:url\" content=\"https:\/\/unisalesiano.com.br\/aracatuba\/unisalesiano-aracatuba-sedia-encontro-das-redes-de-cooperacao-do-semesp\/\" \/>\n<meta property=\"og:site_name\" content=\"UniSALESIANO Ara\u00e7atuba\/SP\" \/>\n<meta property=\"article:published_time\" content=\"2023-11-28T14:48:15+00:00\" \/>\n<meta property=\"og:image\" content=\"https:\/\/unisalesiano.com.br\/aracatuba\/wp-content\/uploads\/2023\/11\/IMG_0987-scaled.jpg\" \/>\n\t<meta property=\"og:image:width\" content=\"2560\" \/>\n\t<meta property=\"og:image:height\" content=\"1707\" \/>\n<meta name=\"twitter:card\" content=\"summary_large_image\" \/>\n<meta name=\"twitter:label1\" content=\"Escrito por\" \/>\n\t<meta name=\"twitter:data1\" content=\"Monique Bueno\" \/>\n\t<meta name=\"twitter:label2\" content=\"Est. tempo de leitura\" \/>\n\t<meta name=\"twitter:data2\" content=\"2 minutos\" \/>\n<script type=\"application\/ld+json\" class=\"yoast-schema-graph\">{\"@context\":\"https:\/\/schema.org\",\"@graph\":[{\"@type\":\"WebSite\",\"@id\":\"https:\/\/unisalesiano.com.br\/aracatuba\/#website\",\"url\":\"https:\/\/unisalesiano.com.br\/aracatuba\/\",\"name\":\"UniSALESIANO Ara\\u00e7atuba\/SP\",\"description\":\"Centro Universit\\u00e1rio Cat\\u00f3lico Salesiano Auxilium\",\"potentialAction\":[{\"@type\":\"SearchAction\",\"target\":{\"@type\":\"EntryPoint\",\"urlTemplate\":\"https:\/\/unisalesiano.com.br\/aracatuba\/?s={search_term_string}\"},\"query-input\":\"required name=search_term_string\"}],\"inLanguage\":\"pt-BR\"},{\"@type\":\"ImageObject\",\"@id\":\"https:\/\/unisalesiano.com.br\/aracatuba\/unisalesiano-aracatuba-sedia-encontro-das-redes-de-cooperacao-do-semesp\/#primaryimage\",\"inLanguage\":\"pt-BR\",\"url\":\"https:\/\/unisalesiano.com.br\/aracatuba\/wp-content\/uploads\/2023\/11\/IMG_0987-scaled.jpg\",\"contentUrl\":\"https:\/\/unisalesiano.com.br\/aracatuba\/wp-content\/uploads\/2023\/11\/IMG_0987-scaled.jpg\",\"width\":2560,\"height\":1707},{\"@type\":\"WebPage\",\"@id\":\"https:\/\/unisalesiano.com.br\/aracatuba\/unisalesiano-aracatuba-sedia-encontro-das-redes-de-cooperacao-do-semesp\/#webpage\",\"url\":\"https:\/\/unisalesiano.com.br\/aracatuba\/unisalesiano-aracatuba-sedia-encontro-das-redes-de-cooperacao-do-semesp\/\",\"name\":\"UniSALESIANO Ara\\u00e7atuba sedia encontro das Redes de Coopera\\u00e7\\u00e3o do Semesp - UniSALESIANO Ara\\u00e7atuba\/SP\",\"isPartOf\":{\"@id\":\"https:\/\/unisalesiano.com.br\/aracatuba\/#website\"},\"primaryImageOfPage\":{\"@id\":\"https:\/\/unisalesiano.com.br\/aracatuba\/unisalesiano-aracatuba-sedia-encontro-das-redes-de-cooperacao-do-semesp\/#primaryimage\"},\"datePublished\":\"2023-11-28T14:48:15+00:00\",\"dateModified\":\"2023-11-28T14:48:15+00:00\",\"author\":{\"@id\":\"https:\/\/unisalesiano.com.br\/aracatuba\/#\/schema\/person\/964caaa63bddcf301b320e385db5203a\"},\"breadcrumb\":{\"@id\":\"https:\/\/unisalesiano.com.br\/aracatuba\/unisalesiano-aracatuba-sedia-encontro-das-redes-de-cooperacao-do-semesp\/#breadcrumb\"},\"inLanguage\":\"pt-BR\",\"potentialAction\":[{\"@type\":\"ReadAction\",\"target\":[\"https:\/\/unisalesiano.com.br\/aracatuba\/unisalesiano-aracatuba-sedia-encontro-das-redes-de-cooperacao-do-semesp\/\"]}]},{\"@type\":\"BreadcrumbList\",\"@id\":\"https:\/\/unisalesiano.com.br\/aracatuba\/unisalesiano-aracatuba-sedia-encontro-das-redes-de-cooperacao-do-semesp\/#breadcrumb\",\"itemListElement\":[{\"@type\":\"ListItem\",\"position\":1,\"name\":\"In\\u00edcio\",\"item\":\"https:\/\/unisalesiano.com.br\/aracatuba\/\"},{\"@type\":\"ListItem\",\"position\":2,\"name\":\"UniSALESIANO Ara\\u00e7atuba sedia encontro das Redes de Coopera\\u00e7\\u00e3o do Semesp\"}]},{\"@type\":\"Person\",\"@id\":\"https:\/\/unisalesiano.com.br\/aracatuba\/#\/schema\/person\/964caaa63bddcf301b320e385db5203a\",\"name\":\"Monique Bueno\",\"image\":{\"@type\":\"ImageObject\",\"@id\":\"https:\/\/unisalesiano.com.br\/aracatuba\/#personlogo\",\"inLanguage\":\"pt-BR\",\"url\":\"https:\/\/secure.gravatar.com\/avatar\/1680078f9a9fb86c36e76e0928e948cfd68a43bbc313c1bad27d1e48b49b308d?s=96&d=mm&r=g\",\"contentUrl\":\"https:\/\/secure.gravatar.com\/avatar\/1680078f9a9fb86c36e76e0928e948cfd68a43bbc313c1bad27d1e48b49b308d?s=96&d=mm&r=g\",\"caption\":\"Monique Bueno\"},\"url\":\"https:\/\/unisalesiano.com.br\/aracatuba\/author\/monique\/\"}]}<\/script>\n<!-- \/ Yoast SEO plugin. -->","yoast_head_json":{"title":"UniSALESIANO Ara\u00e7atuba sedia encontro das Redes de Coopera\u00e7\u00e3o do Semesp - UniSALESIANO Ara\u00e7atuba\/SP","robots":{"index":"index","follow":"follow","max-snippet":"max-snippet:-1","max-image-preview":"max-image-preview:large","max-video-preview":"max-video-preview:-1"},"canonical":"https:\/\/unisalesiano.com.br\/aracatuba\/unisalesiano-aracatuba-sedia-encontro-das-redes-de-cooperacao-do-semesp\/","og_locale":"pt_BR","og_type":"article","og_title":"UniSALESIANO Ara\u00e7atuba sedia encontro das Redes de Coopera\u00e7\u00e3o do Semesp - UniSALESIANO Ara\u00e7atuba\/SP","og_description":"O UniSALESIANO sediou a reuni\u00e3o das Redes de Coopera\u00e7\u00e3o do Semesp (Sindicato das Mantenedoras de Ensino Superior do Estado de S\u00e3o Paulo), reunindo reitores e membros de quatro centros universit\u00e1rios paulistas: UniSALESIANO, UniFEB (Funda\u00e7\u00e3o Educacional de Barretos), UniFEV (Centro Universit\u00e1rio de Votuporanga) e Fipa (Faculdades Integradas Padre Albino), de Catanduva, na manh\u00e3 de 24 de [&hellip;]","og_url":"https:\/\/unisalesiano.com.br\/aracatuba\/unisalesiano-aracatuba-sedia-encontro-das-redes-de-cooperacao-do-semesp\/","og_site_name":"UniSALESIANO Ara\u00e7atuba\/SP","article_published_time":"2023-11-28T14:48:15+00:00","og_image":[{"width":2560,"height":1707,"url":"https:\/\/unisalesiano.com.br\/aracatuba\/wp-content\/uploads\/2023\/11\/IMG_0987-scaled.jpg","type":"image\/jpeg"}],"twitter_card":"summary_large_image","twitter_misc":{"Escrito por":"Monique Bueno","Est. tempo de leitura":"2 minutos"},"schema":{"@context":"https:\/\/schema.org","@graph":[{"@type":"WebSite","@id":"https:\/\/unisalesiano.com.br\/aracatuba\/#website","url":"https:\/\/unisalesiano.com.br\/aracatuba\/","name":"UniSALESIANO Ara\u00e7atuba\/SP","description":"Centro Universit\u00e1rio Cat\u00f3lico Salesiano Auxilium","potentialAction":[{"@type":"SearchAction","target":{"@type":"EntryPoint","urlTemplate":"https:\/\/unisalesiano.com.br\/aracatuba\/?s={search_term_string}"},"query-input":"required name=search_term_string"}],"inLanguage":"pt-BR"},{"@type":"ImageObject","@id":"https:\/\/unisalesiano.com.br\/aracatuba\/unisalesiano-aracatuba-sedia-encontro-das-redes-de-cooperacao-do-semesp\/#primaryimage","inLanguage":"pt-BR","url":"https:\/\/unisalesiano.com.br\/aracatuba\/wp-content\/uploads\/2023\/11\/IMG_0987-scaled.jpg","contentUrl":"https:\/\/unisalesiano.com.br\/aracatuba\/wp-content\/uploads\/2023\/11\/IMG_0987-scaled.jpg","width":2560,"height":1707},{"@type":"WebPage","@id":"https:\/\/unisalesiano.com.br\/aracatuba\/unisalesiano-aracatuba-sedia-encontro-das-redes-de-cooperacao-do-semesp\/#webpage","url":"https:\/\/unisalesiano.com.br\/aracatuba\/unisalesiano-aracatuba-sedia-encontro-das-redes-de-cooperacao-do-semesp\/","name":"UniSALESIANO Ara\u00e7atuba sedia encontro das Redes de Coopera\u00e7\u00e3o do Semesp - UniSALESIANO Ara\u00e7atuba\/SP","isPartOf":{"@id":"https:\/\/unisalesiano.com.br\/aracatuba\/#website"},"primaryImageOfPage":{"@id":"https:\/\/unisalesiano.com.br\/aracatuba\/unisalesiano-aracatuba-sedia-encontro-das-redes-de-cooperacao-do-semesp\/#primaryimage"},"datePublished":"2023-11-28T14:48:15+00:00","dateModified":"2023-11-28T14:48:15+00:00","author":{"@id":"https:\/\/unisalesiano.com.br\/aracatuba\/#\/schema\/person\/964caaa63bddcf301b320e385db5203a"},"breadcrumb":{"@id":"https:\/\/unisalesiano.com.br\/aracatuba\/unisalesiano-aracatuba-sedia-encontro-das-redes-de-cooperacao-do-semesp\/#breadcrumb"},"inLanguage":"pt-BR","potentialAction":[{"@type":"ReadAction","target":["https:\/\/unisalesiano.com.br\/aracatuba\/unisalesiano-aracatuba-sedia-encontro-das-redes-de-cooperacao-do-semesp\/"]}]},{"@type":"BreadcrumbList","@id":"https:\/\/unisalesiano.com.br\/aracatuba\/unisalesiano-aracatuba-sedia-encontro-das-redes-de-cooperacao-do-semesp\/#breadcrumb","itemListElement":[{"@type":"ListItem","position":1,"name":"In\u00edcio","item":"https:\/\/unisalesiano.com.br\/aracatuba\/"},{"@type":"ListItem","position":2,"name":"UniSALESIANO Ara\u00e7atuba sedia encontro das Redes de Coopera\u00e7\u00e3o do Semesp"}]},{"@type":"Person","@id":"https:\/\/unisalesiano.com.br\/aracatuba\/#\/schema\/person\/964caaa63bddcf301b320e385db5203a","name":"Monique Bueno","image":{"@type":"ImageObject","@id":"https:\/\/unisalesiano.com.br\/aracatuba\/#personlogo","inLanguage":"pt-BR","url":"https:\/\/secure.gravatar.com\/avatar\/1680078f9a9fb86c36e76e0928e948cfd68a43bbc313c1bad27d1e48b49b308d?s=96&d=mm&r=g","contentUrl":"https:\/\/secure.gravatar.com\/avatar\/1680078f9a9fb86c36e76e0928e948cfd68a43bbc313c1bad27d1e48b49b308d?s=96&d=mm&r=g","caption":"Monique Bueno"},"url":"https:\/\/unisalesiano.com.br\/aracatuba\/author\/monique\/"}]}},"_links":{"self":[{"href":"https:\/\/unisalesiano.com.br\/aracatuba\/wp-json\/wp\/v2\/posts\/40253","targetHints":{"allow":["GET"]}}],"collection":[{"href":"https:\/\/unisalesiano.com.br\/aracatuba\/wp-json\/wp\/v2\/posts"}],"about":[{"href":"https:\/\/unisalesiano.com.br\/aracatuba\/wp-json\/wp\/v2\/types\/post"}],"author":[{"embeddable":true,"href":"https:\/\/unisalesiano.com.br\/aracatuba\/wp-json\/wp\/v2\/users\/3"}],"replies":[{"embeddable":true,"href":"https:\/\/unisalesiano.com.br\/aracatuba\/wp-json\/wp\/v2\/comments?post=40253"}],"version-history":[{"count":0,"href":"https:\/\/unisalesiano.com.br\/aracatuba\/wp-json\/wp\/v2\/posts\/40253\/revisions"}],"wp:featuredmedia":[{"embeddable":true,"href":"https:\/\/unisalesiano.com.br\/aracatuba\/wp-json\/wp\/v2\/media\/40255"}],"wp:attachment":[{"href":"https:\/\/unisalesiano.com.br\/aracatuba\/wp-json\/wp\/v2\/media?parent=40253"}],"wp:term":[{"taxonomy":"category","embeddable":true,"href":"https:\/\/unisalesiano.com.br\/aracatuba\/wp-json\/wp\/v2\/categories?post=40253"},{"taxonomy":"post_tag","embeddable":true,"href":"https:\/\/unisalesiano.com.br\/aracatuba\/wp-json\/wp\/v2\/tags?post=40253"}],"curies":[{"name":"wp","href":"https:\/\/api.w.org\/{rel}","templated":true}]}}