{"id":39998,"date":"2023-10-31T16:59:32","date_gmt":"2023-10-31T19:59:32","guid":{"rendered":"https:\/\/unisalesiano.com.br\/aracatuba\/?p=39998"},"modified":"2023-10-31T16:59:32","modified_gmt":"2023-10-31T19:59:32","slug":"romaria-universitaria-do-unisalesiano-reune-mais-de-400-peregrinos-em-aparecida","status":"publish","type":"post","link":"https:\/\/unisalesiano.com.br\/aracatuba\/romaria-universitaria-do-unisalesiano-reune-mais-de-400-peregrinos-em-aparecida\/","title":{"rendered":"Romaria Universit\u00e1ria do UniSALESIANO re\u00fane mais de 400 peregrinos em Aparecida"},"content":{"rendered":"<p>A<strong> Romaria Universit\u00e1ria do UniSALESIANO<\/strong>, realizada nos dias 27 e 28 de outubro, contou com mais de 400 acad\u00eamicos, colaboradores e docentes da Institui\u00e7\u00e3o, incluindo os membros da Reitoria: Reitor e Diretor-Geral de Lins, <strong>Pe. Paulo Fernando Vendrame, SDB<\/strong>; Vice-Reitor e Diretor-Geral de Ara\u00e7atuba, <strong>Pe. Erondi Tamandar\u00e9, SDB<\/strong>; Pr\u00f3-Reitor de Pastoral, <strong>Pe. Paulo Eduardo J\u00e1como, SDB<\/strong>; Pr\u00f3-Reitor de Ensino, Pesquisa e P\u00f3s-Gradua\u00e7\u00e3o, <strong>Prof. Andr\u00e9 Ornellas<\/strong>; e Pr\u00f3-Reitora Administrativa, <strong>Vanda Aparecida Guilherme de Moura<\/strong>.<\/p>\n<p>Oito \u00f4nibus lotados levam os peregrinos at\u00e9 Aparecida, sendo seis de Ara\u00e7atuba e dois de Lins. Pe. Paulo J\u00e1como lembrou que a participa\u00e7\u00e3o ativa foi iniciada j\u00e1 na Celebra\u00e7\u00e3o celebrada por ele, antes da viagem, no audit\u00f3rio Papa Francisco, em Ara\u00e7atuba. \u201cFoi um momento muito bonito, os acad\u00eamicos peregrinos estavam bem compenetrados e preparados para participar da Romaria. Todos se mostraram participativos e comprometidos com os roteiros combinados&#8221;, destacou.<\/p>\n<p>Teve tamb\u00e9m uma reuni\u00e3o com os l\u00edderes dos oito \u00f4nibus. Cada l\u00edder recebeu orienta\u00e7\u00f5es sobre a viagem e a responsabilidade de zelar pelo grupo. &#8220;Era importante que eles cuidassem bem dos peregrinos do seu \u00f4nibus e acompanhassem cada parada para garantir a presen\u00e7a de todos antes de seguir viagem&#8221;, explicou, ao lembrar que todos os \u00f4nibus tinham seus padroeiros e cores, bem como os peregrinos, viajaram uniformizados.<\/p>\n<p>A chegada a Aparecida ocorreu por volta das oito horas, do dia 28, seguida pela participa\u00e7\u00e3o na missa das 9h, com a concelebra\u00e7\u00e3o de Pe. Paulo J\u00e1como. Ap\u00f3s a cerim\u00f4nia, foi feita a foto oficial diante da Bas\u00edlica, marcando o in\u00edcio da peregrina\u00e7\u00e3o individual, conforme o roteiro proposto.<\/p>\n<p>&#8220;Foi uma viagem tranquila, com um dia bonito. O clima estava nublado, o que ajudou, j\u00e1 que n\u00e3o enfrentamos um calor intenso\u201d, disse, ao ressaltar a import\u00e2ncia desse tipo de evento. &#8220;A nossa institui\u00e7\u00e3o tem esse cunho cat\u00f3lico e mariano, o amor a Nossa Senhora. \u00c9 uma tradi\u00e7\u00e3o que permanecer\u00e1 conosco&#8221;.<\/p>\n<p>Por sua vez, o Pr\u00f3-Reitor de Ensino, Pesquisa e P\u00f3s-Gradua\u00e7\u00e3o, Prof. Andr\u00e9 Ornellas, afirmou que este evento n\u00e3o \u00e9 apenas uma tradi\u00e7\u00e3o, mas tamb\u00e9m um reflexo do compromisso do UniSALESIANO com a f\u00e9, uni\u00e3o e com o comprometimento comunit\u00e1rio.<\/p>\n<p>J\u00e1 o Vice-Reitor e Diretor-Geral do UniSALESIANO, Pe. Erondi Tamandar\u00e9, SDB, expressou sua gratid\u00e3o pela dedica\u00e7\u00e3o, pelo entusiasmo e pela participa\u00e7\u00e3o ativa de cada peregrino da Romaria Universit\u00e1ria. \u201cQue essa experi\u00eancia acompanhe todos em suas jornadas acad\u00eamicas e espirituais, inspirando-os a ser cada vez melhores, n\u00e3o apenas como estudantes, mas como seres humanos comprometidos com a fraternidade e a f\u00e9\u201d, concluiu.<\/p>\n<p>&nbsp;<\/p>\n<p><strong>Depoimentos dos acad\u00eamicos peregrinos sobre a Romaria Universit\u00e1ria:<\/strong><\/p>\n<p>Foi perfeito. A experi\u00eancia de chegar l\u00e1, aquela missa sabe Voc\u00ea entra nos lugares, e voc\u00ea sente algo inexplic\u00e1vel. Meus olhos enchiam de \u00e1gua. Ano que vem quero ir de novo<\/p>\n<p><strong><em>Eva Luana Souza Pires 5\u00ba termo do Curso de Medicina<\/em><\/strong><\/p>\n<p>&nbsp;<\/p>\n<p>Foi a minha primeira Romaria Universit\u00e1ria do UniSALESIANO e posso dizer que foi uma experi\u00eancia \u00fanica e marcante. Visitar a casa da M\u00e3e Aparecida \u00e9 sempre uma gra\u00e7a, mas ir com pessoas t\u00e3o especiais torna a viagem ainda mais incr\u00edvel.<\/p>\n<p>Estar l\u00e1, para mim, foi como estar em casa no colo de m\u00e3e. Me senti acolhido, aben\u00e7oado e encontrei respostas para muitas d\u00favidas que estavam em meu cora\u00e7\u00e3o.<\/p>\n<p>Foi um momento que n\u00e3o quero esquecer nunca e que pretendo repetir tantas outras vezes quanto for poss\u00edvel. Agrade\u00e7o a Deus por essa oportunidade.<\/p>\n<p><strong><em>Paulo V\u00edtor Cabral Covilo, 5\u00b0 Termo do Curso de Medicina<\/em><\/strong><\/p>\n<p>&nbsp;<\/p>\n<p>Eu achei uma ben\u00e7\u00e3o ter a oportunidade de visitar a Casa da M\u00e3e com outros universit\u00e1rios. \u00c9 uma experi\u00eancia que fortalece minha f\u00e9 e, por isso, eu me sinto grata por estudar no UniSALESIANO. Foi uma viagem alegre, tranquila e bem organizada.<\/p>\n<p><strong><em>Ana Laura Leite de Oliveira, 4\u00ba Termo do Curso de Psicologia<\/em><\/strong><\/p>\n<p>&nbsp;<\/p>\n<p><img loading=\"lazy\" decoding=\"async\" class=\"aligncenter size-full wp-image-40025\" src=\"https:\/\/unisalesiano.com.br\/aracatuba\/wp-content\/uploads\/2023\/10\/784A3402-scaled.jpg\" alt=\"\" width=\"2560\" height=\"1707\" srcset=\"https:\/\/unisalesiano.com.br\/aracatuba\/wp-content\/uploads\/2023\/10\/784A3402-scaled.jpg 2560w, https:\/\/unisalesiano.com.br\/aracatuba\/wp-content\/uploads\/2023\/10\/784A3402-300x200.jpg 300w, https:\/\/unisalesiano.com.br\/aracatuba\/wp-content\/uploads\/2023\/10\/784A3402-1024x683.jpg 1024w, https:\/\/unisalesiano.com.br\/aracatuba\/wp-content\/uploads\/2023\/10\/784A3402-768x512.jpg 768w, https:\/\/unisalesiano.com.br\/aracatuba\/wp-content\/uploads\/2023\/10\/784A3402-1536x1024.jpg 1536w, https:\/\/unisalesiano.com.br\/aracatuba\/wp-content\/uploads\/2023\/10\/784A3402-2048x1365.jpg 2048w\" sizes=\"auto, (max-width: 2560px) 100vw, 2560px\" \/><\/p>\n<p>&nbsp;<\/p>\n","protected":false},"excerpt":{"rendered":"<p>A Romaria Universit\u00e1ria do UniSALESIANO, realizada nos dias 27 e 28 de outubro, contou com mais de 400 acad\u00eamicos, colaboradores e docentes da Institui\u00e7\u00e3o, incluindo os membros da Reitoria: Reitor e Diretor-Geral de Lins, Pe. Paulo Fernando Vendrame, SDB; Vice-Reitor e Diretor-Geral de Ara\u00e7atuba, Pe. Erondi Tamandar\u00e9, SDB; Pr\u00f3-Reitor de Pastoral, Pe. Paulo Eduardo J\u00e1como, [&hellip;]<\/p>\n","protected":false},"author":3,"featured_media":39999,"comment_status":"open","ping_status":"open","sticky":false,"template":"","format":"standard","meta":{"footnotes":""},"categories":[11,10,9],"tags":[1445,103,97,34,1098,16],"class_list":["post-39998","post","type-post","status-publish","format-standard","has-post-thumbnail","hentry","category-institucional","category-pastoral","category-reitoria","tag-aparecida","tag-aracatuba","tag-lins","tag-pastoral-universitaria","tag-romaria-universitaria","tag-unisalesiano"],"yoast_head":"<!-- This site is optimized with the Yoast SEO plugin v17.4 - https:\/\/yoast.com\/wordpress\/plugins\/seo\/ -->\n<title>Romaria Universit\u00e1ria do UniSALESIANO re\u00fane mais de 400 peregrinos em Aparecida - UniSALESIANO Ara\u00e7atuba\/SP<\/title>\n<meta name=\"robots\" content=\"index, follow, max-snippet:-1, max-image-preview:large, max-video-preview:-1\" \/>\n<link rel=\"canonical\" href=\"https:\/\/unisalesiano.com.br\/aracatuba\/romaria-universitaria-do-unisalesiano-reune-mais-de-400-peregrinos-em-aparecida\/\" \/>\n<meta property=\"og:locale\" content=\"pt_BR\" \/>\n<meta property=\"og:type\" content=\"article\" \/>\n<meta property=\"og:title\" content=\"Romaria Universit\u00e1ria do UniSALESIANO re\u00fane mais de 400 peregrinos em Aparecida - UniSALESIANO Ara\u00e7atuba\/SP\" \/>\n<meta property=\"og:description\" content=\"A Romaria Universit\u00e1ria do UniSALESIANO, realizada nos dias 27 e 28 de outubro, contou com mais de 400 acad\u00eamicos, colaboradores e docentes da Institui\u00e7\u00e3o, incluindo os membros da Reitoria: Reitor e Diretor-Geral de Lins, Pe. Paulo Fernando Vendrame, SDB; Vice-Reitor e Diretor-Geral de Ara\u00e7atuba, Pe. Erondi Tamandar\u00e9, SDB; Pr\u00f3-Reitor de Pastoral, Pe. Paulo Eduardo J\u00e1como, [&hellip;]\" \/>\n<meta property=\"og:url\" content=\"https:\/\/unisalesiano.com.br\/aracatuba\/romaria-universitaria-do-unisalesiano-reune-mais-de-400-peregrinos-em-aparecida\/\" \/>\n<meta property=\"og:site_name\" content=\"UniSALESIANO Ara\u00e7atuba\/SP\" \/>\n<meta property=\"article:published_time\" content=\"2023-10-31T19:59:32+00:00\" \/>\n<meta property=\"og:image\" content=\"https:\/\/unisalesiano.com.br\/aracatuba\/wp-content\/uploads\/2023\/10\/784A3357-scaled.jpg\" \/>\n\t<meta property=\"og:image:width\" content=\"2560\" \/>\n\t<meta property=\"og:image:height\" content=\"1707\" \/>\n<meta name=\"twitter:card\" content=\"summary_large_image\" \/>\n<meta name=\"twitter:label1\" content=\"Escrito por\" \/>\n\t<meta name=\"twitter:data1\" content=\"Monique Bueno\" \/>\n\t<meta name=\"twitter:label2\" content=\"Est. tempo de leitura\" \/>\n\t<meta name=\"twitter:data2\" content=\"3 minutos\" \/>\n<script type=\"application\/ld+json\" class=\"yoast-schema-graph\">{\"@context\":\"https:\/\/schema.org\",\"@graph\":[{\"@type\":\"WebSite\",\"@id\":\"https:\/\/unisalesiano.com.br\/aracatuba\/#website\",\"url\":\"https:\/\/unisalesiano.com.br\/aracatuba\/\",\"name\":\"UniSALESIANO Ara\\u00e7atuba\/SP\",\"description\":\"Centro Universit\\u00e1rio Cat\\u00f3lico Salesiano Auxilium\",\"potentialAction\":[{\"@type\":\"SearchAction\",\"target\":{\"@type\":\"EntryPoint\",\"urlTemplate\":\"https:\/\/unisalesiano.com.br\/aracatuba\/?s={search_term_string}\"},\"query-input\":\"required name=search_term_string\"}],\"inLanguage\":\"pt-BR\"},{\"@type\":\"ImageObject\",\"@id\":\"https:\/\/unisalesiano.com.br\/aracatuba\/romaria-universitaria-do-unisalesiano-reune-mais-de-400-peregrinos-em-aparecida\/#primaryimage\",\"inLanguage\":\"pt-BR\",\"url\":\"https:\/\/unisalesiano.com.br\/aracatuba\/wp-content\/uploads\/2023\/10\/784A3357-scaled.jpg\",\"contentUrl\":\"https:\/\/unisalesiano.com.br\/aracatuba\/wp-content\/uploads\/2023\/10\/784A3357-scaled.jpg\",\"width\":2560,\"height\":1707},{\"@type\":\"WebPage\",\"@id\":\"https:\/\/unisalesiano.com.br\/aracatuba\/romaria-universitaria-do-unisalesiano-reune-mais-de-400-peregrinos-em-aparecida\/#webpage\",\"url\":\"https:\/\/unisalesiano.com.br\/aracatuba\/romaria-universitaria-do-unisalesiano-reune-mais-de-400-peregrinos-em-aparecida\/\",\"name\":\"Romaria Universit\\u00e1ria do UniSALESIANO re\\u00fane mais de 400 peregrinos em Aparecida - UniSALESIANO Ara\\u00e7atuba\/SP\",\"isPartOf\":{\"@id\":\"https:\/\/unisalesiano.com.br\/aracatuba\/#website\"},\"primaryImageOfPage\":{\"@id\":\"https:\/\/unisalesiano.com.br\/aracatuba\/romaria-universitaria-do-unisalesiano-reune-mais-de-400-peregrinos-em-aparecida\/#primaryimage\"},\"datePublished\":\"2023-10-31T19:59:32+00:00\",\"dateModified\":\"2023-10-31T19:59:32+00:00\",\"author\":{\"@id\":\"https:\/\/unisalesiano.com.br\/aracatuba\/#\/schema\/person\/964caaa63bddcf301b320e385db5203a\"},\"breadcrumb\":{\"@id\":\"https:\/\/unisalesiano.com.br\/aracatuba\/romaria-universitaria-do-unisalesiano-reune-mais-de-400-peregrinos-em-aparecida\/#breadcrumb\"},\"inLanguage\":\"pt-BR\",\"potentialAction\":[{\"@type\":\"ReadAction\",\"target\":[\"https:\/\/unisalesiano.com.br\/aracatuba\/romaria-universitaria-do-unisalesiano-reune-mais-de-400-peregrinos-em-aparecida\/\"]}]},{\"@type\":\"BreadcrumbList\",\"@id\":\"https:\/\/unisalesiano.com.br\/aracatuba\/romaria-universitaria-do-unisalesiano-reune-mais-de-400-peregrinos-em-aparecida\/#breadcrumb\",\"itemListElement\":[{\"@type\":\"ListItem\",\"position\":1,\"name\":\"In\\u00edcio\",\"item\":\"https:\/\/unisalesiano.com.br\/aracatuba\/\"},{\"@type\":\"ListItem\",\"position\":2,\"name\":\"Romaria Universit\\u00e1ria do UniSALESIANO re\\u00fane mais de 400 peregrinos em Aparecida\"}]},{\"@type\":\"Person\",\"@id\":\"https:\/\/unisalesiano.com.br\/aracatuba\/#\/schema\/person\/964caaa63bddcf301b320e385db5203a\",\"name\":\"Monique Bueno\",\"image\":{\"@type\":\"ImageObject\",\"@id\":\"https:\/\/unisalesiano.com.br\/aracatuba\/#personlogo\",\"inLanguage\":\"pt-BR\",\"url\":\"https:\/\/secure.gravatar.com\/avatar\/1680078f9a9fb86c36e76e0928e948cfd68a43bbc313c1bad27d1e48b49b308d?s=96&d=mm&r=g\",\"contentUrl\":\"https:\/\/secure.gravatar.com\/avatar\/1680078f9a9fb86c36e76e0928e948cfd68a43bbc313c1bad27d1e48b49b308d?s=96&d=mm&r=g\",\"caption\":\"Monique Bueno\"},\"url\":\"https:\/\/unisalesiano.com.br\/aracatuba\/author\/monique\/\"}]}<\/script>\n<!-- \/ Yoast SEO plugin. -->","yoast_head_json":{"title":"Romaria Universit\u00e1ria do UniSALESIANO re\u00fane mais de 400 peregrinos em Aparecida - UniSALESIANO Ara\u00e7atuba\/SP","robots":{"index":"index","follow":"follow","max-snippet":"max-snippet:-1","max-image-preview":"max-image-preview:large","max-video-preview":"max-video-preview:-1"},"canonical":"https:\/\/unisalesiano.com.br\/aracatuba\/romaria-universitaria-do-unisalesiano-reune-mais-de-400-peregrinos-em-aparecida\/","og_locale":"pt_BR","og_type":"article","og_title":"Romaria Universit\u00e1ria do UniSALESIANO re\u00fane mais de 400 peregrinos em Aparecida - UniSALESIANO Ara\u00e7atuba\/SP","og_description":"A Romaria Universit\u00e1ria do UniSALESIANO, realizada nos dias 27 e 28 de outubro, contou com mais de 400 acad\u00eamicos, colaboradores e docentes da Institui\u00e7\u00e3o, incluindo os membros da Reitoria: Reitor e Diretor-Geral de Lins, Pe. Paulo Fernando Vendrame, SDB; Vice-Reitor e Diretor-Geral de Ara\u00e7atuba, Pe. Erondi Tamandar\u00e9, SDB; Pr\u00f3-Reitor de Pastoral, Pe. Paulo Eduardo J\u00e1como, [&hellip;]","og_url":"https:\/\/unisalesiano.com.br\/aracatuba\/romaria-universitaria-do-unisalesiano-reune-mais-de-400-peregrinos-em-aparecida\/","og_site_name":"UniSALESIANO Ara\u00e7atuba\/SP","article_published_time":"2023-10-31T19:59:32+00:00","og_image":[{"width":2560,"height":1707,"url":"https:\/\/unisalesiano.com.br\/aracatuba\/wp-content\/uploads\/2023\/10\/784A3357-scaled.jpg","type":"image\/jpeg"}],"twitter_card":"summary_large_image","twitter_misc":{"Escrito por":"Monique Bueno","Est. tempo de leitura":"3 minutos"},"schema":{"@context":"https:\/\/schema.org","@graph":[{"@type":"WebSite","@id":"https:\/\/unisalesiano.com.br\/aracatuba\/#website","url":"https:\/\/unisalesiano.com.br\/aracatuba\/","name":"UniSALESIANO Ara\u00e7atuba\/SP","description":"Centro Universit\u00e1rio Cat\u00f3lico Salesiano Auxilium","potentialAction":[{"@type":"SearchAction","target":{"@type":"EntryPoint","urlTemplate":"https:\/\/unisalesiano.com.br\/aracatuba\/?s={search_term_string}"},"query-input":"required name=search_term_string"}],"inLanguage":"pt-BR"},{"@type":"ImageObject","@id":"https:\/\/unisalesiano.com.br\/aracatuba\/romaria-universitaria-do-unisalesiano-reune-mais-de-400-peregrinos-em-aparecida\/#primaryimage","inLanguage":"pt-BR","url":"https:\/\/unisalesiano.com.br\/aracatuba\/wp-content\/uploads\/2023\/10\/784A3357-scaled.jpg","contentUrl":"https:\/\/unisalesiano.com.br\/aracatuba\/wp-content\/uploads\/2023\/10\/784A3357-scaled.jpg","width":2560,"height":1707},{"@type":"WebPage","@id":"https:\/\/unisalesiano.com.br\/aracatuba\/romaria-universitaria-do-unisalesiano-reune-mais-de-400-peregrinos-em-aparecida\/#webpage","url":"https:\/\/unisalesiano.com.br\/aracatuba\/romaria-universitaria-do-unisalesiano-reune-mais-de-400-peregrinos-em-aparecida\/","name":"Romaria Universit\u00e1ria do UniSALESIANO re\u00fane mais de 400 peregrinos em Aparecida - UniSALESIANO Ara\u00e7atuba\/SP","isPartOf":{"@id":"https:\/\/unisalesiano.com.br\/aracatuba\/#website"},"primaryImageOfPage":{"@id":"https:\/\/unisalesiano.com.br\/aracatuba\/romaria-universitaria-do-unisalesiano-reune-mais-de-400-peregrinos-em-aparecida\/#primaryimage"},"datePublished":"2023-10-31T19:59:32+00:00","dateModified":"2023-10-31T19:59:32+00:00","author":{"@id":"https:\/\/unisalesiano.com.br\/aracatuba\/#\/schema\/person\/964caaa63bddcf301b320e385db5203a"},"breadcrumb":{"@id":"https:\/\/unisalesiano.com.br\/aracatuba\/romaria-universitaria-do-unisalesiano-reune-mais-de-400-peregrinos-em-aparecida\/#breadcrumb"},"inLanguage":"pt-BR","potentialAction":[{"@type":"ReadAction","target":["https:\/\/unisalesiano.com.br\/aracatuba\/romaria-universitaria-do-unisalesiano-reune-mais-de-400-peregrinos-em-aparecida\/"]}]},{"@type":"BreadcrumbList","@id":"https:\/\/unisalesiano.com.br\/aracatuba\/romaria-universitaria-do-unisalesiano-reune-mais-de-400-peregrinos-em-aparecida\/#breadcrumb","itemListElement":[{"@type":"ListItem","position":1,"name":"In\u00edcio","item":"https:\/\/unisalesiano.com.br\/aracatuba\/"},{"@type":"ListItem","position":2,"name":"Romaria Universit\u00e1ria do UniSALESIANO re\u00fane mais de 400 peregrinos em Aparecida"}]},{"@type":"Person","@id":"https:\/\/unisalesiano.com.br\/aracatuba\/#\/schema\/person\/964caaa63bddcf301b320e385db5203a","name":"Monique Bueno","image":{"@type":"ImageObject","@id":"https:\/\/unisalesiano.com.br\/aracatuba\/#personlogo","inLanguage":"pt-BR","url":"https:\/\/secure.gravatar.com\/avatar\/1680078f9a9fb86c36e76e0928e948cfd68a43bbc313c1bad27d1e48b49b308d?s=96&d=mm&r=g","contentUrl":"https:\/\/secure.gravatar.com\/avatar\/1680078f9a9fb86c36e76e0928e948cfd68a43bbc313c1bad27d1e48b49b308d?s=96&d=mm&r=g","caption":"Monique Bueno"},"url":"https:\/\/unisalesiano.com.br\/aracatuba\/author\/monique\/"}]}},"_links":{"self":[{"href":"https:\/\/unisalesiano.com.br\/aracatuba\/wp-json\/wp\/v2\/posts\/39998","targetHints":{"allow":["GET"]}}],"collection":[{"href":"https:\/\/unisalesiano.com.br\/aracatuba\/wp-json\/wp\/v2\/posts"}],"about":[{"href":"https:\/\/unisalesiano.com.br\/aracatuba\/wp-json\/wp\/v2\/types\/post"}],"author":[{"embeddable":true,"href":"https:\/\/unisalesiano.com.br\/aracatuba\/wp-json\/wp\/v2\/users\/3"}],"replies":[{"embeddable":true,"href":"https:\/\/unisalesiano.com.br\/aracatuba\/wp-json\/wp\/v2\/comments?post=39998"}],"version-history":[{"count":0,"href":"https:\/\/unisalesiano.com.br\/aracatuba\/wp-json\/wp\/v2\/posts\/39998\/revisions"}],"wp:featuredmedia":[{"embeddable":true,"href":"https:\/\/unisalesiano.com.br\/aracatuba\/wp-json\/wp\/v2\/media\/39999"}],"wp:attachment":[{"href":"https:\/\/unisalesiano.com.br\/aracatuba\/wp-json\/wp\/v2\/media?parent=39998"}],"wp:term":[{"taxonomy":"category","embeddable":true,"href":"https:\/\/unisalesiano.com.br\/aracatuba\/wp-json\/wp\/v2\/categories?post=39998"},{"taxonomy":"post_tag","embeddable":true,"href":"https:\/\/unisalesiano.com.br\/aracatuba\/wp-json\/wp\/v2\/tags?post=39998"}],"curies":[{"name":"wp","href":"https:\/\/api.w.org\/{rel}","templated":true}]}}