{"id":39920,"date":"2023-10-26T10:51:14","date_gmt":"2023-10-26T13:51:14","guid":{"rendered":"https:\/\/unisalesiano.com.br\/aracatuba\/?p=39920"},"modified":"2023-10-26T10:51:52","modified_gmt":"2023-10-26T13:51:52","slug":"1o-episodio-de-podcast-de-fisioterapia-tem-presenca-de-presidente-de-delegado-do-crefito-3","status":"publish","type":"post","link":"https:\/\/unisalesiano.com.br\/aracatuba\/1o-episodio-de-podcast-de-fisioterapia-tem-presenca-de-presidente-de-delegado-do-crefito-3\/","title":{"rendered":"Podcast de Fisioterapia tem presen\u00e7a de Presidente e Delegado do CREFITO-3"},"content":{"rendered":"<p>O <strong>primeiro epis\u00f3dio do Podcast do Curso de Fisioterapia do UniSALESIANO<\/strong> contou com a presen\u00e7a do Presidente do Conselho Regional de Fisioterapia e Terapia Ocupacional do Estado de S\u00e3o Paulo (CREFITO-3), <strong>Dr. Raphael Martins Ferris<\/strong>, e do Delegado do \u00f3rg\u00e3o, <strong>Dr. Selmo Mendes Elias.<\/strong><\/p>\n<p>O bate papo, que aconteceu no dia 19 de outubro, foi conduzido pela Coordenadora do Curso de Fisioterapia, <strong>Prof\u00aa. Carla Komatsu Machado<\/strong>, e pelo <strong>Prof. Fernando Henrique Alves Benedito<\/strong>.<\/p>\n<p>Na oportunidade, os representantes do CREFITO-3 discutiram temas cruciais para a \u00e1rea da Fisioterapia, especificamente abordando quest\u00f5es de gest\u00e3o e empreendedorismo. O podcast, que servir\u00e1 como uma valiosa fonte de informa\u00e7\u00f5es para estudantes e profissionais da sa\u00fade, destaca a import\u00e2ncia desses aspectos no campo da Fisioterapia.<\/p>\n<p>Al\u00e9m do Presidente e Delegado, a <strong>Dra. Priscila Pecoraro<\/strong> e a <strong>Dra. Thais Hiraishi<\/strong>, ambas delegadas de sub-sedes do CREFITO-3, estiveram presentes durante as atividades.<\/p>\n<p>O encontro entre o CREFITO-3 e a UniSALESIANO de Ara\u00e7atuba demonstra a constante busca por parcerias e a colabora\u00e7\u00e3o entre institui\u00e7\u00f5es de ensino e \u00f3rg\u00e3os reguladores para promover o crescimento e a qualidade na pr\u00e1tica da Fisioterapia no Estado de S\u00e3o Paulo.<\/p>\n<p><img loading=\"lazy\" decoding=\"async\" class=\"aligncenter size-full wp-image-39922\" src=\"https:\/\/unisalesiano.com.br\/aracatuba\/wp-content\/uploads\/2023\/10\/WhatsApp-Image-2023-10-20-at-08.14.31.jpeg\" alt=\"\" width=\"1600\" height=\"900\" srcset=\"https:\/\/unisalesiano.com.br\/aracatuba\/wp-content\/uploads\/2023\/10\/WhatsApp-Image-2023-10-20-at-08.14.31.jpeg 1600w, https:\/\/unisalesiano.com.br\/aracatuba\/wp-content\/uploads\/2023\/10\/WhatsApp-Image-2023-10-20-at-08.14.31-300x169.jpeg 300w, https:\/\/unisalesiano.com.br\/aracatuba\/wp-content\/uploads\/2023\/10\/WhatsApp-Image-2023-10-20-at-08.14.31-1024x576.jpeg 1024w, https:\/\/unisalesiano.com.br\/aracatuba\/wp-content\/uploads\/2023\/10\/WhatsApp-Image-2023-10-20-at-08.14.31-768x432.jpeg 768w, https:\/\/unisalesiano.com.br\/aracatuba\/wp-content\/uploads\/2023\/10\/WhatsApp-Image-2023-10-20-at-08.14.31-1536x864.jpeg 1536w\" sizes=\"auto, (max-width: 1600px) 100vw, 1600px\" \/> <img loading=\"lazy\" decoding=\"async\" class=\"aligncenter size-full wp-image-39923\" src=\"https:\/\/unisalesiano.com.br\/aracatuba\/wp-content\/uploads\/2023\/10\/WhatsApp-Image-2023-10-20-at-08.14.54.jpeg\" alt=\"\" width=\"900\" height=\"1600\" srcset=\"https:\/\/unisalesiano.com.br\/aracatuba\/wp-content\/uploads\/2023\/10\/WhatsApp-Image-2023-10-20-at-08.14.54.jpeg 900w, https:\/\/unisalesiano.com.br\/aracatuba\/wp-content\/uploads\/2023\/10\/WhatsApp-Image-2023-10-20-at-08.14.54-169x300.jpeg 169w, https:\/\/unisalesiano.com.br\/aracatuba\/wp-content\/uploads\/2023\/10\/WhatsApp-Image-2023-10-20-at-08.14.54-576x1024.jpeg 576w, https:\/\/unisalesiano.com.br\/aracatuba\/wp-content\/uploads\/2023\/10\/WhatsApp-Image-2023-10-20-at-08.14.54-768x1365.jpeg 768w, https:\/\/unisalesiano.com.br\/aracatuba\/wp-content\/uploads\/2023\/10\/WhatsApp-Image-2023-10-20-at-08.14.54-864x1536.jpeg 864w\" sizes=\"auto, (max-width: 900px) 100vw, 900px\" \/><\/p>\n<p>&nbsp;<\/p>\n<p>&nbsp;<\/p>\n","protected":false},"excerpt":{"rendered":"<p>O primeiro epis\u00f3dio do Podcast do Curso de Fisioterapia do UniSALESIANO contou com a presen\u00e7a do Presidente do Conselho Regional de Fisioterapia e Terapia Ocupacional do Estado de S\u00e3o Paulo (CREFITO-3), Dr. Raphael Martins Ferris, e do Delegado do \u00f3rg\u00e3o, Dr. Selmo Mendes Elias. O bate papo, que aconteceu no dia 19 de outubro, foi [&hellip;]<\/p>\n","protected":false},"author":3,"featured_media":39921,"comment_status":"open","ping_status":"open","sticky":false,"template":"","format":"standard","meta":{"footnotes":""},"categories":[11,5,7],"tags":[103,17,967,1335,16],"class_list":["post-39920","post","type-post","status-publish","format-standard","has-post-thumbnail","hentry","category-institucional","category-saude","category-tecnologia","tag-aracatuba","tag-fisioterapia","tag-gestao","tag-podcast","tag-unisalesiano"],"yoast_head":"<!-- This site is optimized with the Yoast SEO plugin v17.4 - https:\/\/yoast.com\/wordpress\/plugins\/seo\/ -->\n<title>Podcast de Fisioterapia tem presen\u00e7a de Presidente e Delegado do CREFITO-3 - UniSALESIANO Ara\u00e7atuba\/SP<\/title>\n<meta name=\"robots\" content=\"index, follow, max-snippet:-1, max-image-preview:large, max-video-preview:-1\" \/>\n<link rel=\"canonical\" href=\"https:\/\/unisalesiano.com.br\/aracatuba\/1o-episodio-de-podcast-de-fisioterapia-tem-presenca-de-presidente-de-delegado-do-crefito-3\/\" \/>\n<meta property=\"og:locale\" content=\"pt_BR\" \/>\n<meta property=\"og:type\" content=\"article\" \/>\n<meta property=\"og:title\" content=\"Podcast de Fisioterapia tem presen\u00e7a de Presidente e Delegado do CREFITO-3 - UniSALESIANO Ara\u00e7atuba\/SP\" \/>\n<meta property=\"og:description\" content=\"O primeiro epis\u00f3dio do Podcast do Curso de Fisioterapia do UniSALESIANO contou com a presen\u00e7a do Presidente do Conselho Regional de Fisioterapia e Terapia Ocupacional do Estado de S\u00e3o Paulo (CREFITO-3), Dr. Raphael Martins Ferris, e do Delegado do \u00f3rg\u00e3o, Dr. Selmo Mendes Elias. O bate papo, que aconteceu no dia 19 de outubro, foi [&hellip;]\" \/>\n<meta property=\"og:url\" content=\"https:\/\/unisalesiano.com.br\/aracatuba\/1o-episodio-de-podcast-de-fisioterapia-tem-presenca-de-presidente-de-delegado-do-crefito-3\/\" \/>\n<meta property=\"og:site_name\" content=\"UniSALESIANO Ara\u00e7atuba\/SP\" \/>\n<meta property=\"article:published_time\" content=\"2023-10-26T13:51:14+00:00\" \/>\n<meta property=\"article:modified_time\" content=\"2023-10-26T13:51:52+00:00\" \/>\n<meta property=\"og:image\" content=\"https:\/\/unisalesiano.com.br\/aracatuba\/wp-content\/uploads\/2023\/10\/WhatsApp-Image-2023-10-23-at-10.41.53.jpeg\" \/>\n\t<meta property=\"og:image:width\" content=\"922\" \/>\n\t<meta property=\"og:image:height\" content=\"507\" \/>\n<meta name=\"twitter:card\" content=\"summary_large_image\" \/>\n<meta name=\"twitter:label1\" content=\"Escrito por\" \/>\n\t<meta name=\"twitter:data1\" content=\"Monique Bueno\" \/>\n\t<meta name=\"twitter:label2\" content=\"Est. tempo de leitura\" \/>\n\t<meta name=\"twitter:data2\" content=\"1 minuto\" \/>\n<script type=\"application\/ld+json\" class=\"yoast-schema-graph\">{\"@context\":\"https:\/\/schema.org\",\"@graph\":[{\"@type\":\"WebSite\",\"@id\":\"https:\/\/unisalesiano.com.br\/aracatuba\/#website\",\"url\":\"https:\/\/unisalesiano.com.br\/aracatuba\/\",\"name\":\"UniSALESIANO Ara\\u00e7atuba\/SP\",\"description\":\"Centro Universit\\u00e1rio Cat\\u00f3lico Salesiano Auxilium\",\"potentialAction\":[{\"@type\":\"SearchAction\",\"target\":{\"@type\":\"EntryPoint\",\"urlTemplate\":\"https:\/\/unisalesiano.com.br\/aracatuba\/?s={search_term_string}\"},\"query-input\":\"required name=search_term_string\"}],\"inLanguage\":\"pt-BR\"},{\"@type\":\"ImageObject\",\"@id\":\"https:\/\/unisalesiano.com.br\/aracatuba\/1o-episodio-de-podcast-de-fisioterapia-tem-presenca-de-presidente-de-delegado-do-crefito-3\/#primaryimage\",\"inLanguage\":\"pt-BR\",\"url\":\"https:\/\/unisalesiano.com.br\/aracatuba\/wp-content\/uploads\/2023\/10\/WhatsApp-Image-2023-10-23-at-10.41.53.jpeg\",\"contentUrl\":\"https:\/\/unisalesiano.com.br\/aracatuba\/wp-content\/uploads\/2023\/10\/WhatsApp-Image-2023-10-23-at-10.41.53.jpeg\",\"width\":922,\"height\":507},{\"@type\":\"WebPage\",\"@id\":\"https:\/\/unisalesiano.com.br\/aracatuba\/1o-episodio-de-podcast-de-fisioterapia-tem-presenca-de-presidente-de-delegado-do-crefito-3\/#webpage\",\"url\":\"https:\/\/unisalesiano.com.br\/aracatuba\/1o-episodio-de-podcast-de-fisioterapia-tem-presenca-de-presidente-de-delegado-do-crefito-3\/\",\"name\":\"Podcast de Fisioterapia tem presen\\u00e7a de Presidente e Delegado do CREFITO-3 - UniSALESIANO Ara\\u00e7atuba\/SP\",\"isPartOf\":{\"@id\":\"https:\/\/unisalesiano.com.br\/aracatuba\/#website\"},\"primaryImageOfPage\":{\"@id\":\"https:\/\/unisalesiano.com.br\/aracatuba\/1o-episodio-de-podcast-de-fisioterapia-tem-presenca-de-presidente-de-delegado-do-crefito-3\/#primaryimage\"},\"datePublished\":\"2023-10-26T13:51:14+00:00\",\"dateModified\":\"2023-10-26T13:51:52+00:00\",\"author\":{\"@id\":\"https:\/\/unisalesiano.com.br\/aracatuba\/#\/schema\/person\/964caaa63bddcf301b320e385db5203a\"},\"breadcrumb\":{\"@id\":\"https:\/\/unisalesiano.com.br\/aracatuba\/1o-episodio-de-podcast-de-fisioterapia-tem-presenca-de-presidente-de-delegado-do-crefito-3\/#breadcrumb\"},\"inLanguage\":\"pt-BR\",\"potentialAction\":[{\"@type\":\"ReadAction\",\"target\":[\"https:\/\/unisalesiano.com.br\/aracatuba\/1o-episodio-de-podcast-de-fisioterapia-tem-presenca-de-presidente-de-delegado-do-crefito-3\/\"]}]},{\"@type\":\"BreadcrumbList\",\"@id\":\"https:\/\/unisalesiano.com.br\/aracatuba\/1o-episodio-de-podcast-de-fisioterapia-tem-presenca-de-presidente-de-delegado-do-crefito-3\/#breadcrumb\",\"itemListElement\":[{\"@type\":\"ListItem\",\"position\":1,\"name\":\"In\\u00edcio\",\"item\":\"https:\/\/unisalesiano.com.br\/aracatuba\/\"},{\"@type\":\"ListItem\",\"position\":2,\"name\":\"Podcast de Fisioterapia tem presen\\u00e7a de Presidente e Delegado do CREFITO-3\"}]},{\"@type\":\"Person\",\"@id\":\"https:\/\/unisalesiano.com.br\/aracatuba\/#\/schema\/person\/964caaa63bddcf301b320e385db5203a\",\"name\":\"Monique Bueno\",\"image\":{\"@type\":\"ImageObject\",\"@id\":\"https:\/\/unisalesiano.com.br\/aracatuba\/#personlogo\",\"inLanguage\":\"pt-BR\",\"url\":\"https:\/\/secure.gravatar.com\/avatar\/1680078f9a9fb86c36e76e0928e948cfd68a43bbc313c1bad27d1e48b49b308d?s=96&d=mm&r=g\",\"contentUrl\":\"https:\/\/secure.gravatar.com\/avatar\/1680078f9a9fb86c36e76e0928e948cfd68a43bbc313c1bad27d1e48b49b308d?s=96&d=mm&r=g\",\"caption\":\"Monique Bueno\"},\"url\":\"https:\/\/unisalesiano.com.br\/aracatuba\/author\/monique\/\"}]}<\/script>\n<!-- \/ Yoast SEO plugin. -->","yoast_head_json":{"title":"Podcast de Fisioterapia tem presen\u00e7a de Presidente e Delegado do CREFITO-3 - UniSALESIANO Ara\u00e7atuba\/SP","robots":{"index":"index","follow":"follow","max-snippet":"max-snippet:-1","max-image-preview":"max-image-preview:large","max-video-preview":"max-video-preview:-1"},"canonical":"https:\/\/unisalesiano.com.br\/aracatuba\/1o-episodio-de-podcast-de-fisioterapia-tem-presenca-de-presidente-de-delegado-do-crefito-3\/","og_locale":"pt_BR","og_type":"article","og_title":"Podcast de Fisioterapia tem presen\u00e7a de Presidente e Delegado do CREFITO-3 - UniSALESIANO Ara\u00e7atuba\/SP","og_description":"O primeiro epis\u00f3dio do Podcast do Curso de Fisioterapia do UniSALESIANO contou com a presen\u00e7a do Presidente do Conselho Regional de Fisioterapia e Terapia Ocupacional do Estado de S\u00e3o Paulo (CREFITO-3), Dr. Raphael Martins Ferris, e do Delegado do \u00f3rg\u00e3o, Dr. Selmo Mendes Elias. O bate papo, que aconteceu no dia 19 de outubro, foi [&hellip;]","og_url":"https:\/\/unisalesiano.com.br\/aracatuba\/1o-episodio-de-podcast-de-fisioterapia-tem-presenca-de-presidente-de-delegado-do-crefito-3\/","og_site_name":"UniSALESIANO Ara\u00e7atuba\/SP","article_published_time":"2023-10-26T13:51:14+00:00","article_modified_time":"2023-10-26T13:51:52+00:00","og_image":[{"width":922,"height":507,"url":"https:\/\/unisalesiano.com.br\/aracatuba\/wp-content\/uploads\/2023\/10\/WhatsApp-Image-2023-10-23-at-10.41.53.jpeg","type":"image\/jpeg"}],"twitter_card":"summary_large_image","twitter_misc":{"Escrito por":"Monique Bueno","Est. tempo de leitura":"1 minuto"},"schema":{"@context":"https:\/\/schema.org","@graph":[{"@type":"WebSite","@id":"https:\/\/unisalesiano.com.br\/aracatuba\/#website","url":"https:\/\/unisalesiano.com.br\/aracatuba\/","name":"UniSALESIANO Ara\u00e7atuba\/SP","description":"Centro Universit\u00e1rio Cat\u00f3lico Salesiano Auxilium","potentialAction":[{"@type":"SearchAction","target":{"@type":"EntryPoint","urlTemplate":"https:\/\/unisalesiano.com.br\/aracatuba\/?s={search_term_string}"},"query-input":"required name=search_term_string"}],"inLanguage":"pt-BR"},{"@type":"ImageObject","@id":"https:\/\/unisalesiano.com.br\/aracatuba\/1o-episodio-de-podcast-de-fisioterapia-tem-presenca-de-presidente-de-delegado-do-crefito-3\/#primaryimage","inLanguage":"pt-BR","url":"https:\/\/unisalesiano.com.br\/aracatuba\/wp-content\/uploads\/2023\/10\/WhatsApp-Image-2023-10-23-at-10.41.53.jpeg","contentUrl":"https:\/\/unisalesiano.com.br\/aracatuba\/wp-content\/uploads\/2023\/10\/WhatsApp-Image-2023-10-23-at-10.41.53.jpeg","width":922,"height":507},{"@type":"WebPage","@id":"https:\/\/unisalesiano.com.br\/aracatuba\/1o-episodio-de-podcast-de-fisioterapia-tem-presenca-de-presidente-de-delegado-do-crefito-3\/#webpage","url":"https:\/\/unisalesiano.com.br\/aracatuba\/1o-episodio-de-podcast-de-fisioterapia-tem-presenca-de-presidente-de-delegado-do-crefito-3\/","name":"Podcast de Fisioterapia tem presen\u00e7a de Presidente e Delegado do CREFITO-3 - UniSALESIANO Ara\u00e7atuba\/SP","isPartOf":{"@id":"https:\/\/unisalesiano.com.br\/aracatuba\/#website"},"primaryImageOfPage":{"@id":"https:\/\/unisalesiano.com.br\/aracatuba\/1o-episodio-de-podcast-de-fisioterapia-tem-presenca-de-presidente-de-delegado-do-crefito-3\/#primaryimage"},"datePublished":"2023-10-26T13:51:14+00:00","dateModified":"2023-10-26T13:51:52+00:00","author":{"@id":"https:\/\/unisalesiano.com.br\/aracatuba\/#\/schema\/person\/964caaa63bddcf301b320e385db5203a"},"breadcrumb":{"@id":"https:\/\/unisalesiano.com.br\/aracatuba\/1o-episodio-de-podcast-de-fisioterapia-tem-presenca-de-presidente-de-delegado-do-crefito-3\/#breadcrumb"},"inLanguage":"pt-BR","potentialAction":[{"@type":"ReadAction","target":["https:\/\/unisalesiano.com.br\/aracatuba\/1o-episodio-de-podcast-de-fisioterapia-tem-presenca-de-presidente-de-delegado-do-crefito-3\/"]}]},{"@type":"BreadcrumbList","@id":"https:\/\/unisalesiano.com.br\/aracatuba\/1o-episodio-de-podcast-de-fisioterapia-tem-presenca-de-presidente-de-delegado-do-crefito-3\/#breadcrumb","itemListElement":[{"@type":"ListItem","position":1,"name":"In\u00edcio","item":"https:\/\/unisalesiano.com.br\/aracatuba\/"},{"@type":"ListItem","position":2,"name":"Podcast de Fisioterapia tem presen\u00e7a de Presidente e Delegado do CREFITO-3"}]},{"@type":"Person","@id":"https:\/\/unisalesiano.com.br\/aracatuba\/#\/schema\/person\/964caaa63bddcf301b320e385db5203a","name":"Monique Bueno","image":{"@type":"ImageObject","@id":"https:\/\/unisalesiano.com.br\/aracatuba\/#personlogo","inLanguage":"pt-BR","url":"https:\/\/secure.gravatar.com\/avatar\/1680078f9a9fb86c36e76e0928e948cfd68a43bbc313c1bad27d1e48b49b308d?s=96&d=mm&r=g","contentUrl":"https:\/\/secure.gravatar.com\/avatar\/1680078f9a9fb86c36e76e0928e948cfd68a43bbc313c1bad27d1e48b49b308d?s=96&d=mm&r=g","caption":"Monique Bueno"},"url":"https:\/\/unisalesiano.com.br\/aracatuba\/author\/monique\/"}]}},"_links":{"self":[{"href":"https:\/\/unisalesiano.com.br\/aracatuba\/wp-json\/wp\/v2\/posts\/39920","targetHints":{"allow":["GET"]}}],"collection":[{"href":"https:\/\/unisalesiano.com.br\/aracatuba\/wp-json\/wp\/v2\/posts"}],"about":[{"href":"https:\/\/unisalesiano.com.br\/aracatuba\/wp-json\/wp\/v2\/types\/post"}],"author":[{"embeddable":true,"href":"https:\/\/unisalesiano.com.br\/aracatuba\/wp-json\/wp\/v2\/users\/3"}],"replies":[{"embeddable":true,"href":"https:\/\/unisalesiano.com.br\/aracatuba\/wp-json\/wp\/v2\/comments?post=39920"}],"version-history":[{"count":0,"href":"https:\/\/unisalesiano.com.br\/aracatuba\/wp-json\/wp\/v2\/posts\/39920\/revisions"}],"wp:featuredmedia":[{"embeddable":true,"href":"https:\/\/unisalesiano.com.br\/aracatuba\/wp-json\/wp\/v2\/media\/39921"}],"wp:attachment":[{"href":"https:\/\/unisalesiano.com.br\/aracatuba\/wp-json\/wp\/v2\/media?parent=39920"}],"wp:term":[{"taxonomy":"category","embeddable":true,"href":"https:\/\/unisalesiano.com.br\/aracatuba\/wp-json\/wp\/v2\/categories?post=39920"},{"taxonomy":"post_tag","embeddable":true,"href":"https:\/\/unisalesiano.com.br\/aracatuba\/wp-json\/wp\/v2\/tags?post=39920"}],"curies":[{"name":"wp","href":"https:\/\/api.w.org\/{rel}","templated":true}]}}