{"id":39852,"date":"2023-10-20T10:43:49","date_gmt":"2023-10-20T13:43:49","guid":{"rendered":"https:\/\/unisalesiano.com.br\/aracatuba\/?p=39852"},"modified":"2023-10-20T10:56:02","modified_gmt":"2023-10-20T13:56:02","slug":"retiro-eu-e-cristo-fortalece-espiritualidade-de-membros-do-colegio-salesiano-e-unisalesiano","status":"publish","type":"post","link":"https:\/\/unisalesiano.com.br\/aracatuba\/retiro-eu-e-cristo-fortalece-espiritualidade-de-membros-do-colegio-salesiano-e-unisalesiano\/","title":{"rendered":"\u201cEu e Cristo\u201d fortalece espiritualidade de membros do Col\u00e9gio e UniSALESIANO"},"content":{"rendered":"<p>Alunos do\u00a0<strong>9\u00ba ano do Ensino Fundamental do Col\u00e9gio Salesiano \u201cDom Luiz Lasagna\u201d<\/strong>\u00a0vivenciaram momentos de intimidade com Cristo e fortaleceram a espiritualidade durante o Retiro \u201cEu e Cristo\u201d, promovido nos dias 6 e 7 de outubro, nas depend\u00eancias do UniSALESIANO. O objetivo desse encontro promovido pelo Col\u00e9gio e pela Institui\u00e7\u00e3o de Ensino Superior foi despertar o carisma salesiano e fortificar a liga\u00e7\u00e3o com a fam\u00edlia.<\/p>\n<p>O retiro contou com uma s\u00e9rie de atividades significativas, que abrangeram diversos aspectos da espiritualidade e da hist\u00f3ria da congrega\u00e7\u00e3o Salesiana. Os t\u00f3picos trabalhados inclu\u00edram a vida de Dom Bosco, conduzido pelo\u00a0<strong>Pr\u00f3-Reitor de Pastoral do UniSALESIANO, Pe. Paulo Eduardo J\u00e1como, SDB,<\/strong>\u00a0e uma explora\u00e7\u00e3o da hist\u00f3ria da congrega\u00e7\u00e3o e da vida Salesiana em Ara\u00e7atuba, liderada pelo\u00a0<strong>Diretor-Geral do Col\u00e9gio Salesiano e do UniSALESIANO Ara\u00e7atuba, Pe. Erondi Tamandar\u00e9, SDB.<\/strong><\/p>\n<p>Os retirantes participaram ainda de uma gincana organizada pela<strong>\u00a0Coordenadora do Curso de Educa\u00e7\u00e3o F\u00edsica do UniSALESIANO, Prof\u00aa. Juliana Mitidiero.<\/strong>\u00a0\u201cEles tiveram a oportunidade de estar ligados intimamente com Maria, fizeram confiss\u00f5es e participaram de um momento de reflex\u00e3o familiar liderado por Bruno Carvalho\u201d, explicou Juliana. Logo em seguida, foi celebrada a Santa Missa, na qual os familiares dos participantes tamb\u00e9m estiveram presentes.<\/p>\n<p>De acordo com Pe. Erondi, o sucesso do retiro foi fruto do trabalho conjunto de uma equipe dedicada, composta por aproximadamente 30 pessoas, incluindo a Equipe de Pastoral do UniSALESIANO, colaboradores, universit\u00e1rios volunt\u00e1rios, professores do Col\u00e9gio e do UniSALESIANO, al\u00e9m da Coordena\u00e7\u00e3o do Col\u00e9gio e integrantes da Diretorias das duas unidades.<\/p>\n<p>\u201cMuitos detalhes emocionantes foram vivenciados durante o evento, e os participantes foram convidados a compartilhar, sentir e crescer espiritualmente nesse momento profundo. A inten\u00e7\u00e3o \u00e9 que esse retiro se torne uma tradi\u00e7\u00e3o anual, fortalecendo os la\u00e7os familiares e a espiritualidade entre os participantes\u201d, concluiu Pe. Erondi.<\/p>\n","protected":false},"excerpt":{"rendered":"<p>Alunos do\u00a09\u00ba ano do Ensino Fundamental do Col\u00e9gio Salesiano \u201cDom Luiz Lasagna\u201d\u00a0vivenciaram momentos de intimidade com Cristo e fortaleceram a espiritualidade durante o Retiro \u201cEu e Cristo\u201d, promovido nos dias 6 e 7 de outubro, nas depend\u00eancias do UniSALESIANO. O objetivo desse encontro promovido pelo Col\u00e9gio e pela Institui\u00e7\u00e3o de Ensino Superior foi despertar o [&hellip;]<\/p>\n","protected":false},"author":3,"featured_media":39853,"comment_status":"open","ping_status":"open","sticky":false,"template":"","format":"standard","meta":{"footnotes":""},"categories":[11,10,9],"tags":[103,133,1302,1055,16],"class_list":["post-39852","post","type-post","status-publish","format-standard","has-post-thumbnail","hentry","category-institucional","category-pastoral","category-reitoria","tag-aracatuba","tag-colegio-salesiano","tag-fe","tag-retiro","tag-unisalesiano"],"yoast_head":"<!-- This site is optimized with the Yoast SEO plugin v17.4 - https:\/\/yoast.com\/wordpress\/plugins\/seo\/ -->\n<title>\u201cEu e Cristo\u201d fortalece espiritualidade de membros do Col\u00e9gio e UniSALESIANO - UniSALESIANO Ara\u00e7atuba\/SP<\/title>\n<meta name=\"robots\" content=\"index, follow, max-snippet:-1, max-image-preview:large, max-video-preview:-1\" \/>\n<link rel=\"canonical\" href=\"https:\/\/unisalesiano.com.br\/aracatuba\/retiro-eu-e-cristo-fortalece-espiritualidade-de-membros-do-colegio-salesiano-e-unisalesiano\/\" \/>\n<meta property=\"og:locale\" content=\"pt_BR\" \/>\n<meta property=\"og:type\" content=\"article\" \/>\n<meta property=\"og:title\" content=\"\u201cEu e Cristo\u201d fortalece espiritualidade de membros do Col\u00e9gio e UniSALESIANO - UniSALESIANO Ara\u00e7atuba\/SP\" \/>\n<meta property=\"og:description\" content=\"Alunos do\u00a09\u00ba ano do Ensino Fundamental do Col\u00e9gio Salesiano \u201cDom Luiz Lasagna\u201d\u00a0vivenciaram momentos de intimidade com Cristo e fortaleceram a espiritualidade durante o Retiro \u201cEu e Cristo\u201d, promovido nos dias 6 e 7 de outubro, nas depend\u00eancias do UniSALESIANO. O objetivo desse encontro promovido pelo Col\u00e9gio e pela Institui\u00e7\u00e3o de Ensino Superior foi despertar o [&hellip;]\" \/>\n<meta property=\"og:url\" content=\"https:\/\/unisalesiano.com.br\/aracatuba\/retiro-eu-e-cristo-fortalece-espiritualidade-de-membros-do-colegio-salesiano-e-unisalesiano\/\" \/>\n<meta property=\"og:site_name\" content=\"UniSALESIANO Ara\u00e7atuba\/SP\" \/>\n<meta property=\"article:published_time\" content=\"2023-10-20T13:43:49+00:00\" \/>\n<meta property=\"article:modified_time\" content=\"2023-10-20T13:56:02+00:00\" \/>\n<meta property=\"og:image\" content=\"https:\/\/unisalesiano.com.br\/aracatuba\/wp-content\/uploads\/2023\/10\/WhatsApp-Image-2023-10-09-at-11.18.12-10.jpeg\" \/>\n\t<meta property=\"og:image:width\" content=\"1600\" \/>\n\t<meta property=\"og:image:height\" content=\"1066\" \/>\n<meta name=\"twitter:card\" content=\"summary_large_image\" \/>\n<meta name=\"twitter:label1\" content=\"Escrito por\" \/>\n\t<meta name=\"twitter:data1\" content=\"Monique Bueno\" \/>\n\t<meta name=\"twitter:label2\" content=\"Est. tempo de leitura\" \/>\n\t<meta name=\"twitter:data2\" content=\"2 minutos\" \/>\n<script type=\"application\/ld+json\" class=\"yoast-schema-graph\">{\"@context\":\"https:\/\/schema.org\",\"@graph\":[{\"@type\":\"WebSite\",\"@id\":\"https:\/\/unisalesiano.com.br\/aracatuba\/#website\",\"url\":\"https:\/\/unisalesiano.com.br\/aracatuba\/\",\"name\":\"UniSALESIANO Ara\\u00e7atuba\/SP\",\"description\":\"Centro Universit\\u00e1rio Cat\\u00f3lico Salesiano Auxilium\",\"potentialAction\":[{\"@type\":\"SearchAction\",\"target\":{\"@type\":\"EntryPoint\",\"urlTemplate\":\"https:\/\/unisalesiano.com.br\/aracatuba\/?s={search_term_string}\"},\"query-input\":\"required name=search_term_string\"}],\"inLanguage\":\"pt-BR\"},{\"@type\":\"ImageObject\",\"@id\":\"https:\/\/unisalesiano.com.br\/aracatuba\/retiro-eu-e-cristo-fortalece-espiritualidade-de-membros-do-colegio-salesiano-e-unisalesiano\/#primaryimage\",\"inLanguage\":\"pt-BR\",\"url\":\"https:\/\/unisalesiano.com.br\/aracatuba\/wp-content\/uploads\/2023\/10\/WhatsApp-Image-2023-10-09-at-11.18.12-10.jpeg\",\"contentUrl\":\"https:\/\/unisalesiano.com.br\/aracatuba\/wp-content\/uploads\/2023\/10\/WhatsApp-Image-2023-10-09-at-11.18.12-10.jpeg\",\"width\":1600,\"height\":1066},{\"@type\":\"WebPage\",\"@id\":\"https:\/\/unisalesiano.com.br\/aracatuba\/retiro-eu-e-cristo-fortalece-espiritualidade-de-membros-do-colegio-salesiano-e-unisalesiano\/#webpage\",\"url\":\"https:\/\/unisalesiano.com.br\/aracatuba\/retiro-eu-e-cristo-fortalece-espiritualidade-de-membros-do-colegio-salesiano-e-unisalesiano\/\",\"name\":\"\\u201cEu e Cristo\\u201d fortalece espiritualidade de membros do Col\\u00e9gio e UniSALESIANO - UniSALESIANO Ara\\u00e7atuba\/SP\",\"isPartOf\":{\"@id\":\"https:\/\/unisalesiano.com.br\/aracatuba\/#website\"},\"primaryImageOfPage\":{\"@id\":\"https:\/\/unisalesiano.com.br\/aracatuba\/retiro-eu-e-cristo-fortalece-espiritualidade-de-membros-do-colegio-salesiano-e-unisalesiano\/#primaryimage\"},\"datePublished\":\"2023-10-20T13:43:49+00:00\",\"dateModified\":\"2023-10-20T13:56:02+00:00\",\"author\":{\"@id\":\"https:\/\/unisalesiano.com.br\/aracatuba\/#\/schema\/person\/964caaa63bddcf301b320e385db5203a\"},\"breadcrumb\":{\"@id\":\"https:\/\/unisalesiano.com.br\/aracatuba\/retiro-eu-e-cristo-fortalece-espiritualidade-de-membros-do-colegio-salesiano-e-unisalesiano\/#breadcrumb\"},\"inLanguage\":\"pt-BR\",\"potentialAction\":[{\"@type\":\"ReadAction\",\"target\":[\"https:\/\/unisalesiano.com.br\/aracatuba\/retiro-eu-e-cristo-fortalece-espiritualidade-de-membros-do-colegio-salesiano-e-unisalesiano\/\"]}]},{\"@type\":\"BreadcrumbList\",\"@id\":\"https:\/\/unisalesiano.com.br\/aracatuba\/retiro-eu-e-cristo-fortalece-espiritualidade-de-membros-do-colegio-salesiano-e-unisalesiano\/#breadcrumb\",\"itemListElement\":[{\"@type\":\"ListItem\",\"position\":1,\"name\":\"In\\u00edcio\",\"item\":\"https:\/\/unisalesiano.com.br\/aracatuba\/\"},{\"@type\":\"ListItem\",\"position\":2,\"name\":\"\\u201cEu e Cristo\\u201d fortalece espiritualidade de membros do Col\\u00e9gio e UniSALESIANO\"}]},{\"@type\":\"Person\",\"@id\":\"https:\/\/unisalesiano.com.br\/aracatuba\/#\/schema\/person\/964caaa63bddcf301b320e385db5203a\",\"name\":\"Monique Bueno\",\"image\":{\"@type\":\"ImageObject\",\"@id\":\"https:\/\/unisalesiano.com.br\/aracatuba\/#personlogo\",\"inLanguage\":\"pt-BR\",\"url\":\"https:\/\/secure.gravatar.com\/avatar\/1680078f9a9fb86c36e76e0928e948cfd68a43bbc313c1bad27d1e48b49b308d?s=96&d=mm&r=g\",\"contentUrl\":\"https:\/\/secure.gravatar.com\/avatar\/1680078f9a9fb86c36e76e0928e948cfd68a43bbc313c1bad27d1e48b49b308d?s=96&d=mm&r=g\",\"caption\":\"Monique Bueno\"},\"url\":\"https:\/\/unisalesiano.com.br\/aracatuba\/author\/monique\/\"}]}<\/script>\n<!-- \/ Yoast SEO plugin. -->","yoast_head_json":{"title":"\u201cEu e Cristo\u201d fortalece espiritualidade de membros do Col\u00e9gio e UniSALESIANO - UniSALESIANO Ara\u00e7atuba\/SP","robots":{"index":"index","follow":"follow","max-snippet":"max-snippet:-1","max-image-preview":"max-image-preview:large","max-video-preview":"max-video-preview:-1"},"canonical":"https:\/\/unisalesiano.com.br\/aracatuba\/retiro-eu-e-cristo-fortalece-espiritualidade-de-membros-do-colegio-salesiano-e-unisalesiano\/","og_locale":"pt_BR","og_type":"article","og_title":"\u201cEu e Cristo\u201d fortalece espiritualidade de membros do Col\u00e9gio e UniSALESIANO - UniSALESIANO Ara\u00e7atuba\/SP","og_description":"Alunos do\u00a09\u00ba ano do Ensino Fundamental do Col\u00e9gio Salesiano \u201cDom Luiz Lasagna\u201d\u00a0vivenciaram momentos de intimidade com Cristo e fortaleceram a espiritualidade durante o Retiro \u201cEu e Cristo\u201d, promovido nos dias 6 e 7 de outubro, nas depend\u00eancias do UniSALESIANO. O objetivo desse encontro promovido pelo Col\u00e9gio e pela Institui\u00e7\u00e3o de Ensino Superior foi despertar o [&hellip;]","og_url":"https:\/\/unisalesiano.com.br\/aracatuba\/retiro-eu-e-cristo-fortalece-espiritualidade-de-membros-do-colegio-salesiano-e-unisalesiano\/","og_site_name":"UniSALESIANO Ara\u00e7atuba\/SP","article_published_time":"2023-10-20T13:43:49+00:00","article_modified_time":"2023-10-20T13:56:02+00:00","og_image":[{"width":1600,"height":1066,"url":"https:\/\/unisalesiano.com.br\/aracatuba\/wp-content\/uploads\/2023\/10\/WhatsApp-Image-2023-10-09-at-11.18.12-10.jpeg","type":"image\/jpeg"}],"twitter_card":"summary_large_image","twitter_misc":{"Escrito por":"Monique Bueno","Est. tempo de leitura":"2 minutos"},"schema":{"@context":"https:\/\/schema.org","@graph":[{"@type":"WebSite","@id":"https:\/\/unisalesiano.com.br\/aracatuba\/#website","url":"https:\/\/unisalesiano.com.br\/aracatuba\/","name":"UniSALESIANO Ara\u00e7atuba\/SP","description":"Centro Universit\u00e1rio Cat\u00f3lico Salesiano Auxilium","potentialAction":[{"@type":"SearchAction","target":{"@type":"EntryPoint","urlTemplate":"https:\/\/unisalesiano.com.br\/aracatuba\/?s={search_term_string}"},"query-input":"required name=search_term_string"}],"inLanguage":"pt-BR"},{"@type":"ImageObject","@id":"https:\/\/unisalesiano.com.br\/aracatuba\/retiro-eu-e-cristo-fortalece-espiritualidade-de-membros-do-colegio-salesiano-e-unisalesiano\/#primaryimage","inLanguage":"pt-BR","url":"https:\/\/unisalesiano.com.br\/aracatuba\/wp-content\/uploads\/2023\/10\/WhatsApp-Image-2023-10-09-at-11.18.12-10.jpeg","contentUrl":"https:\/\/unisalesiano.com.br\/aracatuba\/wp-content\/uploads\/2023\/10\/WhatsApp-Image-2023-10-09-at-11.18.12-10.jpeg","width":1600,"height":1066},{"@type":"WebPage","@id":"https:\/\/unisalesiano.com.br\/aracatuba\/retiro-eu-e-cristo-fortalece-espiritualidade-de-membros-do-colegio-salesiano-e-unisalesiano\/#webpage","url":"https:\/\/unisalesiano.com.br\/aracatuba\/retiro-eu-e-cristo-fortalece-espiritualidade-de-membros-do-colegio-salesiano-e-unisalesiano\/","name":"\u201cEu e Cristo\u201d fortalece espiritualidade de membros do Col\u00e9gio e UniSALESIANO - UniSALESIANO Ara\u00e7atuba\/SP","isPartOf":{"@id":"https:\/\/unisalesiano.com.br\/aracatuba\/#website"},"primaryImageOfPage":{"@id":"https:\/\/unisalesiano.com.br\/aracatuba\/retiro-eu-e-cristo-fortalece-espiritualidade-de-membros-do-colegio-salesiano-e-unisalesiano\/#primaryimage"},"datePublished":"2023-10-20T13:43:49+00:00","dateModified":"2023-10-20T13:56:02+00:00","author":{"@id":"https:\/\/unisalesiano.com.br\/aracatuba\/#\/schema\/person\/964caaa63bddcf301b320e385db5203a"},"breadcrumb":{"@id":"https:\/\/unisalesiano.com.br\/aracatuba\/retiro-eu-e-cristo-fortalece-espiritualidade-de-membros-do-colegio-salesiano-e-unisalesiano\/#breadcrumb"},"inLanguage":"pt-BR","potentialAction":[{"@type":"ReadAction","target":["https:\/\/unisalesiano.com.br\/aracatuba\/retiro-eu-e-cristo-fortalece-espiritualidade-de-membros-do-colegio-salesiano-e-unisalesiano\/"]}]},{"@type":"BreadcrumbList","@id":"https:\/\/unisalesiano.com.br\/aracatuba\/retiro-eu-e-cristo-fortalece-espiritualidade-de-membros-do-colegio-salesiano-e-unisalesiano\/#breadcrumb","itemListElement":[{"@type":"ListItem","position":1,"name":"In\u00edcio","item":"https:\/\/unisalesiano.com.br\/aracatuba\/"},{"@type":"ListItem","position":2,"name":"\u201cEu e Cristo\u201d fortalece espiritualidade de membros do Col\u00e9gio e UniSALESIANO"}]},{"@type":"Person","@id":"https:\/\/unisalesiano.com.br\/aracatuba\/#\/schema\/person\/964caaa63bddcf301b320e385db5203a","name":"Monique Bueno","image":{"@type":"ImageObject","@id":"https:\/\/unisalesiano.com.br\/aracatuba\/#personlogo","inLanguage":"pt-BR","url":"https:\/\/secure.gravatar.com\/avatar\/1680078f9a9fb86c36e76e0928e948cfd68a43bbc313c1bad27d1e48b49b308d?s=96&d=mm&r=g","contentUrl":"https:\/\/secure.gravatar.com\/avatar\/1680078f9a9fb86c36e76e0928e948cfd68a43bbc313c1bad27d1e48b49b308d?s=96&d=mm&r=g","caption":"Monique Bueno"},"url":"https:\/\/unisalesiano.com.br\/aracatuba\/author\/monique\/"}]}},"_links":{"self":[{"href":"https:\/\/unisalesiano.com.br\/aracatuba\/wp-json\/wp\/v2\/posts\/39852","targetHints":{"allow":["GET"]}}],"collection":[{"href":"https:\/\/unisalesiano.com.br\/aracatuba\/wp-json\/wp\/v2\/posts"}],"about":[{"href":"https:\/\/unisalesiano.com.br\/aracatuba\/wp-json\/wp\/v2\/types\/post"}],"author":[{"embeddable":true,"href":"https:\/\/unisalesiano.com.br\/aracatuba\/wp-json\/wp\/v2\/users\/3"}],"replies":[{"embeddable":true,"href":"https:\/\/unisalesiano.com.br\/aracatuba\/wp-json\/wp\/v2\/comments?post=39852"}],"version-history":[{"count":0,"href":"https:\/\/unisalesiano.com.br\/aracatuba\/wp-json\/wp\/v2\/posts\/39852\/revisions"}],"wp:featuredmedia":[{"embeddable":true,"href":"https:\/\/unisalesiano.com.br\/aracatuba\/wp-json\/wp\/v2\/media\/39853"}],"wp:attachment":[{"href":"https:\/\/unisalesiano.com.br\/aracatuba\/wp-json\/wp\/v2\/media?parent=39852"}],"wp:term":[{"taxonomy":"category","embeddable":true,"href":"https:\/\/unisalesiano.com.br\/aracatuba\/wp-json\/wp\/v2\/categories?post=39852"},{"taxonomy":"post_tag","embeddable":true,"href":"https:\/\/unisalesiano.com.br\/aracatuba\/wp-json\/wp\/v2\/tags?post=39852"}],"curies":[{"name":"wp","href":"https:\/\/api.w.org\/{rel}","templated":true}]}}