{"id":39004,"date":"2023-07-24T08:22:56","date_gmt":"2023-07-24T11:22:56","guid":{"rendered":"https:\/\/unisalesiano.com.br\/aracatuba\/?p=39004"},"modified":"2023-07-24T08:22:56","modified_gmt":"2023-07-24T11:22:56","slug":"engenheiros-formados-no-unisalesiano-sao-homenageados-por-conselho-estadual","status":"publish","type":"post","link":"https:\/\/unisalesiano.com.br\/aracatuba\/engenheiros-formados-no-unisalesiano-sao-homenageados-por-conselho-estadual\/","title":{"rendered":"Engenheiros formados no UniSALESIANO s\u00e3o homenageados por conselho estadual"},"content":{"rendered":"<p>A <strong>26\u00aa Premia\u00e7\u00e3o CREA-SP (Conselho Regional de Engenharia e Arquitetura do Estado de S\u00e3o Paulo) de Forma\u00e7\u00e3o Profissional<\/strong> homenageou mais de 200 alunos que se destacaram nos cursos de gradua\u00e7\u00e3o em Engenharia, Agronomia e Geoci\u00eancias do territ\u00f3rio paulista.<\/p>\n<p>E, dentro desse universo, estiveram quatro rec\u00e9m-formados no UniSALESIANO: <strong>Lucas Felipe Pavon<\/strong> (Engenharia Mec\u00e2nica), <strong>Fabio Favarin<\/strong> (Engenharia da Computa\u00e7\u00e3o), <strong>Gabriel Neves<\/strong> (Engenharia El\u00e9trica) e <strong>Tcharles Jos\u00e9 Ant\u00f4nio Ara\u00fajo Luli<\/strong> (Engenharia Mecatr\u00f4nica).<\/p>\n<p>No dia 11 de julho, os homenageados estiveram presentes, junto de seus familiares, no Memorial da Am\u00e9rica Latina, em S\u00e3o Paulo, para participar do evento que \u00e9 uma forma de reconhecimento e valoriza\u00e7\u00e3o aos futuros profissionais.<\/p>\n<p><strong>TECNOLOGIAS<\/strong><\/p>\n<p>No evento, o <strong>presidente do CREA-SP, Eng. Vinicius Marchese<\/strong>, disse que o Conselho busca oferecer capacita\u00e7\u00e3o e incentivos aos profissionais ap\u00f3s a gradua\u00e7\u00e3o. \u201cAs novas tecnologias s\u00e3o somente ferramentas, criadas e utilizadas pelas pessoas. Portanto, s\u00e3o os profissionais da \u00e1rea tecnol\u00f3gica que promovem a inova\u00e7\u00e3o e contribuem para o desenvolvimento no mundo todo. Precisamos sempre valorizar o talento desses profissionais\u201d, refor\u00e7ou.<\/p>\n<p>O engenheiro mecatr\u00f4nico, <strong>Tcharles Jos\u00e9 Ant\u00f4nio Ara\u00fajo Luli<\/strong>, disse ter sido uma honra participar desse evento. \u201cMas, n\u00e3o teve nada melhor do que ver minha fam\u00edlia com orgulho de mim e feliz por eu ter conquistado essa homenagem do CREA-SP\u201d, comemorou.<\/p>\n<p>Para o engenheiro da computa\u00e7\u00e3o, <strong>F\u00e1bio Medina Favarin<\/strong>, foi muito gratificante poder ter sido homenageado; uma imensa felicidade com esse reconhecimento. \u201cIsso me motivou ainda mais a adquirir novos conhecimentos e poder contribuir para uma sociedade e um mundo melhor\u201d, frisou.<\/p>\n<p>Mesmo n\u00e3o tendo participado do evento, o engenheiro el\u00e9trico, <strong>Gabriel Neves Silverio<\/strong>, que tamb\u00e9m foi reconhecido pelo Conselho, elogiou o UniSALESIANO por oferecer um excelente aprendizado.<\/p>\n<p>\u201cMinha forma\u00e7\u00e3o conferiu uma vis\u00e3o t\u00e9cnica, cultural e profissional desta grande \u00e1rea do conhecimento, caminho este, percorrido com dedica\u00e7\u00e3o e empenho pessoal, sob a orienta\u00e7\u00e3o de professores que sempre buscavam (e buscam) entregar o melhor nas aulas, nas pr\u00e1ticas propostas e nas provoca\u00e7\u00f5es para romper com a zona de conforto. Foi uma experi\u00eancia memor\u00e1vel\u201d, ressaltou.<\/p>\n<p>Por sua vez, o engenheiro mec\u00e2nico, <strong>Lucas Felipe Pavon dos Santos<\/strong>, disse que o pr\u00eamio o deixou extremamente feliz e orgulhoso, sendo uma conquista significativa em sua jornada acad\u00eamica e profissional, especialmente, em um campo desafiador como a Engenharia Mec\u00e2nica.<\/p>\n<p>\u201dTodo o esfor\u00e7o e dedica\u00e7\u00e3o que investi nos estudos foram recompensados com esse reconhecimento. Essa premia\u00e7\u00e3o \u00e9 uma motiva\u00e7\u00e3o para continuar aprimorando meus conhecimentos e habilidades, buscando sempre a excel\u00eancia em minha carreira. Pretendo usar essa conquista como um trampolim para enfrentar novos desafios e alcan\u00e7ar voos ainda mais altos no futuro\u201d, contou.<\/p>\n<p>Na vis\u00e3o do <strong>Pr\u00f3-Reitor de Pesquisa, Ensino e P\u00f3s-Gradua\u00e7\u00e3o, Prof. Andr\u00e9 Ornellas<\/strong>, essa conquista mostra o compromisso do UniSALESIANO com o ensino de qualidade e o desenvolvimento de futuros profissionais competentes e talentosos em suas respectivas \u00e1reas. \u201cParab\u00e9ns aos rec\u00e9m-formados por esse reconhecimento, e que eles continuem trilhando um caminho de sucesso em suas carreiras profissionais\u201d, comentou.<\/p>\n","protected":false},"excerpt":{"rendered":"<p>A 26\u00aa Premia\u00e7\u00e3o CREA-SP (Conselho Regional de Engenharia e Arquitetura do Estado de S\u00e3o Paulo) de Forma\u00e7\u00e3o Profissional homenageou mais de 200 alunos que se destacaram nos cursos de gradua\u00e7\u00e3o em Engenharia, Agronomia e Geoci\u00eancias do territ\u00f3rio paulista. E, dentro desse universo, estiveram quatro rec\u00e9m-formados no UniSALESIANO: Lucas Felipe Pavon (Engenharia Mec\u00e2nica), Fabio Favarin (Engenharia [&hellip;]<\/p>\n","protected":false},"author":3,"featured_media":39005,"comment_status":"open","ping_status":"open","sticky":false,"template":"","format":"standard","meta":{"footnotes":""},"categories":[6,11],"tags":[103,844,49,16],"class_list":["post-39004","post","type-post","status-publish","format-standard","has-post-thumbnail","hentry","category-engenharia","category-institucional","tag-aracatuba","tag-crea-sp","tag-engenharias","tag-unisalesiano"],"yoast_head":"<!-- This site is optimized with the Yoast SEO plugin v17.4 - https:\/\/yoast.com\/wordpress\/plugins\/seo\/ -->\n<title>Engenheiros formados no UniSALESIANO s\u00e3o homenageados por conselho estadual - UniSALESIANO Ara\u00e7atuba\/SP<\/title>\n<meta name=\"robots\" content=\"index, follow, max-snippet:-1, max-image-preview:large, max-video-preview:-1\" \/>\n<link rel=\"canonical\" href=\"https:\/\/unisalesiano.com.br\/aracatuba\/engenheiros-formados-no-unisalesiano-sao-homenageados-por-conselho-estadual\/\" \/>\n<meta property=\"og:locale\" content=\"pt_BR\" \/>\n<meta property=\"og:type\" content=\"article\" \/>\n<meta property=\"og:title\" content=\"Engenheiros formados no UniSALESIANO s\u00e3o homenageados por conselho estadual - UniSALESIANO Ara\u00e7atuba\/SP\" \/>\n<meta property=\"og:description\" content=\"A 26\u00aa Premia\u00e7\u00e3o CREA-SP (Conselho Regional de Engenharia e Arquitetura do Estado de S\u00e3o Paulo) de Forma\u00e7\u00e3o Profissional homenageou mais de 200 alunos que se destacaram nos cursos de gradua\u00e7\u00e3o em Engenharia, Agronomia e Geoci\u00eancias do territ\u00f3rio paulista. E, dentro desse universo, estiveram quatro rec\u00e9m-formados no UniSALESIANO: Lucas Felipe Pavon (Engenharia Mec\u00e2nica), Fabio Favarin (Engenharia [&hellip;]\" \/>\n<meta property=\"og:url\" content=\"https:\/\/unisalesiano.com.br\/aracatuba\/engenheiros-formados-no-unisalesiano-sao-homenageados-por-conselho-estadual\/\" \/>\n<meta property=\"og:site_name\" content=\"UniSALESIANO Ara\u00e7atuba\/SP\" \/>\n<meta property=\"article:published_time\" content=\"2023-07-24T11:22:56+00:00\" \/>\n<meta property=\"og:image\" content=\"https:\/\/unisalesiano.com.br\/aracatuba\/wp-content\/uploads\/2023\/07\/WhatsApp-Image-2023-07-20-at-15.21.34.jpeg\" \/>\n\t<meta property=\"og:image:width\" content=\"763\" \/>\n\t<meta property=\"og:image:height\" content=\"509\" \/>\n<meta name=\"twitter:card\" content=\"summary_large_image\" \/>\n<meta name=\"twitter:label1\" content=\"Escrito por\" \/>\n\t<meta name=\"twitter:data1\" content=\"Monique Bueno\" \/>\n\t<meta name=\"twitter:label2\" content=\"Est. tempo de leitura\" \/>\n\t<meta name=\"twitter:data2\" content=\"3 minutos\" \/>\n<script type=\"application\/ld+json\" class=\"yoast-schema-graph\">{\"@context\":\"https:\/\/schema.org\",\"@graph\":[{\"@type\":\"WebSite\",\"@id\":\"https:\/\/unisalesiano.com.br\/aracatuba\/#website\",\"url\":\"https:\/\/unisalesiano.com.br\/aracatuba\/\",\"name\":\"UniSALESIANO Ara\\u00e7atuba\/SP\",\"description\":\"Centro Universit\\u00e1rio Cat\\u00f3lico Salesiano Auxilium\",\"potentialAction\":[{\"@type\":\"SearchAction\",\"target\":{\"@type\":\"EntryPoint\",\"urlTemplate\":\"https:\/\/unisalesiano.com.br\/aracatuba\/?s={search_term_string}\"},\"query-input\":\"required name=search_term_string\"}],\"inLanguage\":\"pt-BR\"},{\"@type\":\"ImageObject\",\"@id\":\"https:\/\/unisalesiano.com.br\/aracatuba\/engenheiros-formados-no-unisalesiano-sao-homenageados-por-conselho-estadual\/#primaryimage\",\"inLanguage\":\"pt-BR\",\"url\":\"https:\/\/unisalesiano.com.br\/aracatuba\/wp-content\/uploads\/2023\/07\/WhatsApp-Image-2023-07-20-at-15.21.34.jpeg\",\"contentUrl\":\"https:\/\/unisalesiano.com.br\/aracatuba\/wp-content\/uploads\/2023\/07\/WhatsApp-Image-2023-07-20-at-15.21.34.jpeg\",\"width\":763,\"height\":509},{\"@type\":\"WebPage\",\"@id\":\"https:\/\/unisalesiano.com.br\/aracatuba\/engenheiros-formados-no-unisalesiano-sao-homenageados-por-conselho-estadual\/#webpage\",\"url\":\"https:\/\/unisalesiano.com.br\/aracatuba\/engenheiros-formados-no-unisalesiano-sao-homenageados-por-conselho-estadual\/\",\"name\":\"Engenheiros formados no UniSALESIANO s\\u00e3o homenageados por conselho estadual - UniSALESIANO Ara\\u00e7atuba\/SP\",\"isPartOf\":{\"@id\":\"https:\/\/unisalesiano.com.br\/aracatuba\/#website\"},\"primaryImageOfPage\":{\"@id\":\"https:\/\/unisalesiano.com.br\/aracatuba\/engenheiros-formados-no-unisalesiano-sao-homenageados-por-conselho-estadual\/#primaryimage\"},\"datePublished\":\"2023-07-24T11:22:56+00:00\",\"dateModified\":\"2023-07-24T11:22:56+00:00\",\"author\":{\"@id\":\"https:\/\/unisalesiano.com.br\/aracatuba\/#\/schema\/person\/964caaa63bddcf301b320e385db5203a\"},\"breadcrumb\":{\"@id\":\"https:\/\/unisalesiano.com.br\/aracatuba\/engenheiros-formados-no-unisalesiano-sao-homenageados-por-conselho-estadual\/#breadcrumb\"},\"inLanguage\":\"pt-BR\",\"potentialAction\":[{\"@type\":\"ReadAction\",\"target\":[\"https:\/\/unisalesiano.com.br\/aracatuba\/engenheiros-formados-no-unisalesiano-sao-homenageados-por-conselho-estadual\/\"]}]},{\"@type\":\"BreadcrumbList\",\"@id\":\"https:\/\/unisalesiano.com.br\/aracatuba\/engenheiros-formados-no-unisalesiano-sao-homenageados-por-conselho-estadual\/#breadcrumb\",\"itemListElement\":[{\"@type\":\"ListItem\",\"position\":1,\"name\":\"In\\u00edcio\",\"item\":\"https:\/\/unisalesiano.com.br\/aracatuba\/\"},{\"@type\":\"ListItem\",\"position\":2,\"name\":\"Engenheiros formados no UniSALESIANO s\\u00e3o homenageados por conselho estadual\"}]},{\"@type\":\"Person\",\"@id\":\"https:\/\/unisalesiano.com.br\/aracatuba\/#\/schema\/person\/964caaa63bddcf301b320e385db5203a\",\"name\":\"Monique Bueno\",\"image\":{\"@type\":\"ImageObject\",\"@id\":\"https:\/\/unisalesiano.com.br\/aracatuba\/#personlogo\",\"inLanguage\":\"pt-BR\",\"url\":\"https:\/\/secure.gravatar.com\/avatar\/1680078f9a9fb86c36e76e0928e948cfd68a43bbc313c1bad27d1e48b49b308d?s=96&d=mm&r=g\",\"contentUrl\":\"https:\/\/secure.gravatar.com\/avatar\/1680078f9a9fb86c36e76e0928e948cfd68a43bbc313c1bad27d1e48b49b308d?s=96&d=mm&r=g\",\"caption\":\"Monique Bueno\"},\"url\":\"https:\/\/unisalesiano.com.br\/aracatuba\/author\/monique\/\"}]}<\/script>\n<!-- \/ Yoast SEO plugin. -->","yoast_head_json":{"title":"Engenheiros formados no UniSALESIANO s\u00e3o homenageados por conselho estadual - UniSALESIANO Ara\u00e7atuba\/SP","robots":{"index":"index","follow":"follow","max-snippet":"max-snippet:-1","max-image-preview":"max-image-preview:large","max-video-preview":"max-video-preview:-1"},"canonical":"https:\/\/unisalesiano.com.br\/aracatuba\/engenheiros-formados-no-unisalesiano-sao-homenageados-por-conselho-estadual\/","og_locale":"pt_BR","og_type":"article","og_title":"Engenheiros formados no UniSALESIANO s\u00e3o homenageados por conselho estadual - UniSALESIANO Ara\u00e7atuba\/SP","og_description":"A 26\u00aa Premia\u00e7\u00e3o CREA-SP (Conselho Regional de Engenharia e Arquitetura do Estado de S\u00e3o Paulo) de Forma\u00e7\u00e3o Profissional homenageou mais de 200 alunos que se destacaram nos cursos de gradua\u00e7\u00e3o em Engenharia, Agronomia e Geoci\u00eancias do territ\u00f3rio paulista. E, dentro desse universo, estiveram quatro rec\u00e9m-formados no UniSALESIANO: Lucas Felipe Pavon (Engenharia Mec\u00e2nica), Fabio Favarin (Engenharia [&hellip;]","og_url":"https:\/\/unisalesiano.com.br\/aracatuba\/engenheiros-formados-no-unisalesiano-sao-homenageados-por-conselho-estadual\/","og_site_name":"UniSALESIANO Ara\u00e7atuba\/SP","article_published_time":"2023-07-24T11:22:56+00:00","og_image":[{"width":763,"height":509,"url":"https:\/\/unisalesiano.com.br\/aracatuba\/wp-content\/uploads\/2023\/07\/WhatsApp-Image-2023-07-20-at-15.21.34.jpeg","type":"image\/jpeg"}],"twitter_card":"summary_large_image","twitter_misc":{"Escrito por":"Monique Bueno","Est. tempo de leitura":"3 minutos"},"schema":{"@context":"https:\/\/schema.org","@graph":[{"@type":"WebSite","@id":"https:\/\/unisalesiano.com.br\/aracatuba\/#website","url":"https:\/\/unisalesiano.com.br\/aracatuba\/","name":"UniSALESIANO Ara\u00e7atuba\/SP","description":"Centro Universit\u00e1rio Cat\u00f3lico Salesiano Auxilium","potentialAction":[{"@type":"SearchAction","target":{"@type":"EntryPoint","urlTemplate":"https:\/\/unisalesiano.com.br\/aracatuba\/?s={search_term_string}"},"query-input":"required name=search_term_string"}],"inLanguage":"pt-BR"},{"@type":"ImageObject","@id":"https:\/\/unisalesiano.com.br\/aracatuba\/engenheiros-formados-no-unisalesiano-sao-homenageados-por-conselho-estadual\/#primaryimage","inLanguage":"pt-BR","url":"https:\/\/unisalesiano.com.br\/aracatuba\/wp-content\/uploads\/2023\/07\/WhatsApp-Image-2023-07-20-at-15.21.34.jpeg","contentUrl":"https:\/\/unisalesiano.com.br\/aracatuba\/wp-content\/uploads\/2023\/07\/WhatsApp-Image-2023-07-20-at-15.21.34.jpeg","width":763,"height":509},{"@type":"WebPage","@id":"https:\/\/unisalesiano.com.br\/aracatuba\/engenheiros-formados-no-unisalesiano-sao-homenageados-por-conselho-estadual\/#webpage","url":"https:\/\/unisalesiano.com.br\/aracatuba\/engenheiros-formados-no-unisalesiano-sao-homenageados-por-conselho-estadual\/","name":"Engenheiros formados no UniSALESIANO s\u00e3o homenageados por conselho estadual - UniSALESIANO Ara\u00e7atuba\/SP","isPartOf":{"@id":"https:\/\/unisalesiano.com.br\/aracatuba\/#website"},"primaryImageOfPage":{"@id":"https:\/\/unisalesiano.com.br\/aracatuba\/engenheiros-formados-no-unisalesiano-sao-homenageados-por-conselho-estadual\/#primaryimage"},"datePublished":"2023-07-24T11:22:56+00:00","dateModified":"2023-07-24T11:22:56+00:00","author":{"@id":"https:\/\/unisalesiano.com.br\/aracatuba\/#\/schema\/person\/964caaa63bddcf301b320e385db5203a"},"breadcrumb":{"@id":"https:\/\/unisalesiano.com.br\/aracatuba\/engenheiros-formados-no-unisalesiano-sao-homenageados-por-conselho-estadual\/#breadcrumb"},"inLanguage":"pt-BR","potentialAction":[{"@type":"ReadAction","target":["https:\/\/unisalesiano.com.br\/aracatuba\/engenheiros-formados-no-unisalesiano-sao-homenageados-por-conselho-estadual\/"]}]},{"@type":"BreadcrumbList","@id":"https:\/\/unisalesiano.com.br\/aracatuba\/engenheiros-formados-no-unisalesiano-sao-homenageados-por-conselho-estadual\/#breadcrumb","itemListElement":[{"@type":"ListItem","position":1,"name":"In\u00edcio","item":"https:\/\/unisalesiano.com.br\/aracatuba\/"},{"@type":"ListItem","position":2,"name":"Engenheiros formados no UniSALESIANO s\u00e3o homenageados por conselho estadual"}]},{"@type":"Person","@id":"https:\/\/unisalesiano.com.br\/aracatuba\/#\/schema\/person\/964caaa63bddcf301b320e385db5203a","name":"Monique Bueno","image":{"@type":"ImageObject","@id":"https:\/\/unisalesiano.com.br\/aracatuba\/#personlogo","inLanguage":"pt-BR","url":"https:\/\/secure.gravatar.com\/avatar\/1680078f9a9fb86c36e76e0928e948cfd68a43bbc313c1bad27d1e48b49b308d?s=96&d=mm&r=g","contentUrl":"https:\/\/secure.gravatar.com\/avatar\/1680078f9a9fb86c36e76e0928e948cfd68a43bbc313c1bad27d1e48b49b308d?s=96&d=mm&r=g","caption":"Monique Bueno"},"url":"https:\/\/unisalesiano.com.br\/aracatuba\/author\/monique\/"}]}},"_links":{"self":[{"href":"https:\/\/unisalesiano.com.br\/aracatuba\/wp-json\/wp\/v2\/posts\/39004","targetHints":{"allow":["GET"]}}],"collection":[{"href":"https:\/\/unisalesiano.com.br\/aracatuba\/wp-json\/wp\/v2\/posts"}],"about":[{"href":"https:\/\/unisalesiano.com.br\/aracatuba\/wp-json\/wp\/v2\/types\/post"}],"author":[{"embeddable":true,"href":"https:\/\/unisalesiano.com.br\/aracatuba\/wp-json\/wp\/v2\/users\/3"}],"replies":[{"embeddable":true,"href":"https:\/\/unisalesiano.com.br\/aracatuba\/wp-json\/wp\/v2\/comments?post=39004"}],"version-history":[{"count":0,"href":"https:\/\/unisalesiano.com.br\/aracatuba\/wp-json\/wp\/v2\/posts\/39004\/revisions"}],"wp:featuredmedia":[{"embeddable":true,"href":"https:\/\/unisalesiano.com.br\/aracatuba\/wp-json\/wp\/v2\/media\/39005"}],"wp:attachment":[{"href":"https:\/\/unisalesiano.com.br\/aracatuba\/wp-json\/wp\/v2\/media?parent=39004"}],"wp:term":[{"taxonomy":"category","embeddable":true,"href":"https:\/\/unisalesiano.com.br\/aracatuba\/wp-json\/wp\/v2\/categories?post=39004"},{"taxonomy":"post_tag","embeddable":true,"href":"https:\/\/unisalesiano.com.br\/aracatuba\/wp-json\/wp\/v2\/tags?post=39004"}],"curies":[{"name":"wp","href":"https:\/\/api.w.org\/{rel}","templated":true}]}}