{"id":3733,"date":"2015-05-26T08:55:16","date_gmt":"2015-05-26T11:55:16","guid":{"rendered":"https:\/\/unisalesiano.com.br\/?p=3733"},"modified":"2019-08-15T17:04:12","modified_gmt":"2019-08-15T20:04:12","slug":"quermesse-do-unisalesiano-tem-publico-recorde","status":"publish","type":"post","link":"https:\/\/unisalesiano.com.br\/aracatuba\/quermesse-do-unisalesiano-tem-publico-recorde\/","title":{"rendered":"Quermesse do UniSALESIANO tem p\u00fablico recorde"},"content":{"rendered":"<p>Um <strong>p\u00fablico recorde<\/strong> participou da <strong>8\u00aa Edi\u00e7\u00e3o<\/strong> da <strong>Quermesse e Festa de Nossa Senhora<\/strong> <strong>Auxiliadora<\/strong> realizada nos dias 22 e 23 de maio. Em apenas dois dias, mais de <strong>16 mil pessoas<\/strong> lotaram o campus do <strong>UniSALESIANO de Ara\u00e7atuba<\/strong> para prestigiar a festa que j\u00e1 se tornou o <strong>maior evento universit\u00e1rio<\/strong> de Ara\u00e7atuba e regi\u00e3o, com grande atra\u00e7\u00f5es <strong>culturais, art\u00edsticas e gastron\u00f4micas.<\/strong><\/p>\n<p>A abertura do evento aconteceu na <strong>sexta-feira (22\/05)<\/strong> com <strong>a Prociss\u00e3o e Coroa\u00e7\u00e3o da Padroeira, Nossa Senhora Auxiliadora<\/strong>; a prociss\u00e3o foi organizada pela <strong>Pastoral Universit\u00e1ria<\/strong> e foi conduzida pelo <strong>Pe. Arlindo Pereira de Lima<\/strong>, Pr\u00f3-Reitor de Pastoral, com a participa\u00e7\u00e3o dos integrantes da Quadrilha universit\u00e1ria e centenas de fi\u00e9is. O encerramento da cerim\u00f4nia religiosa aconteceu no palco principal da Quermesse, onde o Reitor do <strong>UniSALESIANO, Pe. Luigi Favero<\/strong> falou do papel de Nossa <strong>Senhora Auxiliadora,<\/strong> <strong>como m\u00e3e de toda a fam\u00edlia Salesiana, agradeceu o intenso trabalho desenvolvido pelos organizadores da festa <\/strong>e declarou aberta oficialmente a Quermesse universit\u00e1ria.<\/p>\n<p><strong>Trinta barracas<\/strong> venderam comidas t\u00edpicas de v\u00e1rias pa\u00edses como <strong>Brasil, It\u00e1lia, Fran\u00e7a, Estados Unidos, Espanha, Jap\u00e3o, China e M\u00e9xico<\/strong>. Depois da prociss\u00e3o, houve apresenta\u00e7\u00e3o da Quadrilha Universit\u00e1ria formada por cerca de <strong>300 alunos<\/strong>; os <strong>shows<\/strong> da sexta-feira, j\u00e1 com o recinto completamente lotado, foram das duplas <strong>Jorge Lucca &amp; Lorena e Luis Henrique e L\u00e9o.<\/strong><\/p>\n<p>No<strong> s\u00e1bado<\/strong>, novamente com milhares de participantes, a Quermesse foi iniciada com a apresenta\u00e7\u00e3o da Quadrilha Universit\u00e1ria e os shows da noite ficaram a cargo da Banda Cr\u00f4nica, cantor <strong>Eduardo Reys<\/strong> e <strong>Trio Violada<\/strong>, de Campo Grande, que j\u00e1 participou do <strong>Programa Superstar da Rede Globo.<\/strong><\/p>\n<p><img loading=\"lazy\" decoding=\"async\" class=\"aligncenter size-full wp-image-3735\" src=\"https:\/\/unisalesiano.com.br\/wp-content\/uploads\/2018\/08\/2015-05-26-1677-01-Quermesse-do-UniSALESIANO-tem-p\u00fablico-recorde.jpg\" alt=\"\" width=\"480\" height=\"320\" srcset=\"https:\/\/unisalesiano.com.br\/aracatuba\/wp-content\/uploads\/2018\/08\/2015-05-26-1677-01-Quermesse-do-UniSALESIANO-tem-p\u00fablico-recorde.jpg 480w, https:\/\/unisalesiano.com.br\/aracatuba\/wp-content\/uploads\/2018\/08\/2015-05-26-1677-01-Quermesse-do-UniSALESIANO-tem-p\u00fablico-recorde-300x200.jpg 300w\" sizes=\"auto, (max-width: 480px) 100vw, 480px\" \/><\/p>\n","protected":false},"excerpt":{"rendered":"<p>Um p\u00fablico recorde participou da 8\u00aa Edi\u00e7\u00e3o da Quermesse e Festa de Nossa Senhora Auxiliadora realizada nos dias 22 e 23 de maio. Em apenas dois dias, mais de 16 mil pessoas lotaram o campus do UniSALESIANO de Ara\u00e7atuba para prestigiar a festa que j\u00e1 se tornou o maior evento universit\u00e1rio de Ara\u00e7atuba e regi\u00e3o, [&hellip;]<\/p>\n","protected":false},"author":7,"featured_media":3734,"comment_status":"open","ping_status":"open","sticky":false,"template":"","format":"standard","meta":{"footnotes":""},"categories":[10],"tags":[16],"class_list":["post-3733","post","type-post","status-publish","format-standard","has-post-thumbnail","hentry","category-pastoral","tag-unisalesiano"],"yoast_head":"<!-- This site is optimized with the Yoast SEO plugin v17.4 - https:\/\/yoast.com\/wordpress\/plugins\/seo\/ -->\n<title>Quermesse do UniSALESIANO tem p\u00fablico recorde - UniSALESIANO Ara\u00e7atuba\/SP<\/title>\n<meta name=\"robots\" content=\"index, follow, max-snippet:-1, max-image-preview:large, max-video-preview:-1\" \/>\n<link rel=\"canonical\" href=\"https:\/\/unisalesiano.com.br\/aracatuba\/quermesse-do-unisalesiano-tem-publico-recorde\/\" \/>\n<meta property=\"og:locale\" content=\"pt_BR\" \/>\n<meta property=\"og:type\" content=\"article\" \/>\n<meta property=\"og:title\" content=\"Quermesse do UniSALESIANO tem p\u00fablico recorde - UniSALESIANO Ara\u00e7atuba\/SP\" \/>\n<meta property=\"og:description\" content=\"Um p\u00fablico recorde participou da 8\u00aa Edi\u00e7\u00e3o da Quermesse e Festa de Nossa Senhora Auxiliadora realizada nos dias 22 e 23 de maio. Em apenas dois dias, mais de 16 mil pessoas lotaram o campus do UniSALESIANO de Ara\u00e7atuba para prestigiar a festa que j\u00e1 se tornou o maior evento universit\u00e1rio de Ara\u00e7atuba e regi\u00e3o, [&hellip;]\" \/>\n<meta property=\"og:url\" content=\"https:\/\/unisalesiano.com.br\/aracatuba\/quermesse-do-unisalesiano-tem-publico-recorde\/\" \/>\n<meta property=\"og:site_name\" content=\"UniSALESIANO Ara\u00e7atuba\/SP\" \/>\n<meta property=\"article:published_time\" content=\"2015-05-26T11:55:16+00:00\" \/>\n<meta property=\"article:modified_time\" content=\"2019-08-15T20:04:12+00:00\" \/>\n<meta property=\"og:image\" content=\"https:\/\/unisalesiano.com.br\/aracatuba\/wp-content\/uploads\/2018\/08\/2015-05-26-1677-02-Quermesse-do-UniSALESIANO-tem-p\u00fablico-recorde.jpg\" \/>\n\t<meta property=\"og:image:width\" content=\"480\" \/>\n\t<meta property=\"og:image:height\" content=\"320\" \/>\n<meta name=\"twitter:card\" content=\"summary_large_image\" \/>\n<meta name=\"twitter:label1\" content=\"Escrito por\" \/>\n\t<meta name=\"twitter:data1\" content=\"Rosiane Cerverizzo\" \/>\n\t<meta name=\"twitter:label2\" content=\"Est. tempo de leitura\" \/>\n\t<meta name=\"twitter:data2\" content=\"1 minuto\" \/>\n<script type=\"application\/ld+json\" class=\"yoast-schema-graph\">{\"@context\":\"https:\/\/schema.org\",\"@graph\":[{\"@type\":\"WebSite\",\"@id\":\"https:\/\/unisalesiano.com.br\/aracatuba\/#website\",\"url\":\"https:\/\/unisalesiano.com.br\/aracatuba\/\",\"name\":\"UniSALESIANO Ara\\u00e7atuba\/SP\",\"description\":\"Centro Universit\\u00e1rio Cat\\u00f3lico Salesiano Auxilium\",\"potentialAction\":[{\"@type\":\"SearchAction\",\"target\":{\"@type\":\"EntryPoint\",\"urlTemplate\":\"https:\/\/unisalesiano.com.br\/aracatuba\/?s={search_term_string}\"},\"query-input\":\"required name=search_term_string\"}],\"inLanguage\":\"pt-BR\"},{\"@type\":\"ImageObject\",\"@id\":\"https:\/\/unisalesiano.com.br\/aracatuba\/quermesse-do-unisalesiano-tem-publico-recorde\/#primaryimage\",\"inLanguage\":\"pt-BR\",\"url\":\"https:\/\/unisalesiano.com.br\/aracatuba\/wp-content\/uploads\/2018\/08\/2015-05-26-1677-02-Quermesse-do-UniSALESIANO-tem-p\\u00fablico-recorde.jpg\",\"contentUrl\":\"https:\/\/unisalesiano.com.br\/aracatuba\/wp-content\/uploads\/2018\/08\/2015-05-26-1677-02-Quermesse-do-UniSALESIANO-tem-p\\u00fablico-recorde.jpg\",\"width\":480,\"height\":320},{\"@type\":\"WebPage\",\"@id\":\"https:\/\/unisalesiano.com.br\/aracatuba\/quermesse-do-unisalesiano-tem-publico-recorde\/#webpage\",\"url\":\"https:\/\/unisalesiano.com.br\/aracatuba\/quermesse-do-unisalesiano-tem-publico-recorde\/\",\"name\":\"Quermesse do UniSALESIANO tem p\\u00fablico recorde - UniSALESIANO Ara\\u00e7atuba\/SP\",\"isPartOf\":{\"@id\":\"https:\/\/unisalesiano.com.br\/aracatuba\/#website\"},\"primaryImageOfPage\":{\"@id\":\"https:\/\/unisalesiano.com.br\/aracatuba\/quermesse-do-unisalesiano-tem-publico-recorde\/#primaryimage\"},\"datePublished\":\"2015-05-26T11:55:16+00:00\",\"dateModified\":\"2019-08-15T20:04:12+00:00\",\"author\":{\"@id\":\"https:\/\/unisalesiano.com.br\/aracatuba\/#\/schema\/person\/9b0bb7fe2888d8c52a9981cc9f499850\"},\"breadcrumb\":{\"@id\":\"https:\/\/unisalesiano.com.br\/aracatuba\/quermesse-do-unisalesiano-tem-publico-recorde\/#breadcrumb\"},\"inLanguage\":\"pt-BR\",\"potentialAction\":[{\"@type\":\"ReadAction\",\"target\":[\"https:\/\/unisalesiano.com.br\/aracatuba\/quermesse-do-unisalesiano-tem-publico-recorde\/\"]}]},{\"@type\":\"BreadcrumbList\",\"@id\":\"https:\/\/unisalesiano.com.br\/aracatuba\/quermesse-do-unisalesiano-tem-publico-recorde\/#breadcrumb\",\"itemListElement\":[{\"@type\":\"ListItem\",\"position\":1,\"name\":\"In\\u00edcio\",\"item\":\"https:\/\/unisalesiano.com.br\/aracatuba\/\"},{\"@type\":\"ListItem\",\"position\":2,\"name\":\"Quermesse do UniSALESIANO tem p\\u00fablico recorde\"}]},{\"@type\":\"Person\",\"@id\":\"https:\/\/unisalesiano.com.br\/aracatuba\/#\/schema\/person\/9b0bb7fe2888d8c52a9981cc9f499850\",\"name\":\"Rosiane Cerverizzo\",\"image\":{\"@type\":\"ImageObject\",\"@id\":\"https:\/\/unisalesiano.com.br\/aracatuba\/#personlogo\",\"inLanguage\":\"pt-BR\",\"url\":\"https:\/\/secure.gravatar.com\/avatar\/435d6972275f45fcd8db34d02c275aea169714405f437e6532d04aa71ef9cbe2?s=96&d=mm&r=g\",\"contentUrl\":\"https:\/\/secure.gravatar.com\/avatar\/435d6972275f45fcd8db34d02c275aea169714405f437e6532d04aa71ef9cbe2?s=96&d=mm&r=g\",\"caption\":\"Rosiane Cerverizzo\"},\"url\":\"https:\/\/unisalesiano.com.br\/aracatuba\/author\/rosi\/\"}]}<\/script>\n<!-- \/ Yoast SEO plugin. -->","yoast_head_json":{"title":"Quermesse do UniSALESIANO tem p\u00fablico recorde - UniSALESIANO Ara\u00e7atuba\/SP","robots":{"index":"index","follow":"follow","max-snippet":"max-snippet:-1","max-image-preview":"max-image-preview:large","max-video-preview":"max-video-preview:-1"},"canonical":"https:\/\/unisalesiano.com.br\/aracatuba\/quermesse-do-unisalesiano-tem-publico-recorde\/","og_locale":"pt_BR","og_type":"article","og_title":"Quermesse do UniSALESIANO tem p\u00fablico recorde - UniSALESIANO Ara\u00e7atuba\/SP","og_description":"Um p\u00fablico recorde participou da 8\u00aa Edi\u00e7\u00e3o da Quermesse e Festa de Nossa Senhora Auxiliadora realizada nos dias 22 e 23 de maio. Em apenas dois dias, mais de 16 mil pessoas lotaram o campus do UniSALESIANO de Ara\u00e7atuba para prestigiar a festa que j\u00e1 se tornou o maior evento universit\u00e1rio de Ara\u00e7atuba e regi\u00e3o, [&hellip;]","og_url":"https:\/\/unisalesiano.com.br\/aracatuba\/quermesse-do-unisalesiano-tem-publico-recorde\/","og_site_name":"UniSALESIANO Ara\u00e7atuba\/SP","article_published_time":"2015-05-26T11:55:16+00:00","article_modified_time":"2019-08-15T20:04:12+00:00","og_image":[{"width":480,"height":320,"url":"https:\/\/unisalesiano.com.br\/aracatuba\/wp-content\/uploads\/2018\/08\/2015-05-26-1677-02-Quermesse-do-UniSALESIANO-tem-p\u00fablico-recorde.jpg","type":"image\/jpeg"}],"twitter_card":"summary_large_image","twitter_misc":{"Escrito por":"Rosiane Cerverizzo","Est. tempo de leitura":"1 minuto"},"schema":{"@context":"https:\/\/schema.org","@graph":[{"@type":"WebSite","@id":"https:\/\/unisalesiano.com.br\/aracatuba\/#website","url":"https:\/\/unisalesiano.com.br\/aracatuba\/","name":"UniSALESIANO Ara\u00e7atuba\/SP","description":"Centro Universit\u00e1rio Cat\u00f3lico Salesiano Auxilium","potentialAction":[{"@type":"SearchAction","target":{"@type":"EntryPoint","urlTemplate":"https:\/\/unisalesiano.com.br\/aracatuba\/?s={search_term_string}"},"query-input":"required name=search_term_string"}],"inLanguage":"pt-BR"},{"@type":"ImageObject","@id":"https:\/\/unisalesiano.com.br\/aracatuba\/quermesse-do-unisalesiano-tem-publico-recorde\/#primaryimage","inLanguage":"pt-BR","url":"https:\/\/unisalesiano.com.br\/aracatuba\/wp-content\/uploads\/2018\/08\/2015-05-26-1677-02-Quermesse-do-UniSALESIANO-tem-p\u00fablico-recorde.jpg","contentUrl":"https:\/\/unisalesiano.com.br\/aracatuba\/wp-content\/uploads\/2018\/08\/2015-05-26-1677-02-Quermesse-do-UniSALESIANO-tem-p\u00fablico-recorde.jpg","width":480,"height":320},{"@type":"WebPage","@id":"https:\/\/unisalesiano.com.br\/aracatuba\/quermesse-do-unisalesiano-tem-publico-recorde\/#webpage","url":"https:\/\/unisalesiano.com.br\/aracatuba\/quermesse-do-unisalesiano-tem-publico-recorde\/","name":"Quermesse do UniSALESIANO tem p\u00fablico recorde - UniSALESIANO Ara\u00e7atuba\/SP","isPartOf":{"@id":"https:\/\/unisalesiano.com.br\/aracatuba\/#website"},"primaryImageOfPage":{"@id":"https:\/\/unisalesiano.com.br\/aracatuba\/quermesse-do-unisalesiano-tem-publico-recorde\/#primaryimage"},"datePublished":"2015-05-26T11:55:16+00:00","dateModified":"2019-08-15T20:04:12+00:00","author":{"@id":"https:\/\/unisalesiano.com.br\/aracatuba\/#\/schema\/person\/9b0bb7fe2888d8c52a9981cc9f499850"},"breadcrumb":{"@id":"https:\/\/unisalesiano.com.br\/aracatuba\/quermesse-do-unisalesiano-tem-publico-recorde\/#breadcrumb"},"inLanguage":"pt-BR","potentialAction":[{"@type":"ReadAction","target":["https:\/\/unisalesiano.com.br\/aracatuba\/quermesse-do-unisalesiano-tem-publico-recorde\/"]}]},{"@type":"BreadcrumbList","@id":"https:\/\/unisalesiano.com.br\/aracatuba\/quermesse-do-unisalesiano-tem-publico-recorde\/#breadcrumb","itemListElement":[{"@type":"ListItem","position":1,"name":"In\u00edcio","item":"https:\/\/unisalesiano.com.br\/aracatuba\/"},{"@type":"ListItem","position":2,"name":"Quermesse do UniSALESIANO tem p\u00fablico recorde"}]},{"@type":"Person","@id":"https:\/\/unisalesiano.com.br\/aracatuba\/#\/schema\/person\/9b0bb7fe2888d8c52a9981cc9f499850","name":"Rosiane Cerverizzo","image":{"@type":"ImageObject","@id":"https:\/\/unisalesiano.com.br\/aracatuba\/#personlogo","inLanguage":"pt-BR","url":"https:\/\/secure.gravatar.com\/avatar\/435d6972275f45fcd8db34d02c275aea169714405f437e6532d04aa71ef9cbe2?s=96&d=mm&r=g","contentUrl":"https:\/\/secure.gravatar.com\/avatar\/435d6972275f45fcd8db34d02c275aea169714405f437e6532d04aa71ef9cbe2?s=96&d=mm&r=g","caption":"Rosiane Cerverizzo"},"url":"https:\/\/unisalesiano.com.br\/aracatuba\/author\/rosi\/"}]}},"_links":{"self":[{"href":"https:\/\/unisalesiano.com.br\/aracatuba\/wp-json\/wp\/v2\/posts\/3733","targetHints":{"allow":["GET"]}}],"collection":[{"href":"https:\/\/unisalesiano.com.br\/aracatuba\/wp-json\/wp\/v2\/posts"}],"about":[{"href":"https:\/\/unisalesiano.com.br\/aracatuba\/wp-json\/wp\/v2\/types\/post"}],"author":[{"embeddable":true,"href":"https:\/\/unisalesiano.com.br\/aracatuba\/wp-json\/wp\/v2\/users\/7"}],"replies":[{"embeddable":true,"href":"https:\/\/unisalesiano.com.br\/aracatuba\/wp-json\/wp\/v2\/comments?post=3733"}],"version-history":[{"count":0,"href":"https:\/\/unisalesiano.com.br\/aracatuba\/wp-json\/wp\/v2\/posts\/3733\/revisions"}],"wp:featuredmedia":[{"embeddable":true,"href":"https:\/\/unisalesiano.com.br\/aracatuba\/wp-json\/wp\/v2\/media\/3734"}],"wp:attachment":[{"href":"https:\/\/unisalesiano.com.br\/aracatuba\/wp-json\/wp\/v2\/media?parent=3733"}],"wp:term":[{"taxonomy":"category","embeddable":true,"href":"https:\/\/unisalesiano.com.br\/aracatuba\/wp-json\/wp\/v2\/categories?post=3733"},{"taxonomy":"post_tag","embeddable":true,"href":"https:\/\/unisalesiano.com.br\/aracatuba\/wp-json\/wp\/v2\/tags?post=3733"}],"curies":[{"name":"wp","href":"https:\/\/api.w.org\/{rel}","templated":true}]}}