{"id":36001,"date":"2022-06-28T09:56:14","date_gmt":"2022-06-28T12:56:14","guid":{"rendered":"https:\/\/unisalesiano.com.br\/aracatuba\/?p=36001"},"modified":"2022-06-29T14:46:26","modified_gmt":"2022-06-29T17:46:26","slug":"diretor-geral-do-unisalesiano-aracatuba-anuncia-primeiro-polo-ead-em-aldeia-indigena","status":"publish","type":"post","link":"https:\/\/unisalesiano.com.br\/aracatuba\/diretor-geral-do-unisalesiano-aracatuba-anuncia-primeiro-polo-ead-em-aldeia-indigena\/","title":{"rendered":"Diretor-Geral do UniSALESIANO Ara\u00e7atuba anuncia primeiro polo EAD em aldeia ind\u00edgena"},"content":{"rendered":"<p>A miss\u00e3o salesiana entre os povos ind\u00edgenas existe h\u00e1 mais de 100 anos, com in\u00edcio em Mato Grosso, como sinal de solidariedade e compromisso com os povos Boe-Bororo e os Xavantes da regi\u00e3o. E como forma de estender esse comprometimento com os ind\u00edgenas para al\u00e9m da \u00e1rea assistencial, o <strong>UniSALESIANO<\/strong> vai abrir o <strong>primeiro polo em EAD (Educa\u00e7\u00e3o a Dist\u00e2ncia), do curso de Pedagogia<\/strong>, para os Boe-Bororo que vivem na aldeia de Meruri \u2013 distante mais de 900 quil\u00f4metros de Ara\u00e7atuba.<\/p>\n<p>A novidade foi divulgada pelo <strong>Diretor-Geral do UniSALESIANO Ara\u00e7atuba<\/strong> e do <strong>Col\u00e9gio Salesiano \u201cDom Luiz Lasagna\u201d, Pe. Erondi Tamandar\u00e9, SDB<\/strong>, durante a entrega simb\u00f3lica das cinco toneladas de alimentos que foram arrecadados em uma campanha do Col\u00e9gio. O montante ser\u00e1 distribu\u00eddo aos povos ind\u00edgenas de Meruri (Boe-Bororo) e S\u00e3o Marcos (Xavante) por meio da expedi\u00e7\u00e3o do projeto <strong>\u201cVoluntariado Mission\u00e1rio\u201d,<\/strong> que acontece entre os dias 30 de junho e 7 de julho.<\/p>\n<p>Em rela\u00e7\u00e3o ao polo EAD do UniSALESIANO, que \u00e9 in\u00e9dito dentro de uma aldeia ind\u00edgena, Pe. Erondi destacou que ser\u00e3o 40 vagas, com bolsas 100% integrais. \u201cProfissionais do UniSALESIANO que viajar\u00e3o ao Mato Grosso pelo Voluntariado Mission\u00e1rio ir\u00e3o aplicar o Vestibular no s\u00e1bado, dia 2 de julho\u201d, contou.<\/p>\n<p>Os aprovados ter\u00e3o direito \u00e0s bolsas e ser\u00e3o acompanhados por tutores capacitados. \u201cEu sou descendente direto de ind\u00edgena e eu me comovi porque sentimos que h\u00e1 necessidade de uma parceria cont\u00ednua e fortalecida com os ind\u00edgenas, que s\u00e3o os pobres dos pobres. E eu, por ser descendente, nunca deixo de lembrar deles\u201d, ressaltou Pe. Erondi, ao citar que, no futuro, o polo EAD poder\u00e1 ser ampliado para outras aldeias.<\/p>\n<p>O <strong>Pr\u00f3-Reitor de Ensino, Pesquisa e P\u00f3s-Gradua\u00e7\u00e3o, Prof. Andr\u00e9 Ornellas<\/strong>, ressalta o fortalecimento da parceria entre UniSALESIANO e comunidades ind\u00edgenas com a inaugura\u00e7\u00e3o do polo EAD de Meruri. \u201cLevar a educa\u00e7\u00e3o, a tecnologia e oferecer oportunidade de crescimento pessoal e profissional faz parte da miss\u00e3o dos salesianos\u201d, frisou.<\/p>\n<p><strong>ALIMENTOS<\/strong><\/p>\n<p>A <strong>Coordenadora do Curso de Educa\u00e7\u00e3o F\u00edsica, Prof.\u00aa Juliana Mitidiero<\/strong>, junto com a <strong>Coordenadora do Curso de Psicologia, Prof.\u00aa Mirella Justi<\/strong>, o <strong>Pr\u00f3-Reitor de Pastoral, Pe. Paulo J\u00e1como<\/strong>, agentes de pastoral e aproximadamente 20 acad\u00eamicos, levar\u00e3o os alimentos para as aldeias de Meruri e S\u00e3o Marcos, no dia 30 de junho. \u201cFoi uma surpresa para n\u00f3s essa iniciativa do Pe. Erondi com a campanha de arrecada\u00e7\u00e3o no Col\u00e9gio Salesiano. Teve um grande envolvimento dos alunos, movimentou a cidade. Al\u00e9m dos alimentos, arrecadamos tamb\u00e9m agasalhos e cobertores\u201d, disse Juliana.<\/p>\n<p><img loading=\"lazy\" decoding=\"async\" class=\"aligncenter size-full wp-image-36003\" src=\"https:\/\/unisalesiano.com.br\/aracatuba\/wp-content\/uploads\/2022\/06\/IMG_4707-scaled.jpg\" alt=\"\" width=\"2560\" height=\"1707\" srcset=\"https:\/\/unisalesiano.com.br\/aracatuba\/wp-content\/uploads\/2022\/06\/IMG_4707-scaled.jpg 2560w, https:\/\/unisalesiano.com.br\/aracatuba\/wp-content\/uploads\/2022\/06\/IMG_4707-300x200.jpg 300w, https:\/\/unisalesiano.com.br\/aracatuba\/wp-content\/uploads\/2022\/06\/IMG_4707-1024x683.jpg 1024w, https:\/\/unisalesiano.com.br\/aracatuba\/wp-content\/uploads\/2022\/06\/IMG_4707-768x512.jpg 768w, https:\/\/unisalesiano.com.br\/aracatuba\/wp-content\/uploads\/2022\/06\/IMG_4707-1536x1024.jpg 1536w, https:\/\/unisalesiano.com.br\/aracatuba\/wp-content\/uploads\/2022\/06\/IMG_4707-2048x1365.jpg 2048w\" sizes=\"auto, (max-width: 2560px) 100vw, 2560px\" \/><\/p>\n","protected":false},"excerpt":{"rendered":"<p>A miss\u00e3o salesiana entre os povos ind\u00edgenas existe h\u00e1 mais de 100 anos, com in\u00edcio em Mato Grosso, como sinal de solidariedade e compromisso com os povos Boe-Bororo e os Xavantes da regi\u00e3o. E como forma de estender esse comprometimento com os ind\u00edgenas para al\u00e9m da \u00e1rea assistencial, o UniSALESIANO vai abrir o primeiro polo [&hellip;]<\/p>\n","protected":false},"author":3,"featured_media":36002,"comment_status":"open","ping_status":"open","sticky":false,"template":"","format":"standard","meta":{"footnotes":""},"categories":[11,10,9],"tags":[103,133,1440,16,852],"class_list":["post-36001","post","type-post","status-publish","format-standard","has-post-thumbnail","hentry","category-institucional","category-pastoral","category-reitoria","tag-aracatuba","tag-colegio-salesiano","tag-polo-ead","tag-unisalesiano","tag-voluntariado-missionario"],"yoast_head":"<!-- This site is optimized with the Yoast SEO plugin v17.4 - https:\/\/yoast.com\/wordpress\/plugins\/seo\/ -->\n<title>Diretor-Geral do UniSALESIANO Ara\u00e7atuba anuncia primeiro polo EAD em aldeia ind\u00edgena - UniSALESIANO Ara\u00e7atuba\/SP<\/title>\n<meta name=\"robots\" content=\"index, follow, max-snippet:-1, max-image-preview:large, max-video-preview:-1\" \/>\n<link rel=\"canonical\" href=\"https:\/\/unisalesiano.com.br\/aracatuba\/diretor-geral-do-unisalesiano-aracatuba-anuncia-primeiro-polo-ead-em-aldeia-indigena\/\" \/>\n<meta property=\"og:locale\" content=\"pt_BR\" \/>\n<meta property=\"og:type\" content=\"article\" \/>\n<meta property=\"og:title\" content=\"Diretor-Geral do UniSALESIANO Ara\u00e7atuba anuncia primeiro polo EAD em aldeia ind\u00edgena - UniSALESIANO Ara\u00e7atuba\/SP\" \/>\n<meta property=\"og:description\" content=\"A miss\u00e3o salesiana entre os povos ind\u00edgenas existe h\u00e1 mais de 100 anos, com in\u00edcio em Mato Grosso, como sinal de solidariedade e compromisso com os povos Boe-Bororo e os Xavantes da regi\u00e3o. E como forma de estender esse comprometimento com os ind\u00edgenas para al\u00e9m da \u00e1rea assistencial, o UniSALESIANO vai abrir o primeiro polo [&hellip;]\" \/>\n<meta property=\"og:url\" content=\"https:\/\/unisalesiano.com.br\/aracatuba\/diretor-geral-do-unisalesiano-aracatuba-anuncia-primeiro-polo-ead-em-aldeia-indigena\/\" \/>\n<meta property=\"og:site_name\" content=\"UniSALESIANO Ara\u00e7atuba\/SP\" \/>\n<meta property=\"article:published_time\" content=\"2022-06-28T12:56:14+00:00\" \/>\n<meta property=\"article:modified_time\" content=\"2022-06-29T17:46:26+00:00\" \/>\n<meta property=\"og:image\" content=\"https:\/\/unisalesiano.com.br\/aracatuba\/wp-content\/uploads\/2022\/06\/IMG_4715-scaled.jpg\" \/>\n\t<meta property=\"og:image:width\" content=\"2560\" \/>\n\t<meta property=\"og:image:height\" content=\"1707\" \/>\n<meta name=\"twitter:card\" content=\"summary_large_image\" \/>\n<meta name=\"twitter:label1\" content=\"Escrito por\" \/>\n\t<meta name=\"twitter:data1\" content=\"Monique Bueno\" \/>\n\t<meta name=\"twitter:label2\" content=\"Est. tempo de leitura\" \/>\n\t<meta name=\"twitter:data2\" content=\"2 minutos\" \/>\n<script type=\"application\/ld+json\" class=\"yoast-schema-graph\">{\"@context\":\"https:\/\/schema.org\",\"@graph\":[{\"@type\":\"WebSite\",\"@id\":\"https:\/\/unisalesiano.com.br\/aracatuba\/#website\",\"url\":\"https:\/\/unisalesiano.com.br\/aracatuba\/\",\"name\":\"UniSALESIANO Ara\\u00e7atuba\/SP\",\"description\":\"Centro Universit\\u00e1rio Cat\\u00f3lico Salesiano Auxilium\",\"potentialAction\":[{\"@type\":\"SearchAction\",\"target\":{\"@type\":\"EntryPoint\",\"urlTemplate\":\"https:\/\/unisalesiano.com.br\/aracatuba\/?s={search_term_string}\"},\"query-input\":\"required name=search_term_string\"}],\"inLanguage\":\"pt-BR\"},{\"@type\":\"ImageObject\",\"@id\":\"https:\/\/unisalesiano.com.br\/aracatuba\/diretor-geral-do-unisalesiano-aracatuba-anuncia-primeiro-polo-ead-em-aldeia-indigena\/#primaryimage\",\"inLanguage\":\"pt-BR\",\"url\":\"https:\/\/unisalesiano.com.br\/aracatuba\/wp-content\/uploads\/2022\/06\/IMG_4715-scaled.jpg\",\"contentUrl\":\"https:\/\/unisalesiano.com.br\/aracatuba\/wp-content\/uploads\/2022\/06\/IMG_4715-scaled.jpg\",\"width\":2560,\"height\":1707},{\"@type\":\"WebPage\",\"@id\":\"https:\/\/unisalesiano.com.br\/aracatuba\/diretor-geral-do-unisalesiano-aracatuba-anuncia-primeiro-polo-ead-em-aldeia-indigena\/#webpage\",\"url\":\"https:\/\/unisalesiano.com.br\/aracatuba\/diretor-geral-do-unisalesiano-aracatuba-anuncia-primeiro-polo-ead-em-aldeia-indigena\/\",\"name\":\"Diretor-Geral do UniSALESIANO Ara\\u00e7atuba anuncia primeiro polo EAD em aldeia ind\\u00edgena - UniSALESIANO Ara\\u00e7atuba\/SP\",\"isPartOf\":{\"@id\":\"https:\/\/unisalesiano.com.br\/aracatuba\/#website\"},\"primaryImageOfPage\":{\"@id\":\"https:\/\/unisalesiano.com.br\/aracatuba\/diretor-geral-do-unisalesiano-aracatuba-anuncia-primeiro-polo-ead-em-aldeia-indigena\/#primaryimage\"},\"datePublished\":\"2022-06-28T12:56:14+00:00\",\"dateModified\":\"2022-06-29T17:46:26+00:00\",\"author\":{\"@id\":\"https:\/\/unisalesiano.com.br\/aracatuba\/#\/schema\/person\/964caaa63bddcf301b320e385db5203a\"},\"breadcrumb\":{\"@id\":\"https:\/\/unisalesiano.com.br\/aracatuba\/diretor-geral-do-unisalesiano-aracatuba-anuncia-primeiro-polo-ead-em-aldeia-indigena\/#breadcrumb\"},\"inLanguage\":\"pt-BR\",\"potentialAction\":[{\"@type\":\"ReadAction\",\"target\":[\"https:\/\/unisalesiano.com.br\/aracatuba\/diretor-geral-do-unisalesiano-aracatuba-anuncia-primeiro-polo-ead-em-aldeia-indigena\/\"]}]},{\"@type\":\"BreadcrumbList\",\"@id\":\"https:\/\/unisalesiano.com.br\/aracatuba\/diretor-geral-do-unisalesiano-aracatuba-anuncia-primeiro-polo-ead-em-aldeia-indigena\/#breadcrumb\",\"itemListElement\":[{\"@type\":\"ListItem\",\"position\":1,\"name\":\"In\\u00edcio\",\"item\":\"https:\/\/unisalesiano.com.br\/aracatuba\/\"},{\"@type\":\"ListItem\",\"position\":2,\"name\":\"Diretor-Geral do UniSALESIANO Ara\\u00e7atuba anuncia primeiro polo EAD em aldeia ind\\u00edgena\"}]},{\"@type\":\"Person\",\"@id\":\"https:\/\/unisalesiano.com.br\/aracatuba\/#\/schema\/person\/964caaa63bddcf301b320e385db5203a\",\"name\":\"Monique Bueno\",\"image\":{\"@type\":\"ImageObject\",\"@id\":\"https:\/\/unisalesiano.com.br\/aracatuba\/#personlogo\",\"inLanguage\":\"pt-BR\",\"url\":\"https:\/\/secure.gravatar.com\/avatar\/1680078f9a9fb86c36e76e0928e948cfd68a43bbc313c1bad27d1e48b49b308d?s=96&d=mm&r=g\",\"contentUrl\":\"https:\/\/secure.gravatar.com\/avatar\/1680078f9a9fb86c36e76e0928e948cfd68a43bbc313c1bad27d1e48b49b308d?s=96&d=mm&r=g\",\"caption\":\"Monique Bueno\"},\"url\":\"https:\/\/unisalesiano.com.br\/aracatuba\/author\/monique\/\"}]}<\/script>\n<!-- \/ Yoast SEO plugin. -->","yoast_head_json":{"title":"Diretor-Geral do UniSALESIANO Ara\u00e7atuba anuncia primeiro polo EAD em aldeia ind\u00edgena - UniSALESIANO Ara\u00e7atuba\/SP","robots":{"index":"index","follow":"follow","max-snippet":"max-snippet:-1","max-image-preview":"max-image-preview:large","max-video-preview":"max-video-preview:-1"},"canonical":"https:\/\/unisalesiano.com.br\/aracatuba\/diretor-geral-do-unisalesiano-aracatuba-anuncia-primeiro-polo-ead-em-aldeia-indigena\/","og_locale":"pt_BR","og_type":"article","og_title":"Diretor-Geral do UniSALESIANO Ara\u00e7atuba anuncia primeiro polo EAD em aldeia ind\u00edgena - UniSALESIANO Ara\u00e7atuba\/SP","og_description":"A miss\u00e3o salesiana entre os povos ind\u00edgenas existe h\u00e1 mais de 100 anos, com in\u00edcio em Mato Grosso, como sinal de solidariedade e compromisso com os povos Boe-Bororo e os Xavantes da regi\u00e3o. E como forma de estender esse comprometimento com os ind\u00edgenas para al\u00e9m da \u00e1rea assistencial, o UniSALESIANO vai abrir o primeiro polo [&hellip;]","og_url":"https:\/\/unisalesiano.com.br\/aracatuba\/diretor-geral-do-unisalesiano-aracatuba-anuncia-primeiro-polo-ead-em-aldeia-indigena\/","og_site_name":"UniSALESIANO Ara\u00e7atuba\/SP","article_published_time":"2022-06-28T12:56:14+00:00","article_modified_time":"2022-06-29T17:46:26+00:00","og_image":[{"width":2560,"height":1707,"url":"https:\/\/unisalesiano.com.br\/aracatuba\/wp-content\/uploads\/2022\/06\/IMG_4715-scaled.jpg","type":"image\/jpeg"}],"twitter_card":"summary_large_image","twitter_misc":{"Escrito por":"Monique Bueno","Est. tempo de leitura":"2 minutos"},"schema":{"@context":"https:\/\/schema.org","@graph":[{"@type":"WebSite","@id":"https:\/\/unisalesiano.com.br\/aracatuba\/#website","url":"https:\/\/unisalesiano.com.br\/aracatuba\/","name":"UniSALESIANO Ara\u00e7atuba\/SP","description":"Centro Universit\u00e1rio Cat\u00f3lico Salesiano Auxilium","potentialAction":[{"@type":"SearchAction","target":{"@type":"EntryPoint","urlTemplate":"https:\/\/unisalesiano.com.br\/aracatuba\/?s={search_term_string}"},"query-input":"required name=search_term_string"}],"inLanguage":"pt-BR"},{"@type":"ImageObject","@id":"https:\/\/unisalesiano.com.br\/aracatuba\/diretor-geral-do-unisalesiano-aracatuba-anuncia-primeiro-polo-ead-em-aldeia-indigena\/#primaryimage","inLanguage":"pt-BR","url":"https:\/\/unisalesiano.com.br\/aracatuba\/wp-content\/uploads\/2022\/06\/IMG_4715-scaled.jpg","contentUrl":"https:\/\/unisalesiano.com.br\/aracatuba\/wp-content\/uploads\/2022\/06\/IMG_4715-scaled.jpg","width":2560,"height":1707},{"@type":"WebPage","@id":"https:\/\/unisalesiano.com.br\/aracatuba\/diretor-geral-do-unisalesiano-aracatuba-anuncia-primeiro-polo-ead-em-aldeia-indigena\/#webpage","url":"https:\/\/unisalesiano.com.br\/aracatuba\/diretor-geral-do-unisalesiano-aracatuba-anuncia-primeiro-polo-ead-em-aldeia-indigena\/","name":"Diretor-Geral do UniSALESIANO Ara\u00e7atuba anuncia primeiro polo EAD em aldeia ind\u00edgena - UniSALESIANO Ara\u00e7atuba\/SP","isPartOf":{"@id":"https:\/\/unisalesiano.com.br\/aracatuba\/#website"},"primaryImageOfPage":{"@id":"https:\/\/unisalesiano.com.br\/aracatuba\/diretor-geral-do-unisalesiano-aracatuba-anuncia-primeiro-polo-ead-em-aldeia-indigena\/#primaryimage"},"datePublished":"2022-06-28T12:56:14+00:00","dateModified":"2022-06-29T17:46:26+00:00","author":{"@id":"https:\/\/unisalesiano.com.br\/aracatuba\/#\/schema\/person\/964caaa63bddcf301b320e385db5203a"},"breadcrumb":{"@id":"https:\/\/unisalesiano.com.br\/aracatuba\/diretor-geral-do-unisalesiano-aracatuba-anuncia-primeiro-polo-ead-em-aldeia-indigena\/#breadcrumb"},"inLanguage":"pt-BR","potentialAction":[{"@type":"ReadAction","target":["https:\/\/unisalesiano.com.br\/aracatuba\/diretor-geral-do-unisalesiano-aracatuba-anuncia-primeiro-polo-ead-em-aldeia-indigena\/"]}]},{"@type":"BreadcrumbList","@id":"https:\/\/unisalesiano.com.br\/aracatuba\/diretor-geral-do-unisalesiano-aracatuba-anuncia-primeiro-polo-ead-em-aldeia-indigena\/#breadcrumb","itemListElement":[{"@type":"ListItem","position":1,"name":"In\u00edcio","item":"https:\/\/unisalesiano.com.br\/aracatuba\/"},{"@type":"ListItem","position":2,"name":"Diretor-Geral do UniSALESIANO Ara\u00e7atuba anuncia primeiro polo EAD em aldeia ind\u00edgena"}]},{"@type":"Person","@id":"https:\/\/unisalesiano.com.br\/aracatuba\/#\/schema\/person\/964caaa63bddcf301b320e385db5203a","name":"Monique Bueno","image":{"@type":"ImageObject","@id":"https:\/\/unisalesiano.com.br\/aracatuba\/#personlogo","inLanguage":"pt-BR","url":"https:\/\/secure.gravatar.com\/avatar\/1680078f9a9fb86c36e76e0928e948cfd68a43bbc313c1bad27d1e48b49b308d?s=96&d=mm&r=g","contentUrl":"https:\/\/secure.gravatar.com\/avatar\/1680078f9a9fb86c36e76e0928e948cfd68a43bbc313c1bad27d1e48b49b308d?s=96&d=mm&r=g","caption":"Monique Bueno"},"url":"https:\/\/unisalesiano.com.br\/aracatuba\/author\/monique\/"}]}},"_links":{"self":[{"href":"https:\/\/unisalesiano.com.br\/aracatuba\/wp-json\/wp\/v2\/posts\/36001","targetHints":{"allow":["GET"]}}],"collection":[{"href":"https:\/\/unisalesiano.com.br\/aracatuba\/wp-json\/wp\/v2\/posts"}],"about":[{"href":"https:\/\/unisalesiano.com.br\/aracatuba\/wp-json\/wp\/v2\/types\/post"}],"author":[{"embeddable":true,"href":"https:\/\/unisalesiano.com.br\/aracatuba\/wp-json\/wp\/v2\/users\/3"}],"replies":[{"embeddable":true,"href":"https:\/\/unisalesiano.com.br\/aracatuba\/wp-json\/wp\/v2\/comments?post=36001"}],"version-history":[{"count":0,"href":"https:\/\/unisalesiano.com.br\/aracatuba\/wp-json\/wp\/v2\/posts\/36001\/revisions"}],"wp:featuredmedia":[{"embeddable":true,"href":"https:\/\/unisalesiano.com.br\/aracatuba\/wp-json\/wp\/v2\/media\/36002"}],"wp:attachment":[{"href":"https:\/\/unisalesiano.com.br\/aracatuba\/wp-json\/wp\/v2\/media?parent=36001"}],"wp:term":[{"taxonomy":"category","embeddable":true,"href":"https:\/\/unisalesiano.com.br\/aracatuba\/wp-json\/wp\/v2\/categories?post=36001"},{"taxonomy":"post_tag","embeddable":true,"href":"https:\/\/unisalesiano.com.br\/aracatuba\/wp-json\/wp\/v2\/tags?post=36001"}],"curies":[{"name":"wp","href":"https:\/\/api.w.org\/{rel}","templated":true}]}}