{"id":35229,"date":"2022-04-08T16:27:38","date_gmt":"2022-04-08T19:27:38","guid":{"rendered":"https:\/\/unisalesiano.com.br\/aracatuba\/?p=35229"},"modified":"2022-04-08T16:28:52","modified_gmt":"2022-04-08T19:28:52","slug":"destaque-na-graduacao-arquiteta-formada-no-unisalesiano-conquista-vaga-em-mestrado-da-unesp","status":"publish","type":"post","link":"https:\/\/unisalesiano.com.br\/aracatuba\/destaque-na-graduacao-arquiteta-formada-no-unisalesiano-conquista-vaga-em-mestrado-da-unesp\/","title":{"rendered":"Destaque na gradua\u00e7\u00e3o, arquiteta formada no UniSALESIANO entra no Mestrado da Unesp"},"content":{"rendered":"<p>Com uma trajet\u00f3ria brilhante em sua gradua\u00e7\u00e3o, a arquiteta formada no UniSALESIANO, <strong>Maria Gabriela Silva L\u00eado<\/strong>, de 25 anos, comemora sua aprova\u00e7\u00e3o no <strong>Mestrado da Unesp<\/strong> <strong>(Universidade Estadual Paulista) de Ara\u00e7atuba<\/strong>.<\/p>\n<p>A aprova\u00e7\u00e3o de Maria Gabriela, em 2015, abriu caminhos para muitas conquistas, como o excelente desempenho no Enade (Exame Nacional de Desempenho dos Estudantes); n\u00edvel de distin\u00e7\u00e3o acad\u00eamica \u2013 \u201cMagna Cum Laude\u201d; e reconhecimento como melhor aluna da turma de 2019, do Curso de Arquitetura.<\/p>\n<p>O <strong>Coordenador do Curso de Arquitetura do UniSALESIANO, Prof. Giuliano Pincerato<\/strong>, afirmou que a jovem, desde o come\u00e7o da gradua\u00e7\u00e3o, se mostrou ser uma acad\u00eamica diferenciada. &#8220;Sempre esteve em busca de pesquisas externas e de complemento do que era proposto em projeto. Sempre incentivou os demais alunos para que procurassem a busca pelo conhecimento&#8221;, disse.<\/p>\n<p><strong><em>Confira abaixo a entrevista com Maria Gabriela:<\/em><\/strong><\/p>\n<p><strong><em>&#8211; Por qual motivo escolheu o Curso de Arquitetura do UniSALESIANO?<\/em><\/strong><\/p>\n<p>&#8211; Por dois motivos principais; desde que fui realizar a prova do processo seletivo da gradua\u00e7\u00e3o e tive a oportunidade de conhecer a estrutura do UniSALESIANO, fiquei encantada com a universidade, um lugar amplo e agrad\u00e1vel, confesso que os jardins me chamaram muito a aten\u00e7\u00e3o. Al\u00e9m disso, o fato de ser uma universidade cat\u00f3lica, que tem como patrono Dom Bosco, conquistou meu cora\u00e7\u00e3o, um local que evoca a presen\u00e7a de Deus com certeza chama minha presen\u00e7a tamb\u00e9m, na certeza de que ser\u00e1 um lugar de respeito e amparo. Por fim, passei com uma coloca\u00e7\u00e3o bem legal e iniciei minha gradua\u00e7\u00e3o.<\/p>\n<p><strong><em>&#8211; Quando se formou e que \u00e1rea decidiu seguir?<\/em><\/strong><\/p>\n<p>&#8211; Me formei em 2019, mas quis dar continuidade aos meus estudos na \u00e1rea de Arquitetura e Urbanismo como aluna especial na Unesp, at\u00e9 como uma forma de preparo para ingressar no mestrado. Concomitante com os estudos, quis explorar o exerc\u00edcio profissional; iniciei com algumas parcerias, atuei em um escrit\u00f3rio, trabalhei por conta pr\u00f3pria at\u00e9, por fim, me matricular no mestrado.<\/p>\n<p><strong><em>&#8211; Como foi a prova do mestrado? Quando come\u00e7am as aulas?<\/em><\/strong><\/p>\n<p>&#8211; A prova do mestrado foi dividida em algumas fases; a princ\u00edpio foi feita a inscri\u00e7\u00e3o no processo e o envio de alguns documentos solicitados, dentre eles, a s\u00famula curricular, o projeto de pesquisa que eu desejava desenvolver e a indica\u00e7\u00e3o da linha de pesquisa que gostaria de seguir. Aprovada a inscri\u00e7\u00e3o, na primeira fase foi avaliada a s\u00famula curricular; na segunda fase foi feita uma prova escrita online e, na terceira fase, foi analisado o projeto de pesquisa e foi feita uma argui\u00e7\u00e3o com dois professores do programa de p\u00f3s-gradua\u00e7\u00e3o. Sobre a prova, especificamente, esta foi realizada na modalidade online devido \u00e0 pandemia, e consistia em apenas uma pergunta. No edital estavam especificadas as leituras a serem feitas como forma de preparo a esta prova. O texto de resposta \u00e0 pergunta deveria ser numa estrutura cient\u00edfica, utilizando tais leituras previamente feitas e mencionando os autores na escrita. As aulas j\u00e1 come\u00e7aram na verdade, o primeiro semestre teve in\u00edcio no dia 7 de mar\u00e7o.<\/p>\n<p><strong><em>&#8211; Qual seu objetivo profissional? <\/em><\/strong><\/p>\n<p>&#8211; Meu objetivo \u00e9 atuar na \u00e1rea de arquitetura e urbanismo, de duas formas simult\u00e2neas. Pretendo continuar na academia, primeiramente, com o mestrado e, depois, ministrando aulas. Mas tamb\u00e9m pretendo atuar no mercado de trabalho num escrit\u00f3rio, por exemplo. Acredito ser necess\u00e1rio que o profissional esteja em constante aprimoramento, e para mim, a melhor forma disto \u00e9 atrav\u00e9s do estudo. Portanto, conciliar essas duas \u00e1reas \u00e9 uma forma eficiente e prazerosa de buscar esse objetivo.<\/p>\n<p>&nbsp;<\/p>\n<p>&nbsp;<\/p>\n","protected":false},"excerpt":{"rendered":"<p>Com uma trajet\u00f3ria brilhante em sua gradua\u00e7\u00e3o, a arquiteta formada no UniSALESIANO, Maria Gabriela Silva L\u00eado, de 25 anos, comemora sua aprova\u00e7\u00e3o no Mestrado da Unesp (Universidade Estadual Paulista) de Ara\u00e7atuba. A aprova\u00e7\u00e3o de Maria Gabriela, em 2015, abriu caminhos para muitas conquistas, como o excelente desempenho no Enade (Exame Nacional de Desempenho dos Estudantes); [&hellip;]<\/p>\n","protected":false},"author":3,"featured_media":35230,"comment_status":"open","ping_status":"open","sticky":false,"template":"","format":"standard","meta":{"footnotes":""},"categories":[11,8],"tags":[103,40,226,16],"class_list":["post-35229","post","type-post","status-publish","format-standard","has-post-thumbnail","hentry","category-institucional","category-sociais","tag-aracatuba","tag-arquitetura","tag-mestrado","tag-unisalesiano"],"yoast_head":"<!-- This site is optimized with the Yoast SEO plugin v17.4 - https:\/\/yoast.com\/wordpress\/plugins\/seo\/ -->\n<title>Destaque na gradua\u00e7\u00e3o, arquiteta formada no UniSALESIANO entra no Mestrado da Unesp - UniSALESIANO Ara\u00e7atuba\/SP<\/title>\n<meta name=\"robots\" content=\"index, follow, max-snippet:-1, max-image-preview:large, max-video-preview:-1\" \/>\n<link rel=\"canonical\" href=\"https:\/\/unisalesiano.com.br\/aracatuba\/destaque-na-graduacao-arquiteta-formada-no-unisalesiano-conquista-vaga-em-mestrado-da-unesp\/\" \/>\n<meta property=\"og:locale\" content=\"pt_BR\" \/>\n<meta property=\"og:type\" content=\"article\" \/>\n<meta property=\"og:title\" content=\"Destaque na gradua\u00e7\u00e3o, arquiteta formada no UniSALESIANO entra no Mestrado da Unesp - UniSALESIANO Ara\u00e7atuba\/SP\" \/>\n<meta property=\"og:description\" content=\"Com uma trajet\u00f3ria brilhante em sua gradua\u00e7\u00e3o, a arquiteta formada no UniSALESIANO, Maria Gabriela Silva L\u00eado, de 25 anos, comemora sua aprova\u00e7\u00e3o no Mestrado da Unesp (Universidade Estadual Paulista) de Ara\u00e7atuba. A aprova\u00e7\u00e3o de Maria Gabriela, em 2015, abriu caminhos para muitas conquistas, como o excelente desempenho no Enade (Exame Nacional de Desempenho dos Estudantes); [&hellip;]\" \/>\n<meta property=\"og:url\" content=\"https:\/\/unisalesiano.com.br\/aracatuba\/destaque-na-graduacao-arquiteta-formada-no-unisalesiano-conquista-vaga-em-mestrado-da-unesp\/\" \/>\n<meta property=\"og:site_name\" content=\"UniSALESIANO Ara\u00e7atuba\/SP\" \/>\n<meta property=\"article:published_time\" content=\"2022-04-08T19:27:38+00:00\" \/>\n<meta property=\"article:modified_time\" content=\"2022-04-08T19:28:52+00:00\" \/>\n<meta property=\"og:image\" content=\"https:\/\/unisalesiano.com.br\/aracatuba\/wp-content\/uploads\/2022\/04\/WhatsApp-Image-2022-04-06-at-21.38.24.jpeg\" \/>\n\t<meta property=\"og:image:width\" content=\"1242\" \/>\n\t<meta property=\"og:image:height\" content=\"930\" \/>\n<meta name=\"twitter:card\" content=\"summary_large_image\" \/>\n<meta name=\"twitter:label1\" content=\"Escrito por\" \/>\n\t<meta name=\"twitter:data1\" content=\"Monique Bueno\" \/>\n\t<meta name=\"twitter:label2\" content=\"Est. tempo de leitura\" \/>\n\t<meta name=\"twitter:data2\" content=\"3 minutos\" \/>\n<script type=\"application\/ld+json\" class=\"yoast-schema-graph\">{\"@context\":\"https:\/\/schema.org\",\"@graph\":[{\"@type\":\"WebSite\",\"@id\":\"https:\/\/unisalesiano.com.br\/aracatuba\/#website\",\"url\":\"https:\/\/unisalesiano.com.br\/aracatuba\/\",\"name\":\"UniSALESIANO Ara\\u00e7atuba\/SP\",\"description\":\"Centro Universit\\u00e1rio Cat\\u00f3lico Salesiano Auxilium\",\"potentialAction\":[{\"@type\":\"SearchAction\",\"target\":{\"@type\":\"EntryPoint\",\"urlTemplate\":\"https:\/\/unisalesiano.com.br\/aracatuba\/?s={search_term_string}\"},\"query-input\":\"required name=search_term_string\"}],\"inLanguage\":\"pt-BR\"},{\"@type\":\"ImageObject\",\"@id\":\"https:\/\/unisalesiano.com.br\/aracatuba\/destaque-na-graduacao-arquiteta-formada-no-unisalesiano-conquista-vaga-em-mestrado-da-unesp\/#primaryimage\",\"inLanguage\":\"pt-BR\",\"url\":\"https:\/\/unisalesiano.com.br\/aracatuba\/wp-content\/uploads\/2022\/04\/WhatsApp-Image-2022-04-06-at-21.38.24.jpeg\",\"contentUrl\":\"https:\/\/unisalesiano.com.br\/aracatuba\/wp-content\/uploads\/2022\/04\/WhatsApp-Image-2022-04-06-at-21.38.24.jpeg\",\"width\":1242,\"height\":930},{\"@type\":\"WebPage\",\"@id\":\"https:\/\/unisalesiano.com.br\/aracatuba\/destaque-na-graduacao-arquiteta-formada-no-unisalesiano-conquista-vaga-em-mestrado-da-unesp\/#webpage\",\"url\":\"https:\/\/unisalesiano.com.br\/aracatuba\/destaque-na-graduacao-arquiteta-formada-no-unisalesiano-conquista-vaga-em-mestrado-da-unesp\/\",\"name\":\"Destaque na gradua\\u00e7\\u00e3o, arquiteta formada no UniSALESIANO entra no Mestrado da Unesp - UniSALESIANO Ara\\u00e7atuba\/SP\",\"isPartOf\":{\"@id\":\"https:\/\/unisalesiano.com.br\/aracatuba\/#website\"},\"primaryImageOfPage\":{\"@id\":\"https:\/\/unisalesiano.com.br\/aracatuba\/destaque-na-graduacao-arquiteta-formada-no-unisalesiano-conquista-vaga-em-mestrado-da-unesp\/#primaryimage\"},\"datePublished\":\"2022-04-08T19:27:38+00:00\",\"dateModified\":\"2022-04-08T19:28:52+00:00\",\"author\":{\"@id\":\"https:\/\/unisalesiano.com.br\/aracatuba\/#\/schema\/person\/964caaa63bddcf301b320e385db5203a\"},\"breadcrumb\":{\"@id\":\"https:\/\/unisalesiano.com.br\/aracatuba\/destaque-na-graduacao-arquiteta-formada-no-unisalesiano-conquista-vaga-em-mestrado-da-unesp\/#breadcrumb\"},\"inLanguage\":\"pt-BR\",\"potentialAction\":[{\"@type\":\"ReadAction\",\"target\":[\"https:\/\/unisalesiano.com.br\/aracatuba\/destaque-na-graduacao-arquiteta-formada-no-unisalesiano-conquista-vaga-em-mestrado-da-unesp\/\"]}]},{\"@type\":\"BreadcrumbList\",\"@id\":\"https:\/\/unisalesiano.com.br\/aracatuba\/destaque-na-graduacao-arquiteta-formada-no-unisalesiano-conquista-vaga-em-mestrado-da-unesp\/#breadcrumb\",\"itemListElement\":[{\"@type\":\"ListItem\",\"position\":1,\"name\":\"In\\u00edcio\",\"item\":\"https:\/\/unisalesiano.com.br\/aracatuba\/\"},{\"@type\":\"ListItem\",\"position\":2,\"name\":\"Destaque na gradua\\u00e7\\u00e3o, arquiteta formada no UniSALESIANO entra no Mestrado da Unesp\"}]},{\"@type\":\"Person\",\"@id\":\"https:\/\/unisalesiano.com.br\/aracatuba\/#\/schema\/person\/964caaa63bddcf301b320e385db5203a\",\"name\":\"Monique Bueno\",\"image\":{\"@type\":\"ImageObject\",\"@id\":\"https:\/\/unisalesiano.com.br\/aracatuba\/#personlogo\",\"inLanguage\":\"pt-BR\",\"url\":\"https:\/\/secure.gravatar.com\/avatar\/1680078f9a9fb86c36e76e0928e948cfd68a43bbc313c1bad27d1e48b49b308d?s=96&d=mm&r=g\",\"contentUrl\":\"https:\/\/secure.gravatar.com\/avatar\/1680078f9a9fb86c36e76e0928e948cfd68a43bbc313c1bad27d1e48b49b308d?s=96&d=mm&r=g\",\"caption\":\"Monique Bueno\"},\"url\":\"https:\/\/unisalesiano.com.br\/aracatuba\/author\/monique\/\"}]}<\/script>\n<!-- \/ Yoast SEO plugin. -->","yoast_head_json":{"title":"Destaque na gradua\u00e7\u00e3o, arquiteta formada no UniSALESIANO entra no Mestrado da Unesp - UniSALESIANO Ara\u00e7atuba\/SP","robots":{"index":"index","follow":"follow","max-snippet":"max-snippet:-1","max-image-preview":"max-image-preview:large","max-video-preview":"max-video-preview:-1"},"canonical":"https:\/\/unisalesiano.com.br\/aracatuba\/destaque-na-graduacao-arquiteta-formada-no-unisalesiano-conquista-vaga-em-mestrado-da-unesp\/","og_locale":"pt_BR","og_type":"article","og_title":"Destaque na gradua\u00e7\u00e3o, arquiteta formada no UniSALESIANO entra no Mestrado da Unesp - UniSALESIANO Ara\u00e7atuba\/SP","og_description":"Com uma trajet\u00f3ria brilhante em sua gradua\u00e7\u00e3o, a arquiteta formada no UniSALESIANO, Maria Gabriela Silva L\u00eado, de 25 anos, comemora sua aprova\u00e7\u00e3o no Mestrado da Unesp (Universidade Estadual Paulista) de Ara\u00e7atuba. A aprova\u00e7\u00e3o de Maria Gabriela, em 2015, abriu caminhos para muitas conquistas, como o excelente desempenho no Enade (Exame Nacional de Desempenho dos Estudantes); [&hellip;]","og_url":"https:\/\/unisalesiano.com.br\/aracatuba\/destaque-na-graduacao-arquiteta-formada-no-unisalesiano-conquista-vaga-em-mestrado-da-unesp\/","og_site_name":"UniSALESIANO Ara\u00e7atuba\/SP","article_published_time":"2022-04-08T19:27:38+00:00","article_modified_time":"2022-04-08T19:28:52+00:00","og_image":[{"width":1242,"height":930,"url":"https:\/\/unisalesiano.com.br\/aracatuba\/wp-content\/uploads\/2022\/04\/WhatsApp-Image-2022-04-06-at-21.38.24.jpeg","type":"image\/jpeg"}],"twitter_card":"summary_large_image","twitter_misc":{"Escrito por":"Monique Bueno","Est. tempo de leitura":"3 minutos"},"schema":{"@context":"https:\/\/schema.org","@graph":[{"@type":"WebSite","@id":"https:\/\/unisalesiano.com.br\/aracatuba\/#website","url":"https:\/\/unisalesiano.com.br\/aracatuba\/","name":"UniSALESIANO Ara\u00e7atuba\/SP","description":"Centro Universit\u00e1rio Cat\u00f3lico Salesiano Auxilium","potentialAction":[{"@type":"SearchAction","target":{"@type":"EntryPoint","urlTemplate":"https:\/\/unisalesiano.com.br\/aracatuba\/?s={search_term_string}"},"query-input":"required name=search_term_string"}],"inLanguage":"pt-BR"},{"@type":"ImageObject","@id":"https:\/\/unisalesiano.com.br\/aracatuba\/destaque-na-graduacao-arquiteta-formada-no-unisalesiano-conquista-vaga-em-mestrado-da-unesp\/#primaryimage","inLanguage":"pt-BR","url":"https:\/\/unisalesiano.com.br\/aracatuba\/wp-content\/uploads\/2022\/04\/WhatsApp-Image-2022-04-06-at-21.38.24.jpeg","contentUrl":"https:\/\/unisalesiano.com.br\/aracatuba\/wp-content\/uploads\/2022\/04\/WhatsApp-Image-2022-04-06-at-21.38.24.jpeg","width":1242,"height":930},{"@type":"WebPage","@id":"https:\/\/unisalesiano.com.br\/aracatuba\/destaque-na-graduacao-arquiteta-formada-no-unisalesiano-conquista-vaga-em-mestrado-da-unesp\/#webpage","url":"https:\/\/unisalesiano.com.br\/aracatuba\/destaque-na-graduacao-arquiteta-formada-no-unisalesiano-conquista-vaga-em-mestrado-da-unesp\/","name":"Destaque na gradua\u00e7\u00e3o, arquiteta formada no UniSALESIANO entra no Mestrado da Unesp - UniSALESIANO Ara\u00e7atuba\/SP","isPartOf":{"@id":"https:\/\/unisalesiano.com.br\/aracatuba\/#website"},"primaryImageOfPage":{"@id":"https:\/\/unisalesiano.com.br\/aracatuba\/destaque-na-graduacao-arquiteta-formada-no-unisalesiano-conquista-vaga-em-mestrado-da-unesp\/#primaryimage"},"datePublished":"2022-04-08T19:27:38+00:00","dateModified":"2022-04-08T19:28:52+00:00","author":{"@id":"https:\/\/unisalesiano.com.br\/aracatuba\/#\/schema\/person\/964caaa63bddcf301b320e385db5203a"},"breadcrumb":{"@id":"https:\/\/unisalesiano.com.br\/aracatuba\/destaque-na-graduacao-arquiteta-formada-no-unisalesiano-conquista-vaga-em-mestrado-da-unesp\/#breadcrumb"},"inLanguage":"pt-BR","potentialAction":[{"@type":"ReadAction","target":["https:\/\/unisalesiano.com.br\/aracatuba\/destaque-na-graduacao-arquiteta-formada-no-unisalesiano-conquista-vaga-em-mestrado-da-unesp\/"]}]},{"@type":"BreadcrumbList","@id":"https:\/\/unisalesiano.com.br\/aracatuba\/destaque-na-graduacao-arquiteta-formada-no-unisalesiano-conquista-vaga-em-mestrado-da-unesp\/#breadcrumb","itemListElement":[{"@type":"ListItem","position":1,"name":"In\u00edcio","item":"https:\/\/unisalesiano.com.br\/aracatuba\/"},{"@type":"ListItem","position":2,"name":"Destaque na gradua\u00e7\u00e3o, arquiteta formada no UniSALESIANO entra no Mestrado da Unesp"}]},{"@type":"Person","@id":"https:\/\/unisalesiano.com.br\/aracatuba\/#\/schema\/person\/964caaa63bddcf301b320e385db5203a","name":"Monique Bueno","image":{"@type":"ImageObject","@id":"https:\/\/unisalesiano.com.br\/aracatuba\/#personlogo","inLanguage":"pt-BR","url":"https:\/\/secure.gravatar.com\/avatar\/1680078f9a9fb86c36e76e0928e948cfd68a43bbc313c1bad27d1e48b49b308d?s=96&d=mm&r=g","contentUrl":"https:\/\/secure.gravatar.com\/avatar\/1680078f9a9fb86c36e76e0928e948cfd68a43bbc313c1bad27d1e48b49b308d?s=96&d=mm&r=g","caption":"Monique Bueno"},"url":"https:\/\/unisalesiano.com.br\/aracatuba\/author\/monique\/"}]}},"_links":{"self":[{"href":"https:\/\/unisalesiano.com.br\/aracatuba\/wp-json\/wp\/v2\/posts\/35229","targetHints":{"allow":["GET"]}}],"collection":[{"href":"https:\/\/unisalesiano.com.br\/aracatuba\/wp-json\/wp\/v2\/posts"}],"about":[{"href":"https:\/\/unisalesiano.com.br\/aracatuba\/wp-json\/wp\/v2\/types\/post"}],"author":[{"embeddable":true,"href":"https:\/\/unisalesiano.com.br\/aracatuba\/wp-json\/wp\/v2\/users\/3"}],"replies":[{"embeddable":true,"href":"https:\/\/unisalesiano.com.br\/aracatuba\/wp-json\/wp\/v2\/comments?post=35229"}],"version-history":[{"count":0,"href":"https:\/\/unisalesiano.com.br\/aracatuba\/wp-json\/wp\/v2\/posts\/35229\/revisions"}],"wp:featuredmedia":[{"embeddable":true,"href":"https:\/\/unisalesiano.com.br\/aracatuba\/wp-json\/wp\/v2\/media\/35230"}],"wp:attachment":[{"href":"https:\/\/unisalesiano.com.br\/aracatuba\/wp-json\/wp\/v2\/media?parent=35229"}],"wp:term":[{"taxonomy":"category","embeddable":true,"href":"https:\/\/unisalesiano.com.br\/aracatuba\/wp-json\/wp\/v2\/categories?post=35229"},{"taxonomy":"post_tag","embeddable":true,"href":"https:\/\/unisalesiano.com.br\/aracatuba\/wp-json\/wp\/v2\/tags?post=35229"}],"curies":[{"name":"wp","href":"https:\/\/api.w.org\/{rel}","templated":true}]}}