{"id":3451,"date":"2015-02-12T11:38:42","date_gmt":"2015-02-12T13:38:42","guid":{"rendered":"https:\/\/unisalesiano.com.br\/?p=3451"},"modified":"2018-08-10T11:39:52","modified_gmt":"2018-08-10T14:39:52","slug":"missas-universitarias-marcam-o-inicio-do-ano-letivo-de-2015-no-unisalesiano-de-aracatuba","status":"publish","type":"post","link":"https:\/\/unisalesiano.com.br\/aracatuba\/missas-universitarias-marcam-o-inicio-do-ano-letivo-de-2015-no-unisalesiano-de-aracatuba\/","title":{"rendered":"Missas Universit\u00e1rias marcam o in\u00edcio do  ano letivo de 2015 no UniSALESIANO de Ara\u00e7atuba"},"content":{"rendered":"<p>Foram celebradas na <strong>quarta-feira (11\/02)<\/strong>, nos per\u00edodos da <strong>manh\u00e3 e noite<\/strong>, as Missas <strong>Universit\u00e1rias<\/strong> que marcam o in\u00edcio do ano letivo no UniSALESIANO de Ara\u00e7atuba. Pela manh\u00e3, \u00e0s 8h30, no Audit\u00f3rio \u201cPapa Francisco\u201d, a missa foi celebrada pelo <strong>Pe. Arlindo<\/strong> <strong>Pereira de Lima<\/strong>, Pr\u00f3-Reitor da Pastoral; \u00e0 noite, \u00e0s 20h00, na Igreja Universit\u00e1ria, o celebrante foi o <strong>Reitor do<\/strong> <strong>UniSALESIANO, Pe. Luigi Favero<\/strong>.<\/p>\n<p>No in\u00edcio da celebra\u00e7\u00e3o, depois de dar as boas vindas aos calouros e aos veteranos, Pe. Luigi informou que a missa era dedicada ao ex-aluno <strong>Diego Venturim Santos<\/strong>, que se formou em Engenharia Mecatr\u00f4nica e faleceu no final do ano passado.<\/p>\n<p>Na homilia, ele comentou a leitura do <strong>Evangelho<\/strong> que fala do homem que <strong>constr\u00f3i sua<\/strong> <strong>casa sobre a rocha<\/strong> e ela suporta ventos e tempestades; e a casa constru\u00edda sobre a areia, que desaba com a primeira tempestade. \u201c<strong>Na vida, cada um tamb\u00e9m constr\u00f3i sua casa e sua<\/strong> <strong>exist\u00eancia e<\/strong> <strong>todos queremos que ela seja um amparo para n\u00f3s e nossa fam\u00edlia<\/strong>\u201d, explicou Pe. Luigi.<\/p>\n<p>Ele lembrou aos alunos que o estudo custa muito <strong>sacrif\u00edcio e empenho<\/strong> e n\u00e3o pode ser constru\u00eddo apenas com entusiasmo. E citou o exemplo de um aluno cuja cerim\u00f4nia de formatura em Direito no UniSALESIANO aconteceu no \u00faltimo dia cinco de fevereiro: \u201cNo final da cerim\u00f4nia, ele me disse que se lembrava da primeira missa que assistiu h\u00e1 cinco anos atr\u00e1s, quando come\u00e7ou o curso, e que, na ocasi\u00e3o, ouviu durante o serm\u00e3o o conselho de que a gente precisa enfrentar as dificuldades e n\u00e3o desistir. E foi o que ele fez\u201d.<\/p>\n<p>No final da celebra\u00e7\u00e3o, <strong>Pe. Arlindo Pereira<\/strong> falou sobre as atividades desenvolvidas pela Pastoral Universit\u00e1ria, que promove a\u00e7\u00f5es <strong>religiosas e tamb\u00e9m culturais e sociais<\/strong>.<\/p>\n<p>Pe. Luigi convidou para ir at\u00e9 o altar um representante dos calouros. A aluna <strong>Bruna,<\/strong> do curso de <strong>Fisioterapia<\/strong>, falou sobre o curso de escolheu e sua disposi\u00e7\u00e3o em ir at\u00e9 o fim e se tornar uma boa fisioterapeuta. Em nome dos professores, falou a coordenadora do curso de Educa\u00e7\u00e3o F\u00edsica, <strong>Juliana Mitidieiro<\/strong>. Ela convocou os alunos a se dedicarem aos estudos, exortando que \u201c<strong>os resultados s\u00f3 s\u00e3o conseguidos com dedica\u00e7\u00e3o e empenho<\/strong>\u201d.<\/p>\n<p>Antes do encerramento da missa, os aniversariantes dos meses de janeiro e fevereiro subiram at\u00e9 o altar e todos cantaram o \u201cParab\u00e9ns\u201d para eles.<\/p>\n","protected":false},"excerpt":{"rendered":"<p>Foram celebradas na quarta-feira (11\/02), nos per\u00edodos da manh\u00e3 e noite, as Missas Universit\u00e1rias que marcam o in\u00edcio do ano letivo no UniSALESIANO de Ara\u00e7atuba. Pela manh\u00e3, \u00e0s 8h30, no Audit\u00f3rio \u201cPapa Francisco\u201d, a missa foi celebrada pelo Pe. Arlindo Pereira de Lima, Pr\u00f3-Reitor da Pastoral; \u00e0 noite, \u00e0s 20h00, na Igreja Universit\u00e1ria, o celebrante [&hellip;]<\/p>\n","protected":false},"author":7,"featured_media":3452,"comment_status":"open","ping_status":"open","sticky":false,"template":"","format":"standard","meta":{"footnotes":""},"categories":[10],"tags":[14,16],"class_list":["post-3451","post","type-post","status-publish","format-standard","has-post-thumbnail","hentry","category-pastoral","tag-missas-universitarias","tag-unisalesiano"],"yoast_head":"<!-- This site is optimized with the Yoast SEO plugin v17.4 - https:\/\/yoast.com\/wordpress\/plugins\/seo\/ -->\n<title>Missas Universit\u00e1rias marcam o in\u00edcio do ano letivo de 2015 no UniSALESIANO de Ara\u00e7atuba - UniSALESIANO Ara\u00e7atuba\/SP<\/title>\n<meta name=\"robots\" content=\"index, follow, max-snippet:-1, max-image-preview:large, max-video-preview:-1\" \/>\n<link rel=\"canonical\" href=\"https:\/\/unisalesiano.com.br\/aracatuba\/missas-universitarias-marcam-o-inicio-do-ano-letivo-de-2015-no-unisalesiano-de-aracatuba\/\" \/>\n<meta property=\"og:locale\" content=\"pt_BR\" \/>\n<meta property=\"og:type\" content=\"article\" \/>\n<meta property=\"og:title\" content=\"Missas Universit\u00e1rias marcam o in\u00edcio do ano letivo de 2015 no UniSALESIANO de Ara\u00e7atuba - UniSALESIANO Ara\u00e7atuba\/SP\" \/>\n<meta property=\"og:description\" content=\"Foram celebradas na quarta-feira (11\/02), nos per\u00edodos da manh\u00e3 e noite, as Missas Universit\u00e1rias que marcam o in\u00edcio do ano letivo no UniSALESIANO de Ara\u00e7atuba. Pela manh\u00e3, \u00e0s 8h30, no Audit\u00f3rio \u201cPapa Francisco\u201d, a missa foi celebrada pelo Pe. Arlindo Pereira de Lima, Pr\u00f3-Reitor da Pastoral; \u00e0 noite, \u00e0s 20h00, na Igreja Universit\u00e1ria, o celebrante [&hellip;]\" \/>\n<meta property=\"og:url\" content=\"https:\/\/unisalesiano.com.br\/aracatuba\/missas-universitarias-marcam-o-inicio-do-ano-letivo-de-2015-no-unisalesiano-de-aracatuba\/\" \/>\n<meta property=\"og:site_name\" content=\"UniSALESIANO Ara\u00e7atuba\/SP\" \/>\n<meta property=\"article:published_time\" content=\"2015-02-12T13:38:42+00:00\" \/>\n<meta property=\"article:modified_time\" content=\"2018-08-10T14:39:52+00:00\" \/>\n<meta property=\"og:image\" content=\"https:\/\/unisalesiano.com.br\/aracatuba\/wp-content\/uploads\/2018\/08\/2015-02-12-1625Missas-Universit\u00e1rias-marcam-o-in\u00edcio-do-ano-letivo.jpg\" \/>\n\t<meta property=\"og:image:width\" content=\"480\" \/>\n\t<meta property=\"og:image:height\" content=\"320\" \/>\n<meta name=\"twitter:card\" content=\"summary_large_image\" \/>\n<meta name=\"twitter:label1\" content=\"Escrito por\" \/>\n\t<meta name=\"twitter:data1\" content=\"Rosiane Cerverizzo\" \/>\n\t<meta name=\"twitter:label2\" content=\"Est. tempo de leitura\" \/>\n\t<meta name=\"twitter:data2\" content=\"2 minutos\" \/>\n<script type=\"application\/ld+json\" class=\"yoast-schema-graph\">{\"@context\":\"https:\/\/schema.org\",\"@graph\":[{\"@type\":\"WebSite\",\"@id\":\"https:\/\/unisalesiano.com.br\/aracatuba\/#website\",\"url\":\"https:\/\/unisalesiano.com.br\/aracatuba\/\",\"name\":\"UniSALESIANO Ara\\u00e7atuba\/SP\",\"description\":\"Centro Universit\\u00e1rio Cat\\u00f3lico Salesiano Auxilium\",\"potentialAction\":[{\"@type\":\"SearchAction\",\"target\":{\"@type\":\"EntryPoint\",\"urlTemplate\":\"https:\/\/unisalesiano.com.br\/aracatuba\/?s={search_term_string}\"},\"query-input\":\"required name=search_term_string\"}],\"inLanguage\":\"pt-BR\"},{\"@type\":\"ImageObject\",\"@id\":\"https:\/\/unisalesiano.com.br\/aracatuba\/missas-universitarias-marcam-o-inicio-do-ano-letivo-de-2015-no-unisalesiano-de-aracatuba\/#primaryimage\",\"inLanguage\":\"pt-BR\",\"url\":\"https:\/\/unisalesiano.com.br\/aracatuba\/wp-content\/uploads\/2018\/08\/2015-02-12-1625Missas-Universit\\u00e1rias-marcam-o-in\\u00edcio-do-ano-letivo.jpg\",\"contentUrl\":\"https:\/\/unisalesiano.com.br\/aracatuba\/wp-content\/uploads\/2018\/08\/2015-02-12-1625Missas-Universit\\u00e1rias-marcam-o-in\\u00edcio-do-ano-letivo.jpg\",\"width\":480,\"height\":320},{\"@type\":\"WebPage\",\"@id\":\"https:\/\/unisalesiano.com.br\/aracatuba\/missas-universitarias-marcam-o-inicio-do-ano-letivo-de-2015-no-unisalesiano-de-aracatuba\/#webpage\",\"url\":\"https:\/\/unisalesiano.com.br\/aracatuba\/missas-universitarias-marcam-o-inicio-do-ano-letivo-de-2015-no-unisalesiano-de-aracatuba\/\",\"name\":\"Missas Universit\\u00e1rias marcam o in\\u00edcio do ano letivo de 2015 no UniSALESIANO de Ara\\u00e7atuba - UniSALESIANO Ara\\u00e7atuba\/SP\",\"isPartOf\":{\"@id\":\"https:\/\/unisalesiano.com.br\/aracatuba\/#website\"},\"primaryImageOfPage\":{\"@id\":\"https:\/\/unisalesiano.com.br\/aracatuba\/missas-universitarias-marcam-o-inicio-do-ano-letivo-de-2015-no-unisalesiano-de-aracatuba\/#primaryimage\"},\"datePublished\":\"2015-02-12T13:38:42+00:00\",\"dateModified\":\"2018-08-10T14:39:52+00:00\",\"author\":{\"@id\":\"https:\/\/unisalesiano.com.br\/aracatuba\/#\/schema\/person\/9b0bb7fe2888d8c52a9981cc9f499850\"},\"breadcrumb\":{\"@id\":\"https:\/\/unisalesiano.com.br\/aracatuba\/missas-universitarias-marcam-o-inicio-do-ano-letivo-de-2015-no-unisalesiano-de-aracatuba\/#breadcrumb\"},\"inLanguage\":\"pt-BR\",\"potentialAction\":[{\"@type\":\"ReadAction\",\"target\":[\"https:\/\/unisalesiano.com.br\/aracatuba\/missas-universitarias-marcam-o-inicio-do-ano-letivo-de-2015-no-unisalesiano-de-aracatuba\/\"]}]},{\"@type\":\"BreadcrumbList\",\"@id\":\"https:\/\/unisalesiano.com.br\/aracatuba\/missas-universitarias-marcam-o-inicio-do-ano-letivo-de-2015-no-unisalesiano-de-aracatuba\/#breadcrumb\",\"itemListElement\":[{\"@type\":\"ListItem\",\"position\":1,\"name\":\"In\\u00edcio\",\"item\":\"https:\/\/unisalesiano.com.br\/aracatuba\/\"},{\"@type\":\"ListItem\",\"position\":2,\"name\":\"Missas Universit\\u00e1rias marcam o in\\u00edcio do ano letivo de 2015 no UniSALESIANO de Ara\\u00e7atuba\"}]},{\"@type\":\"Person\",\"@id\":\"https:\/\/unisalesiano.com.br\/aracatuba\/#\/schema\/person\/9b0bb7fe2888d8c52a9981cc9f499850\",\"name\":\"Rosiane Cerverizzo\",\"image\":{\"@type\":\"ImageObject\",\"@id\":\"https:\/\/unisalesiano.com.br\/aracatuba\/#personlogo\",\"inLanguage\":\"pt-BR\",\"url\":\"https:\/\/secure.gravatar.com\/avatar\/435d6972275f45fcd8db34d02c275aea169714405f437e6532d04aa71ef9cbe2?s=96&d=mm&r=g\",\"contentUrl\":\"https:\/\/secure.gravatar.com\/avatar\/435d6972275f45fcd8db34d02c275aea169714405f437e6532d04aa71ef9cbe2?s=96&d=mm&r=g\",\"caption\":\"Rosiane Cerverizzo\"},\"url\":\"https:\/\/unisalesiano.com.br\/aracatuba\/author\/rosi\/\"}]}<\/script>\n<!-- \/ Yoast SEO plugin. -->","yoast_head_json":{"title":"Missas Universit\u00e1rias marcam o in\u00edcio do ano letivo de 2015 no UniSALESIANO de Ara\u00e7atuba - UniSALESIANO Ara\u00e7atuba\/SP","robots":{"index":"index","follow":"follow","max-snippet":"max-snippet:-1","max-image-preview":"max-image-preview:large","max-video-preview":"max-video-preview:-1"},"canonical":"https:\/\/unisalesiano.com.br\/aracatuba\/missas-universitarias-marcam-o-inicio-do-ano-letivo-de-2015-no-unisalesiano-de-aracatuba\/","og_locale":"pt_BR","og_type":"article","og_title":"Missas Universit\u00e1rias marcam o in\u00edcio do ano letivo de 2015 no UniSALESIANO de Ara\u00e7atuba - UniSALESIANO Ara\u00e7atuba\/SP","og_description":"Foram celebradas na quarta-feira (11\/02), nos per\u00edodos da manh\u00e3 e noite, as Missas Universit\u00e1rias que marcam o in\u00edcio do ano letivo no UniSALESIANO de Ara\u00e7atuba. Pela manh\u00e3, \u00e0s 8h30, no Audit\u00f3rio \u201cPapa Francisco\u201d, a missa foi celebrada pelo Pe. Arlindo Pereira de Lima, Pr\u00f3-Reitor da Pastoral; \u00e0 noite, \u00e0s 20h00, na Igreja Universit\u00e1ria, o celebrante [&hellip;]","og_url":"https:\/\/unisalesiano.com.br\/aracatuba\/missas-universitarias-marcam-o-inicio-do-ano-letivo-de-2015-no-unisalesiano-de-aracatuba\/","og_site_name":"UniSALESIANO Ara\u00e7atuba\/SP","article_published_time":"2015-02-12T13:38:42+00:00","article_modified_time":"2018-08-10T14:39:52+00:00","og_image":[{"width":480,"height":320,"url":"https:\/\/unisalesiano.com.br\/aracatuba\/wp-content\/uploads\/2018\/08\/2015-02-12-1625Missas-Universit\u00e1rias-marcam-o-in\u00edcio-do-ano-letivo.jpg","type":"image\/jpeg"}],"twitter_card":"summary_large_image","twitter_misc":{"Escrito por":"Rosiane Cerverizzo","Est. tempo de leitura":"2 minutos"},"schema":{"@context":"https:\/\/schema.org","@graph":[{"@type":"WebSite","@id":"https:\/\/unisalesiano.com.br\/aracatuba\/#website","url":"https:\/\/unisalesiano.com.br\/aracatuba\/","name":"UniSALESIANO Ara\u00e7atuba\/SP","description":"Centro Universit\u00e1rio Cat\u00f3lico Salesiano Auxilium","potentialAction":[{"@type":"SearchAction","target":{"@type":"EntryPoint","urlTemplate":"https:\/\/unisalesiano.com.br\/aracatuba\/?s={search_term_string}"},"query-input":"required name=search_term_string"}],"inLanguage":"pt-BR"},{"@type":"ImageObject","@id":"https:\/\/unisalesiano.com.br\/aracatuba\/missas-universitarias-marcam-o-inicio-do-ano-letivo-de-2015-no-unisalesiano-de-aracatuba\/#primaryimage","inLanguage":"pt-BR","url":"https:\/\/unisalesiano.com.br\/aracatuba\/wp-content\/uploads\/2018\/08\/2015-02-12-1625Missas-Universit\u00e1rias-marcam-o-in\u00edcio-do-ano-letivo.jpg","contentUrl":"https:\/\/unisalesiano.com.br\/aracatuba\/wp-content\/uploads\/2018\/08\/2015-02-12-1625Missas-Universit\u00e1rias-marcam-o-in\u00edcio-do-ano-letivo.jpg","width":480,"height":320},{"@type":"WebPage","@id":"https:\/\/unisalesiano.com.br\/aracatuba\/missas-universitarias-marcam-o-inicio-do-ano-letivo-de-2015-no-unisalesiano-de-aracatuba\/#webpage","url":"https:\/\/unisalesiano.com.br\/aracatuba\/missas-universitarias-marcam-o-inicio-do-ano-letivo-de-2015-no-unisalesiano-de-aracatuba\/","name":"Missas Universit\u00e1rias marcam o in\u00edcio do ano letivo de 2015 no UniSALESIANO de Ara\u00e7atuba - UniSALESIANO Ara\u00e7atuba\/SP","isPartOf":{"@id":"https:\/\/unisalesiano.com.br\/aracatuba\/#website"},"primaryImageOfPage":{"@id":"https:\/\/unisalesiano.com.br\/aracatuba\/missas-universitarias-marcam-o-inicio-do-ano-letivo-de-2015-no-unisalesiano-de-aracatuba\/#primaryimage"},"datePublished":"2015-02-12T13:38:42+00:00","dateModified":"2018-08-10T14:39:52+00:00","author":{"@id":"https:\/\/unisalesiano.com.br\/aracatuba\/#\/schema\/person\/9b0bb7fe2888d8c52a9981cc9f499850"},"breadcrumb":{"@id":"https:\/\/unisalesiano.com.br\/aracatuba\/missas-universitarias-marcam-o-inicio-do-ano-letivo-de-2015-no-unisalesiano-de-aracatuba\/#breadcrumb"},"inLanguage":"pt-BR","potentialAction":[{"@type":"ReadAction","target":["https:\/\/unisalesiano.com.br\/aracatuba\/missas-universitarias-marcam-o-inicio-do-ano-letivo-de-2015-no-unisalesiano-de-aracatuba\/"]}]},{"@type":"BreadcrumbList","@id":"https:\/\/unisalesiano.com.br\/aracatuba\/missas-universitarias-marcam-o-inicio-do-ano-letivo-de-2015-no-unisalesiano-de-aracatuba\/#breadcrumb","itemListElement":[{"@type":"ListItem","position":1,"name":"In\u00edcio","item":"https:\/\/unisalesiano.com.br\/aracatuba\/"},{"@type":"ListItem","position":2,"name":"Missas Universit\u00e1rias marcam o in\u00edcio do ano letivo de 2015 no UniSALESIANO de Ara\u00e7atuba"}]},{"@type":"Person","@id":"https:\/\/unisalesiano.com.br\/aracatuba\/#\/schema\/person\/9b0bb7fe2888d8c52a9981cc9f499850","name":"Rosiane Cerverizzo","image":{"@type":"ImageObject","@id":"https:\/\/unisalesiano.com.br\/aracatuba\/#personlogo","inLanguage":"pt-BR","url":"https:\/\/secure.gravatar.com\/avatar\/435d6972275f45fcd8db34d02c275aea169714405f437e6532d04aa71ef9cbe2?s=96&d=mm&r=g","contentUrl":"https:\/\/secure.gravatar.com\/avatar\/435d6972275f45fcd8db34d02c275aea169714405f437e6532d04aa71ef9cbe2?s=96&d=mm&r=g","caption":"Rosiane Cerverizzo"},"url":"https:\/\/unisalesiano.com.br\/aracatuba\/author\/rosi\/"}]}},"_links":{"self":[{"href":"https:\/\/unisalesiano.com.br\/aracatuba\/wp-json\/wp\/v2\/posts\/3451","targetHints":{"allow":["GET"]}}],"collection":[{"href":"https:\/\/unisalesiano.com.br\/aracatuba\/wp-json\/wp\/v2\/posts"}],"about":[{"href":"https:\/\/unisalesiano.com.br\/aracatuba\/wp-json\/wp\/v2\/types\/post"}],"author":[{"embeddable":true,"href":"https:\/\/unisalesiano.com.br\/aracatuba\/wp-json\/wp\/v2\/users\/7"}],"replies":[{"embeddable":true,"href":"https:\/\/unisalesiano.com.br\/aracatuba\/wp-json\/wp\/v2\/comments?post=3451"}],"version-history":[{"count":0,"href":"https:\/\/unisalesiano.com.br\/aracatuba\/wp-json\/wp\/v2\/posts\/3451\/revisions"}],"wp:featuredmedia":[{"embeddable":true,"href":"https:\/\/unisalesiano.com.br\/aracatuba\/wp-json\/wp\/v2\/media\/3452"}],"wp:attachment":[{"href":"https:\/\/unisalesiano.com.br\/aracatuba\/wp-json\/wp\/v2\/media?parent=3451"}],"wp:term":[{"taxonomy":"category","embeddable":true,"href":"https:\/\/unisalesiano.com.br\/aracatuba\/wp-json\/wp\/v2\/categories?post=3451"},{"taxonomy":"post_tag","embeddable":true,"href":"https:\/\/unisalesiano.com.br\/aracatuba\/wp-json\/wp\/v2\/tags?post=3451"}],"curies":[{"name":"wp","href":"https:\/\/api.w.org\/{rel}","templated":true}]}}