{"id":3273,"date":"2016-07-01T16:52:27","date_gmt":"2016-07-01T19:52:27","guid":{"rendered":"https:\/\/unisalesiano.com.br\/?p=3273"},"modified":"2018-08-09T17:05:47","modified_gmt":"2018-08-09T20:05:47","slug":"momento-de-reflexao-e-formacao-de-colaboradores","status":"publish","type":"post","link":"https:\/\/unisalesiano.com.br\/aracatuba\/momento-de-reflexao-e-formacao-de-colaboradores\/","title":{"rendered":"Momento de Reflex\u00e3o e Forma\u00e7\u00e3o de Colaboradores"},"content":{"rendered":"<p>O <strong>Momento de Reflex\u00e3o e Forma\u00e7\u00e3o<\/strong> para os colaboradores do UniSALESIANO de Ara\u00e7atuba foi realizado na segunda-feira (27\/06). O encontro foi iniciado com uma din\u00e2mica de descontra\u00e7\u00e3o proposta pela coordenadora de Educa\u00e7\u00e3o F\u00edsica, <strong>Prof.\u00aa Juliana Mitidiero<\/strong>.<\/p>\n<p>Em seguida <strong>o Pe. Jo\u00e3o Neto<\/strong>, Pr\u00f3-Reitor de Pastoral do UniSALESIANO, falou sobre o papel de todos os colaboradores na institui\u00e7\u00e3o, enquanto educadores. Esclareceu que vivemos em um momento de interdepend\u00eancia, e que nossas a\u00e7\u00f5es precisam ser pautadas atrav\u00e9s do bom-senso, valores comuns e discernimento: <strong>\u201cSomos educadores quando ensinamos, quando motivamos e quando transmitimos valores e esperan\u00e7a, principalmente atrav\u00e9s de nossas a\u00e7\u00f5es\u201d.<\/strong><\/p>\n<p>Na sequencia apresentou a um v\u00eddeo gravado pelo parceiro da Natura, Ricardo Guimar\u00e3es, sobre o Contexto de Mundo.<\/p>\n<p>O encontro encerrou-se com a comemora\u00e7\u00e3o dos aniversariantes do m\u00eas de junho.<\/p>\n<p><img loading=\"lazy\" decoding=\"async\" class=\"aligncenter wp-image-3275 size-full\" src=\"https:\/\/unisalesiano.com.br\/wp-content\/uploads\/2018\/08\/2016-07-01-1853-Momento-de-Reflex\u00e3o-e-Forma\u00e7\u00e3o-de-Colaboradores.jpg\" alt=\"\" width=\"480\" height=\"320\" srcset=\"https:\/\/unisalesiano.com.br\/aracatuba\/wp-content\/uploads\/2018\/08\/2016-07-01-1853-Momento-de-Reflex\u00e3o-e-Forma\u00e7\u00e3o-de-Colaboradores.jpg 480w, https:\/\/unisalesiano.com.br\/aracatuba\/wp-content\/uploads\/2018\/08\/2016-07-01-1853-Momento-de-Reflex\u00e3o-e-Forma\u00e7\u00e3o-de-Colaboradores-300x200.jpg 300w\" sizes=\"auto, (max-width: 480px) 100vw, 480px\" \/><\/p>\n","protected":false},"excerpt":{"rendered":"<p>O Momento de Reflex\u00e3o e Forma\u00e7\u00e3o para os colaboradores do UniSALESIANO de Ara\u00e7atuba foi realizado na segunda-feira (27\/06). O encontro foi iniciado com uma din\u00e2mica de descontra\u00e7\u00e3o proposta pela coordenadora de Educa\u00e7\u00e3o F\u00edsica, Prof.\u00aa Juliana Mitidiero. Em seguida o Pe. Jo\u00e3o Neto, Pr\u00f3-Reitor de Pastoral do UniSALESIANO, falou sobre o papel de todos os colaboradores [&hellip;]<\/p>\n","protected":false},"author":1,"featured_media":3274,"comment_status":"open","ping_status":"open","sticky":false,"template":"","format":"standard","meta":{"footnotes":""},"categories":[10],"tags":[34],"class_list":["post-3273","post","type-post","status-publish","format-standard","has-post-thumbnail","hentry","category-pastoral","tag-pastoral-universitaria"],"yoast_head":"<!-- This site is optimized with the Yoast SEO plugin v17.4 - https:\/\/yoast.com\/wordpress\/plugins\/seo\/ -->\n<title>Momento de Reflex\u00e3o e Forma\u00e7\u00e3o de Colaboradores - UniSALESIANO Ara\u00e7atuba\/SP<\/title>\n<meta name=\"robots\" content=\"index, follow, max-snippet:-1, max-image-preview:large, max-video-preview:-1\" \/>\n<link rel=\"canonical\" href=\"https:\/\/unisalesiano.com.br\/aracatuba\/momento-de-reflexao-e-formacao-de-colaboradores\/\" \/>\n<meta property=\"og:locale\" content=\"pt_BR\" \/>\n<meta property=\"og:type\" content=\"article\" \/>\n<meta property=\"og:title\" content=\"Momento de Reflex\u00e3o e Forma\u00e7\u00e3o de Colaboradores - UniSALESIANO Ara\u00e7atuba\/SP\" \/>\n<meta property=\"og:description\" content=\"O Momento de Reflex\u00e3o e Forma\u00e7\u00e3o para os colaboradores do UniSALESIANO de Ara\u00e7atuba foi realizado na segunda-feira (27\/06). O encontro foi iniciado com uma din\u00e2mica de descontra\u00e7\u00e3o proposta pela coordenadora de Educa\u00e7\u00e3o F\u00edsica, Prof.\u00aa Juliana Mitidiero. Em seguida o Pe. Jo\u00e3o Neto, Pr\u00f3-Reitor de Pastoral do UniSALESIANO, falou sobre o papel de todos os colaboradores [&hellip;]\" \/>\n<meta property=\"og:url\" content=\"https:\/\/unisalesiano.com.br\/aracatuba\/momento-de-reflexao-e-formacao-de-colaboradores\/\" \/>\n<meta property=\"og:site_name\" content=\"UniSALESIANO Ara\u00e7atuba\/SP\" \/>\n<meta property=\"article:published_time\" content=\"2016-07-01T19:52:27+00:00\" \/>\n<meta property=\"article:modified_time\" content=\"2018-08-09T20:05:47+00:00\" \/>\n<meta property=\"og:image\" content=\"https:\/\/unisalesiano.com.br\/aracatuba\/wp-content\/uploads\/2018\/08\/2016-07-01-1853-Momento-de-Reflex\u00e3o-e-Forma\u00e7\u00e3o-de-Colaboradores1.jpg\" \/>\n\t<meta property=\"og:image:width\" content=\"480\" \/>\n\t<meta property=\"og:image:height\" content=\"320\" \/>\n<meta name=\"twitter:card\" content=\"summary_large_image\" \/>\n<meta name=\"twitter:label1\" content=\"Escrito por\" \/>\n\t<meta name=\"twitter:data1\" content=\"admin\" \/>\n\t<meta name=\"twitter:label2\" content=\"Est. tempo de leitura\" \/>\n\t<meta name=\"twitter:data2\" content=\"1 minuto\" \/>\n<script type=\"application\/ld+json\" class=\"yoast-schema-graph\">{\"@context\":\"https:\/\/schema.org\",\"@graph\":[{\"@type\":\"WebSite\",\"@id\":\"https:\/\/unisalesiano.com.br\/aracatuba\/#website\",\"url\":\"https:\/\/unisalesiano.com.br\/aracatuba\/\",\"name\":\"UniSALESIANO Ara\\u00e7atuba\/SP\",\"description\":\"Centro Universit\\u00e1rio Cat\\u00f3lico Salesiano Auxilium\",\"potentialAction\":[{\"@type\":\"SearchAction\",\"target\":{\"@type\":\"EntryPoint\",\"urlTemplate\":\"https:\/\/unisalesiano.com.br\/aracatuba\/?s={search_term_string}\"},\"query-input\":\"required name=search_term_string\"}],\"inLanguage\":\"pt-BR\"},{\"@type\":\"ImageObject\",\"@id\":\"https:\/\/unisalesiano.com.br\/aracatuba\/momento-de-reflexao-e-formacao-de-colaboradores\/#primaryimage\",\"inLanguage\":\"pt-BR\",\"url\":\"https:\/\/unisalesiano.com.br\/aracatuba\/wp-content\/uploads\/2018\/08\/2016-07-01-1853-Momento-de-Reflex\\u00e3o-e-Forma\\u00e7\\u00e3o-de-Colaboradores1.jpg\",\"contentUrl\":\"https:\/\/unisalesiano.com.br\/aracatuba\/wp-content\/uploads\/2018\/08\/2016-07-01-1853-Momento-de-Reflex\\u00e3o-e-Forma\\u00e7\\u00e3o-de-Colaboradores1.jpg\",\"width\":480,\"height\":320},{\"@type\":\"WebPage\",\"@id\":\"https:\/\/unisalesiano.com.br\/aracatuba\/momento-de-reflexao-e-formacao-de-colaboradores\/#webpage\",\"url\":\"https:\/\/unisalesiano.com.br\/aracatuba\/momento-de-reflexao-e-formacao-de-colaboradores\/\",\"name\":\"Momento de Reflex\\u00e3o e Forma\\u00e7\\u00e3o de Colaboradores - UniSALESIANO Ara\\u00e7atuba\/SP\",\"isPartOf\":{\"@id\":\"https:\/\/unisalesiano.com.br\/aracatuba\/#website\"},\"primaryImageOfPage\":{\"@id\":\"https:\/\/unisalesiano.com.br\/aracatuba\/momento-de-reflexao-e-formacao-de-colaboradores\/#primaryimage\"},\"datePublished\":\"2016-07-01T19:52:27+00:00\",\"dateModified\":\"2018-08-09T20:05:47+00:00\",\"author\":{\"@id\":\"https:\/\/unisalesiano.com.br\/aracatuba\/#\/schema\/person\/afb1b2331f463570beda616f4cc14cc9\"},\"breadcrumb\":{\"@id\":\"https:\/\/unisalesiano.com.br\/aracatuba\/momento-de-reflexao-e-formacao-de-colaboradores\/#breadcrumb\"},\"inLanguage\":\"pt-BR\",\"potentialAction\":[{\"@type\":\"ReadAction\",\"target\":[\"https:\/\/unisalesiano.com.br\/aracatuba\/momento-de-reflexao-e-formacao-de-colaboradores\/\"]}]},{\"@type\":\"BreadcrumbList\",\"@id\":\"https:\/\/unisalesiano.com.br\/aracatuba\/momento-de-reflexao-e-formacao-de-colaboradores\/#breadcrumb\",\"itemListElement\":[{\"@type\":\"ListItem\",\"position\":1,\"name\":\"In\\u00edcio\",\"item\":\"https:\/\/unisalesiano.com.br\/aracatuba\/\"},{\"@type\":\"ListItem\",\"position\":2,\"name\":\"Momento de Reflex\\u00e3o e Forma\\u00e7\\u00e3o de Colaboradores\"}]},{\"@type\":\"Person\",\"@id\":\"https:\/\/unisalesiano.com.br\/aracatuba\/#\/schema\/person\/afb1b2331f463570beda616f4cc14cc9\",\"name\":\"admin\",\"image\":{\"@type\":\"ImageObject\",\"@id\":\"https:\/\/unisalesiano.com.br\/aracatuba\/#personlogo\",\"inLanguage\":\"pt-BR\",\"url\":\"https:\/\/secure.gravatar.com\/avatar\/dfc5c63987fa9f19b5c366e55740b2a0ffac4aab41ba55c1bd96dbb85eb3a8ca?s=96&d=mm&r=g\",\"contentUrl\":\"https:\/\/secure.gravatar.com\/avatar\/dfc5c63987fa9f19b5c366e55740b2a0ffac4aab41ba55c1bd96dbb85eb3a8ca?s=96&d=mm&r=g\",\"caption\":\"admin\"},\"url\":\"https:\/\/unisalesiano.com.br\/aracatuba\/author\/admin\/\"}]}<\/script>\n<!-- \/ Yoast SEO plugin. -->","yoast_head_json":{"title":"Momento de Reflex\u00e3o e Forma\u00e7\u00e3o de Colaboradores - UniSALESIANO Ara\u00e7atuba\/SP","robots":{"index":"index","follow":"follow","max-snippet":"max-snippet:-1","max-image-preview":"max-image-preview:large","max-video-preview":"max-video-preview:-1"},"canonical":"https:\/\/unisalesiano.com.br\/aracatuba\/momento-de-reflexao-e-formacao-de-colaboradores\/","og_locale":"pt_BR","og_type":"article","og_title":"Momento de Reflex\u00e3o e Forma\u00e7\u00e3o de Colaboradores - UniSALESIANO Ara\u00e7atuba\/SP","og_description":"O Momento de Reflex\u00e3o e Forma\u00e7\u00e3o para os colaboradores do UniSALESIANO de Ara\u00e7atuba foi realizado na segunda-feira (27\/06). O encontro foi iniciado com uma din\u00e2mica de descontra\u00e7\u00e3o proposta pela coordenadora de Educa\u00e7\u00e3o F\u00edsica, Prof.\u00aa Juliana Mitidiero. Em seguida o Pe. Jo\u00e3o Neto, Pr\u00f3-Reitor de Pastoral do UniSALESIANO, falou sobre o papel de todos os colaboradores [&hellip;]","og_url":"https:\/\/unisalesiano.com.br\/aracatuba\/momento-de-reflexao-e-formacao-de-colaboradores\/","og_site_name":"UniSALESIANO Ara\u00e7atuba\/SP","article_published_time":"2016-07-01T19:52:27+00:00","article_modified_time":"2018-08-09T20:05:47+00:00","og_image":[{"width":480,"height":320,"url":"https:\/\/unisalesiano.com.br\/aracatuba\/wp-content\/uploads\/2018\/08\/2016-07-01-1853-Momento-de-Reflex\u00e3o-e-Forma\u00e7\u00e3o-de-Colaboradores1.jpg","type":"image\/jpeg"}],"twitter_card":"summary_large_image","twitter_misc":{"Escrito por":"admin","Est. tempo de leitura":"1 minuto"},"schema":{"@context":"https:\/\/schema.org","@graph":[{"@type":"WebSite","@id":"https:\/\/unisalesiano.com.br\/aracatuba\/#website","url":"https:\/\/unisalesiano.com.br\/aracatuba\/","name":"UniSALESIANO Ara\u00e7atuba\/SP","description":"Centro Universit\u00e1rio Cat\u00f3lico Salesiano Auxilium","potentialAction":[{"@type":"SearchAction","target":{"@type":"EntryPoint","urlTemplate":"https:\/\/unisalesiano.com.br\/aracatuba\/?s={search_term_string}"},"query-input":"required name=search_term_string"}],"inLanguage":"pt-BR"},{"@type":"ImageObject","@id":"https:\/\/unisalesiano.com.br\/aracatuba\/momento-de-reflexao-e-formacao-de-colaboradores\/#primaryimage","inLanguage":"pt-BR","url":"https:\/\/unisalesiano.com.br\/aracatuba\/wp-content\/uploads\/2018\/08\/2016-07-01-1853-Momento-de-Reflex\u00e3o-e-Forma\u00e7\u00e3o-de-Colaboradores1.jpg","contentUrl":"https:\/\/unisalesiano.com.br\/aracatuba\/wp-content\/uploads\/2018\/08\/2016-07-01-1853-Momento-de-Reflex\u00e3o-e-Forma\u00e7\u00e3o-de-Colaboradores1.jpg","width":480,"height":320},{"@type":"WebPage","@id":"https:\/\/unisalesiano.com.br\/aracatuba\/momento-de-reflexao-e-formacao-de-colaboradores\/#webpage","url":"https:\/\/unisalesiano.com.br\/aracatuba\/momento-de-reflexao-e-formacao-de-colaboradores\/","name":"Momento de Reflex\u00e3o e Forma\u00e7\u00e3o de Colaboradores - UniSALESIANO Ara\u00e7atuba\/SP","isPartOf":{"@id":"https:\/\/unisalesiano.com.br\/aracatuba\/#website"},"primaryImageOfPage":{"@id":"https:\/\/unisalesiano.com.br\/aracatuba\/momento-de-reflexao-e-formacao-de-colaboradores\/#primaryimage"},"datePublished":"2016-07-01T19:52:27+00:00","dateModified":"2018-08-09T20:05:47+00:00","author":{"@id":"https:\/\/unisalesiano.com.br\/aracatuba\/#\/schema\/person\/afb1b2331f463570beda616f4cc14cc9"},"breadcrumb":{"@id":"https:\/\/unisalesiano.com.br\/aracatuba\/momento-de-reflexao-e-formacao-de-colaboradores\/#breadcrumb"},"inLanguage":"pt-BR","potentialAction":[{"@type":"ReadAction","target":["https:\/\/unisalesiano.com.br\/aracatuba\/momento-de-reflexao-e-formacao-de-colaboradores\/"]}]},{"@type":"BreadcrumbList","@id":"https:\/\/unisalesiano.com.br\/aracatuba\/momento-de-reflexao-e-formacao-de-colaboradores\/#breadcrumb","itemListElement":[{"@type":"ListItem","position":1,"name":"In\u00edcio","item":"https:\/\/unisalesiano.com.br\/aracatuba\/"},{"@type":"ListItem","position":2,"name":"Momento de Reflex\u00e3o e Forma\u00e7\u00e3o de Colaboradores"}]},{"@type":"Person","@id":"https:\/\/unisalesiano.com.br\/aracatuba\/#\/schema\/person\/afb1b2331f463570beda616f4cc14cc9","name":"admin","image":{"@type":"ImageObject","@id":"https:\/\/unisalesiano.com.br\/aracatuba\/#personlogo","inLanguage":"pt-BR","url":"https:\/\/secure.gravatar.com\/avatar\/dfc5c63987fa9f19b5c366e55740b2a0ffac4aab41ba55c1bd96dbb85eb3a8ca?s=96&d=mm&r=g","contentUrl":"https:\/\/secure.gravatar.com\/avatar\/dfc5c63987fa9f19b5c366e55740b2a0ffac4aab41ba55c1bd96dbb85eb3a8ca?s=96&d=mm&r=g","caption":"admin"},"url":"https:\/\/unisalesiano.com.br\/aracatuba\/author\/admin\/"}]}},"_links":{"self":[{"href":"https:\/\/unisalesiano.com.br\/aracatuba\/wp-json\/wp\/v2\/posts\/3273","targetHints":{"allow":["GET"]}}],"collection":[{"href":"https:\/\/unisalesiano.com.br\/aracatuba\/wp-json\/wp\/v2\/posts"}],"about":[{"href":"https:\/\/unisalesiano.com.br\/aracatuba\/wp-json\/wp\/v2\/types\/post"}],"author":[{"embeddable":true,"href":"https:\/\/unisalesiano.com.br\/aracatuba\/wp-json\/wp\/v2\/users\/1"}],"replies":[{"embeddable":true,"href":"https:\/\/unisalesiano.com.br\/aracatuba\/wp-json\/wp\/v2\/comments?post=3273"}],"version-history":[{"count":0,"href":"https:\/\/unisalesiano.com.br\/aracatuba\/wp-json\/wp\/v2\/posts\/3273\/revisions"}],"wp:featuredmedia":[{"embeddable":true,"href":"https:\/\/unisalesiano.com.br\/aracatuba\/wp-json\/wp\/v2\/media\/3274"}],"wp:attachment":[{"href":"https:\/\/unisalesiano.com.br\/aracatuba\/wp-json\/wp\/v2\/media?parent=3273"}],"wp:term":[{"taxonomy":"category","embeddable":true,"href":"https:\/\/unisalesiano.com.br\/aracatuba\/wp-json\/wp\/v2\/categories?post=3273"},{"taxonomy":"post_tag","embeddable":true,"href":"https:\/\/unisalesiano.com.br\/aracatuba\/wp-json\/wp\/v2\/tags?post=3273"}],"curies":[{"name":"wp","href":"https:\/\/api.w.org\/{rel}","templated":true}]}}