{"id":32522,"date":"2020-12-01T09:56:42","date_gmt":"2020-12-01T12:56:42","guid":{"rendered":"https:\/\/unisalesiano.com.br\/aracatuba\/?p=32522"},"modified":"2020-12-01T09:59:49","modified_gmt":"2020-12-01T12:59:49","slug":"ex-aluno-de-direito-do-unisalesiano-e-aprovado-em-concurso-para-promotor-de-justica-do-estado-de-sao-paulo","status":"publish","type":"post","link":"https:\/\/unisalesiano.com.br\/aracatuba\/ex-aluno-de-direito-do-unisalesiano-e-aprovado-em-concurso-para-promotor-de-justica-do-estado-de-sao-paulo\/","title":{"rendered":"Ex-aluno de Direito do UniSALESIANO \u00e9 aprovado em concurso para Promotor de Justi\u00e7a"},"content":{"rendered":"<p>O ex-aluno do UniSALESIANO, <strong>C\u00e1ssio Luiz Barbosa de Paula Teixeira<\/strong>, de 34 anos, formado na 3\u00aa Turma de Direito, em 2009, ocupar\u00e1 o cargo de <strong>1\u00ba Promotor de Justi\u00e7a da 38\u00aa Circunscri\u00e7\u00e3o Judici\u00e1ria<\/strong>, no munic\u00edpio de Franca (SP).<\/p>\n<p>A nomea\u00e7\u00e3o dos aprovados no <strong>93\u00ba Concurso de Ingresso na Carreira do Minist\u00e9rio P\u00fablico do Estado de S\u00e3o Paulo<\/strong> est\u00e1 marcada para o dia 7 de janeiro de 2021 e C\u00e1ssio se diz feliz por ter conquistado seu sonho.<\/p>\n<p>Confira abaixo a entrevista do futuro Promotor, que \u00e9 considerado <strong>\u201cCaso de Sucesso\u201d <\/strong>do UniSALESIANO.<\/p>\n<p><strong>UniSALESIANO<\/strong> \u2013 <strong><em>Por que escolheu o Curso e o UniSALESIANO?<\/em><\/strong><\/p>\n<p><strong>C\u00e1ssio<\/strong> \u2013 O Direito me atraiu pelo fato de ser um curso com maior incid\u00eancia em concursos p\u00fablicos, que era meu objetivo inicial. Na \u00e9poca, o Curso de Direito do UniSALESIANO estava no in\u00edcio, mas a Institui\u00e7\u00e3o sempre foi conhecida pela \u00f3tima estrutura. Ent\u00e3o, optei por dar um voto de confian\u00e7a do qual n\u00e3o me arrependo nenhum pouco. Pelo contr\u00e1rio, sou muito grato ao UniSALESIANO, aos professores, equipe toda e todos os amigos que fiz durante os 5 anos de gradua\u00e7\u00e3o.<\/p>\n<p><strong>UniSALESIANO<\/strong> <strong><em>&#8211; Depois que se formou, em que trabalhou?<\/em><\/strong><\/p>\n<p><strong>C\u00e1ssio<\/strong> &#8211; Fui advogado por um breve per\u00edodo, logo ap\u00f3s me formar, atuando em poucos casos. Posteriormente, em 2013, fui aprovado como Analista do Minist\u00e9rio P\u00fablico do Estado de S\u00e3o Paulo, onde trabalho at\u00e9 o momento.<\/p>\n<p><strong>UniSALESIANO<\/strong> <strong><em>&#8211; Sempre almejou ser Promotor?<\/em><\/strong><\/p>\n<p><strong>C\u00e1ssio<\/strong> &#8211; Eu pensava em concursos p\u00fablicos e tinha como objetivo cargos como juiz, defendor e tamb\u00e9m promotor. Quando comecei a trabalhar como Analista, quando pude conhecer de perto parte do trabalho da Institui\u00e7\u00e3o, \u00e9 que passei a focar somente em concursos de Minist\u00e9rios P\u00fablicos Estaduais.<\/p>\n<p><strong>UniSALESIANO<\/strong> <strong><em>&#8211; Quantos concursos prestou at\u00e9 ser aprovado?<\/em><\/strong><\/p>\n<p><strong>C\u00e1ssio<\/strong> \u2013 Ao longo dos anos, ap\u00f3s formado, prestei tr\u00eas vezes para o Minist\u00e9rio P\u00fablico do Paran\u00e1 e duas vezes para o Minist\u00e9rio P\u00fablico de Minas Gerais. Em 2009, prestei o 93\u00ba Concurso de Ingresso na Carreira do Minist\u00e9rio P\u00fablico do Estado de S\u00e3o Paulo, passei pelas tr\u00eas fases (julho e setembro de 2019 e janeiro de 2020) e o resultado foi divulgado no dia 17 de mar\u00e7o deste ano.<\/p>\n<p><strong>UniSALESIANO<\/strong> <strong><em>&#8211; Quando assume e qual sua expectativa?<\/em><\/strong><\/p>\n<p><strong>C\u00e1ssio<\/strong> &#8211; Segundo o Procurador Geral de Justi\u00e7a, os aprovados tomam posse no dia 07 de janeiro de 2021. As expectativas s\u00e3o as melhores poss\u00edveis: muito trabalho, conhecer novos lugares e, com certeza, com muita disposi\u00e7\u00e3o e alegria, pois \u00e9 a realiza\u00e7\u00e3o profissional atingida e a vontade de atuar de acordo com os objetivos e fins do Minist\u00e9rio P\u00fablico.<\/p>\n","protected":false},"excerpt":{"rendered":"<p>O ex-aluno do UniSALESIANO, C\u00e1ssio Luiz Barbosa de Paula Teixeira, de 34 anos, formado na 3\u00aa Turma de Direito, em 2009, ocupar\u00e1 o cargo de 1\u00ba Promotor de Justi\u00e7a da 38\u00aa Circunscri\u00e7\u00e3o Judici\u00e1ria, no munic\u00edpio de Franca (SP). A nomea\u00e7\u00e3o dos aprovados no 93\u00ba Concurso de Ingresso na Carreira do Minist\u00e9rio P\u00fablico do Estado de [&hellip;]<\/p>\n","protected":false},"author":3,"featured_media":32523,"comment_status":"open","ping_status":"open","sticky":false,"template":"","format":"standard","meta":{"footnotes":""},"categories":[11,8],"tags":[851,446,19,1296,16],"class_list":["post-32522","post","type-post","status-publish","format-standard","has-post-thumbnail","hentry","category-institucional","category-sociais","tag-casos-de-sucesso","tag-concurso","tag-direito","tag-promotor-de-justica","tag-unisalesiano"],"yoast_head":"<!-- This site is optimized with the Yoast SEO plugin v17.4 - https:\/\/yoast.com\/wordpress\/plugins\/seo\/ -->\n<title>Ex-aluno de Direito do UniSALESIANO \u00e9 aprovado em concurso para Promotor de Justi\u00e7a - UniSALESIANO Ara\u00e7atuba\/SP<\/title>\n<meta name=\"robots\" content=\"index, follow, max-snippet:-1, max-image-preview:large, max-video-preview:-1\" \/>\n<link rel=\"canonical\" href=\"https:\/\/unisalesiano.com.br\/aracatuba\/ex-aluno-de-direito-do-unisalesiano-e-aprovado-em-concurso-para-promotor-de-justica-do-estado-de-sao-paulo\/\" \/>\n<meta property=\"og:locale\" content=\"pt_BR\" \/>\n<meta property=\"og:type\" content=\"article\" \/>\n<meta property=\"og:title\" content=\"Ex-aluno de Direito do UniSALESIANO \u00e9 aprovado em concurso para Promotor de Justi\u00e7a - UniSALESIANO Ara\u00e7atuba\/SP\" \/>\n<meta property=\"og:description\" content=\"O ex-aluno do UniSALESIANO, C\u00e1ssio Luiz Barbosa de Paula Teixeira, de 34 anos, formado na 3\u00aa Turma de Direito, em 2009, ocupar\u00e1 o cargo de 1\u00ba Promotor de Justi\u00e7a da 38\u00aa Circunscri\u00e7\u00e3o Judici\u00e1ria, no munic\u00edpio de Franca (SP). A nomea\u00e7\u00e3o dos aprovados no 93\u00ba Concurso de Ingresso na Carreira do Minist\u00e9rio P\u00fablico do Estado de [&hellip;]\" \/>\n<meta property=\"og:url\" content=\"https:\/\/unisalesiano.com.br\/aracatuba\/ex-aluno-de-direito-do-unisalesiano-e-aprovado-em-concurso-para-promotor-de-justica-do-estado-de-sao-paulo\/\" \/>\n<meta property=\"og:site_name\" content=\"UniSALESIANO Ara\u00e7atuba\/SP\" \/>\n<meta property=\"article:published_time\" content=\"2020-12-01T12:56:42+00:00\" \/>\n<meta property=\"article:modified_time\" content=\"2020-12-01T12:59:49+00:00\" \/>\n<meta property=\"og:image\" content=\"https:\/\/unisalesiano.com.br\/aracatuba\/wp-content\/uploads\/2020\/12\/WhatsApp-Image-2020-11-30-at-12.59.17.jpeg\" \/>\n\t<meta property=\"og:image:width\" content=\"652\" \/>\n\t<meta property=\"og:image:height\" content=\"713\" \/>\n<meta name=\"twitter:card\" content=\"summary_large_image\" \/>\n<meta name=\"twitter:label1\" content=\"Escrito por\" \/>\n\t<meta name=\"twitter:data1\" content=\"Monique Bueno\" \/>\n\t<meta name=\"twitter:label2\" content=\"Est. tempo de leitura\" \/>\n\t<meta name=\"twitter:data2\" content=\"2 minutos\" \/>\n<script type=\"application\/ld+json\" class=\"yoast-schema-graph\">{\"@context\":\"https:\/\/schema.org\",\"@graph\":[{\"@type\":\"WebSite\",\"@id\":\"https:\/\/unisalesiano.com.br\/aracatuba\/#website\",\"url\":\"https:\/\/unisalesiano.com.br\/aracatuba\/\",\"name\":\"UniSALESIANO Ara\\u00e7atuba\/SP\",\"description\":\"Centro Universit\\u00e1rio Cat\\u00f3lico Salesiano Auxilium\",\"potentialAction\":[{\"@type\":\"SearchAction\",\"target\":{\"@type\":\"EntryPoint\",\"urlTemplate\":\"https:\/\/unisalesiano.com.br\/aracatuba\/?s={search_term_string}\"},\"query-input\":\"required name=search_term_string\"}],\"inLanguage\":\"pt-BR\"},{\"@type\":\"ImageObject\",\"@id\":\"https:\/\/unisalesiano.com.br\/aracatuba\/ex-aluno-de-direito-do-unisalesiano-e-aprovado-em-concurso-para-promotor-de-justica-do-estado-de-sao-paulo\/#primaryimage\",\"inLanguage\":\"pt-BR\",\"url\":\"https:\/\/unisalesiano.com.br\/aracatuba\/wp-content\/uploads\/2020\/12\/WhatsApp-Image-2020-11-30-at-12.59.17.jpeg\",\"contentUrl\":\"https:\/\/unisalesiano.com.br\/aracatuba\/wp-content\/uploads\/2020\/12\/WhatsApp-Image-2020-11-30-at-12.59.17.jpeg\",\"width\":652,\"height\":713},{\"@type\":\"WebPage\",\"@id\":\"https:\/\/unisalesiano.com.br\/aracatuba\/ex-aluno-de-direito-do-unisalesiano-e-aprovado-em-concurso-para-promotor-de-justica-do-estado-de-sao-paulo\/#webpage\",\"url\":\"https:\/\/unisalesiano.com.br\/aracatuba\/ex-aluno-de-direito-do-unisalesiano-e-aprovado-em-concurso-para-promotor-de-justica-do-estado-de-sao-paulo\/\",\"name\":\"Ex-aluno de Direito do UniSALESIANO \\u00e9 aprovado em concurso para Promotor de Justi\\u00e7a - UniSALESIANO Ara\\u00e7atuba\/SP\",\"isPartOf\":{\"@id\":\"https:\/\/unisalesiano.com.br\/aracatuba\/#website\"},\"primaryImageOfPage\":{\"@id\":\"https:\/\/unisalesiano.com.br\/aracatuba\/ex-aluno-de-direito-do-unisalesiano-e-aprovado-em-concurso-para-promotor-de-justica-do-estado-de-sao-paulo\/#primaryimage\"},\"datePublished\":\"2020-12-01T12:56:42+00:00\",\"dateModified\":\"2020-12-01T12:59:49+00:00\",\"author\":{\"@id\":\"https:\/\/unisalesiano.com.br\/aracatuba\/#\/schema\/person\/964caaa63bddcf301b320e385db5203a\"},\"breadcrumb\":{\"@id\":\"https:\/\/unisalesiano.com.br\/aracatuba\/ex-aluno-de-direito-do-unisalesiano-e-aprovado-em-concurso-para-promotor-de-justica-do-estado-de-sao-paulo\/#breadcrumb\"},\"inLanguage\":\"pt-BR\",\"potentialAction\":[{\"@type\":\"ReadAction\",\"target\":[\"https:\/\/unisalesiano.com.br\/aracatuba\/ex-aluno-de-direito-do-unisalesiano-e-aprovado-em-concurso-para-promotor-de-justica-do-estado-de-sao-paulo\/\"]}]},{\"@type\":\"BreadcrumbList\",\"@id\":\"https:\/\/unisalesiano.com.br\/aracatuba\/ex-aluno-de-direito-do-unisalesiano-e-aprovado-em-concurso-para-promotor-de-justica-do-estado-de-sao-paulo\/#breadcrumb\",\"itemListElement\":[{\"@type\":\"ListItem\",\"position\":1,\"name\":\"In\\u00edcio\",\"item\":\"https:\/\/unisalesiano.com.br\/aracatuba\/\"},{\"@type\":\"ListItem\",\"position\":2,\"name\":\"Ex-aluno de Direito do UniSALESIANO \\u00e9 aprovado em concurso para Promotor de Justi\\u00e7a\"}]},{\"@type\":\"Person\",\"@id\":\"https:\/\/unisalesiano.com.br\/aracatuba\/#\/schema\/person\/964caaa63bddcf301b320e385db5203a\",\"name\":\"Monique Bueno\",\"image\":{\"@type\":\"ImageObject\",\"@id\":\"https:\/\/unisalesiano.com.br\/aracatuba\/#personlogo\",\"inLanguage\":\"pt-BR\",\"url\":\"https:\/\/secure.gravatar.com\/avatar\/1680078f9a9fb86c36e76e0928e948cfd68a43bbc313c1bad27d1e48b49b308d?s=96&d=mm&r=g\",\"contentUrl\":\"https:\/\/secure.gravatar.com\/avatar\/1680078f9a9fb86c36e76e0928e948cfd68a43bbc313c1bad27d1e48b49b308d?s=96&d=mm&r=g\",\"caption\":\"Monique Bueno\"},\"url\":\"https:\/\/unisalesiano.com.br\/aracatuba\/author\/monique\/\"}]}<\/script>\n<!-- \/ Yoast SEO plugin. -->","yoast_head_json":{"title":"Ex-aluno de Direito do UniSALESIANO \u00e9 aprovado em concurso para Promotor de Justi\u00e7a - UniSALESIANO Ara\u00e7atuba\/SP","robots":{"index":"index","follow":"follow","max-snippet":"max-snippet:-1","max-image-preview":"max-image-preview:large","max-video-preview":"max-video-preview:-1"},"canonical":"https:\/\/unisalesiano.com.br\/aracatuba\/ex-aluno-de-direito-do-unisalesiano-e-aprovado-em-concurso-para-promotor-de-justica-do-estado-de-sao-paulo\/","og_locale":"pt_BR","og_type":"article","og_title":"Ex-aluno de Direito do UniSALESIANO \u00e9 aprovado em concurso para Promotor de Justi\u00e7a - UniSALESIANO Ara\u00e7atuba\/SP","og_description":"O ex-aluno do UniSALESIANO, C\u00e1ssio Luiz Barbosa de Paula Teixeira, de 34 anos, formado na 3\u00aa Turma de Direito, em 2009, ocupar\u00e1 o cargo de 1\u00ba Promotor de Justi\u00e7a da 38\u00aa Circunscri\u00e7\u00e3o Judici\u00e1ria, no munic\u00edpio de Franca (SP). A nomea\u00e7\u00e3o dos aprovados no 93\u00ba Concurso de Ingresso na Carreira do Minist\u00e9rio P\u00fablico do Estado de [&hellip;]","og_url":"https:\/\/unisalesiano.com.br\/aracatuba\/ex-aluno-de-direito-do-unisalesiano-e-aprovado-em-concurso-para-promotor-de-justica-do-estado-de-sao-paulo\/","og_site_name":"UniSALESIANO Ara\u00e7atuba\/SP","article_published_time":"2020-12-01T12:56:42+00:00","article_modified_time":"2020-12-01T12:59:49+00:00","og_image":[{"width":652,"height":713,"url":"https:\/\/unisalesiano.com.br\/aracatuba\/wp-content\/uploads\/2020\/12\/WhatsApp-Image-2020-11-30-at-12.59.17.jpeg","type":"image\/jpeg"}],"twitter_card":"summary_large_image","twitter_misc":{"Escrito por":"Monique Bueno","Est. tempo de leitura":"2 minutos"},"schema":{"@context":"https:\/\/schema.org","@graph":[{"@type":"WebSite","@id":"https:\/\/unisalesiano.com.br\/aracatuba\/#website","url":"https:\/\/unisalesiano.com.br\/aracatuba\/","name":"UniSALESIANO Ara\u00e7atuba\/SP","description":"Centro Universit\u00e1rio Cat\u00f3lico Salesiano Auxilium","potentialAction":[{"@type":"SearchAction","target":{"@type":"EntryPoint","urlTemplate":"https:\/\/unisalesiano.com.br\/aracatuba\/?s={search_term_string}"},"query-input":"required name=search_term_string"}],"inLanguage":"pt-BR"},{"@type":"ImageObject","@id":"https:\/\/unisalesiano.com.br\/aracatuba\/ex-aluno-de-direito-do-unisalesiano-e-aprovado-em-concurso-para-promotor-de-justica-do-estado-de-sao-paulo\/#primaryimage","inLanguage":"pt-BR","url":"https:\/\/unisalesiano.com.br\/aracatuba\/wp-content\/uploads\/2020\/12\/WhatsApp-Image-2020-11-30-at-12.59.17.jpeg","contentUrl":"https:\/\/unisalesiano.com.br\/aracatuba\/wp-content\/uploads\/2020\/12\/WhatsApp-Image-2020-11-30-at-12.59.17.jpeg","width":652,"height":713},{"@type":"WebPage","@id":"https:\/\/unisalesiano.com.br\/aracatuba\/ex-aluno-de-direito-do-unisalesiano-e-aprovado-em-concurso-para-promotor-de-justica-do-estado-de-sao-paulo\/#webpage","url":"https:\/\/unisalesiano.com.br\/aracatuba\/ex-aluno-de-direito-do-unisalesiano-e-aprovado-em-concurso-para-promotor-de-justica-do-estado-de-sao-paulo\/","name":"Ex-aluno de Direito do UniSALESIANO \u00e9 aprovado em concurso para Promotor de Justi\u00e7a - UniSALESIANO Ara\u00e7atuba\/SP","isPartOf":{"@id":"https:\/\/unisalesiano.com.br\/aracatuba\/#website"},"primaryImageOfPage":{"@id":"https:\/\/unisalesiano.com.br\/aracatuba\/ex-aluno-de-direito-do-unisalesiano-e-aprovado-em-concurso-para-promotor-de-justica-do-estado-de-sao-paulo\/#primaryimage"},"datePublished":"2020-12-01T12:56:42+00:00","dateModified":"2020-12-01T12:59:49+00:00","author":{"@id":"https:\/\/unisalesiano.com.br\/aracatuba\/#\/schema\/person\/964caaa63bddcf301b320e385db5203a"},"breadcrumb":{"@id":"https:\/\/unisalesiano.com.br\/aracatuba\/ex-aluno-de-direito-do-unisalesiano-e-aprovado-em-concurso-para-promotor-de-justica-do-estado-de-sao-paulo\/#breadcrumb"},"inLanguage":"pt-BR","potentialAction":[{"@type":"ReadAction","target":["https:\/\/unisalesiano.com.br\/aracatuba\/ex-aluno-de-direito-do-unisalesiano-e-aprovado-em-concurso-para-promotor-de-justica-do-estado-de-sao-paulo\/"]}]},{"@type":"BreadcrumbList","@id":"https:\/\/unisalesiano.com.br\/aracatuba\/ex-aluno-de-direito-do-unisalesiano-e-aprovado-em-concurso-para-promotor-de-justica-do-estado-de-sao-paulo\/#breadcrumb","itemListElement":[{"@type":"ListItem","position":1,"name":"In\u00edcio","item":"https:\/\/unisalesiano.com.br\/aracatuba\/"},{"@type":"ListItem","position":2,"name":"Ex-aluno de Direito do UniSALESIANO \u00e9 aprovado em concurso para Promotor de Justi\u00e7a"}]},{"@type":"Person","@id":"https:\/\/unisalesiano.com.br\/aracatuba\/#\/schema\/person\/964caaa63bddcf301b320e385db5203a","name":"Monique Bueno","image":{"@type":"ImageObject","@id":"https:\/\/unisalesiano.com.br\/aracatuba\/#personlogo","inLanguage":"pt-BR","url":"https:\/\/secure.gravatar.com\/avatar\/1680078f9a9fb86c36e76e0928e948cfd68a43bbc313c1bad27d1e48b49b308d?s=96&d=mm&r=g","contentUrl":"https:\/\/secure.gravatar.com\/avatar\/1680078f9a9fb86c36e76e0928e948cfd68a43bbc313c1bad27d1e48b49b308d?s=96&d=mm&r=g","caption":"Monique Bueno"},"url":"https:\/\/unisalesiano.com.br\/aracatuba\/author\/monique\/"}]}},"_links":{"self":[{"href":"https:\/\/unisalesiano.com.br\/aracatuba\/wp-json\/wp\/v2\/posts\/32522","targetHints":{"allow":["GET"]}}],"collection":[{"href":"https:\/\/unisalesiano.com.br\/aracatuba\/wp-json\/wp\/v2\/posts"}],"about":[{"href":"https:\/\/unisalesiano.com.br\/aracatuba\/wp-json\/wp\/v2\/types\/post"}],"author":[{"embeddable":true,"href":"https:\/\/unisalesiano.com.br\/aracatuba\/wp-json\/wp\/v2\/users\/3"}],"replies":[{"embeddable":true,"href":"https:\/\/unisalesiano.com.br\/aracatuba\/wp-json\/wp\/v2\/comments?post=32522"}],"version-history":[{"count":0,"href":"https:\/\/unisalesiano.com.br\/aracatuba\/wp-json\/wp\/v2\/posts\/32522\/revisions"}],"wp:featuredmedia":[{"embeddable":true,"href":"https:\/\/unisalesiano.com.br\/aracatuba\/wp-json\/wp\/v2\/media\/32523"}],"wp:attachment":[{"href":"https:\/\/unisalesiano.com.br\/aracatuba\/wp-json\/wp\/v2\/media?parent=32522"}],"wp:term":[{"taxonomy":"category","embeddable":true,"href":"https:\/\/unisalesiano.com.br\/aracatuba\/wp-json\/wp\/v2\/categories?post=32522"},{"taxonomy":"post_tag","embeddable":true,"href":"https:\/\/unisalesiano.com.br\/aracatuba\/wp-json\/wp\/v2\/tags?post=32522"}],"curies":[{"name":"wp","href":"https:\/\/api.w.org\/{rel}","templated":true}]}}