{"id":22340,"date":"2014-10-03T16:20:44","date_gmt":"2014-10-03T19:20:44","guid":{"rendered":"https:\/\/unisalesiano.com.br\/?p=22340"},"modified":"2019-07-25T16:22:57","modified_gmt":"2019-07-25T19:22:57","slug":"iluminacao-em-cor-rosa-da-fachada-do-predio-do-unisalesiano-e-inaugurada-com-grande-acao-para-prevencao-do-cancer-de-mama-2","status":"publish","type":"post","link":"https:\/\/unisalesiano.com.br\/aracatuba\/iluminacao-em-cor-rosa-da-fachada-do-predio-do-unisalesiano-e-inaugurada-com-grande-acao-para-prevencao-do-cancer-de-mama-2\/","title":{"rendered":"Ilumina\u00e7\u00e3o em cor rosa da fachada do pr\u00e9dio do  UniSALESIANO \u00e9 inaugurada com grande a\u00e7\u00e3o  para preven\u00e7\u00e3o do c\u00e2ncer de mama"},"content":{"rendered":"<p align=\"justify\">A fachada do pr\u00e9dio de quatro andares do <strong>Centro Universit\u00e1rio UniSalesiano de Ara\u00e7atuba<\/strong>\u00a0ficou<strong>\u00a0inteiramente iluminada<\/strong>\u00a0pela cor rosa na noite de quinta-feira (02\/10), no lan\u00e7amento da campanha\u00a0<strong>\u201cOutubro Rosa\u201d<\/strong>, que tem como objetivo chamar a aten\u00e7\u00e3o para o<strong>combate ao c\u00e2ncer de mama<\/strong>\u00a0e a import\u00e2ncia do\u00a0<strong>diagn\u00f3stico precoce<\/strong>. A fachada permanecer\u00e1 iluminada durante\u00a0<strong>15 dias<\/strong>\u00a0em ades\u00e3o ao movimento mundial que acontece no m\u00eas de outubro.<\/p>\n<p align=\"justify\">V\u00e1rios \u00f3rg\u00e3os de <strong>imprensa de Ara\u00e7atuba<\/strong>\u00a0&#8211; r\u00e1dios, jornais e televis\u00e3o &#8211; acompanharam o\u00a0<strong>lan\u00e7amento da campanha<\/strong>, que teve a presen\u00e7a do<strong>\u00a0Diretor Geral do UniSALESIANO, Pe. Luigi Favero<\/strong>. Alunos de diversos cursos, vestidos com a cor rosa, distribu\u00edram para os demais colegas o la\u00e7o rosa \u2013 que simboliza mundialmente a luta contra o c\u00e2ncer de mama \u2013\u00a0<strong>al\u00e9m de folderes explicativos. Os coordenadores de cursos tamb\u00e9m visitaram as salas de aula para explicar a import\u00e2ncia da campanha e a preven\u00e7\u00e3o do c\u00e2ncer de mama<\/strong>. A a\u00e7\u00e3o do UniSALESIANO de Ara\u00e7atuba envolve as todos os 30 cursos superiores oferecidos pela institui\u00e7\u00e3o.<\/p>\n<p align=\"justify\">Para o Diretor Geral do UniSALESIANO de Ara\u00e7atuba, Pe. Luigi Favero, a ades\u00e3o \u00e0 campanha mundial \u00e9 de grande import\u00e2ncia: \u201cAs estat\u00edsticas indicam o aumento dessa doen\u00e7a entre as mulheres \u2013 e at\u00e9 homens \u2013 em todo o mundo. E n\u00e3o importa se a na\u00e7\u00e3o \u00e9 desenvolvida ou ainda est\u00e1 em desenvolvimento. O importante \u00e9 o<strong>\u00a0diagn\u00f3stico precoce<\/strong>, que pode\u00a0<strong>salvar as pessoas<\/strong>\u201d.<\/p>\n<p align=\"justify\">O movimento popular conhecido como \u201cOutubro Rosa\u201d mobiliza milh\u00f5es de pessoas em todo o mundo neste m\u00eas. A ilumina\u00e7\u00e3o de pr\u00e9dios e monumentos em tom rosa ajuda a divulgar de forma bonita e visual, uma campanha que pode ser compreendida em qualquer lugar do mundo.<\/p>\n<p align=\"justify\"><strong>O c\u00e2ncer de Mama<\/strong><\/p>\n<p align=\"justify\">O c\u00e2ncer de mama \u00e9 o mais incidente na popula\u00e7\u00e3o feminina mundial e brasileira, excetuando-se os casos de c\u00e2ncer de pele n\u00e3o melanoma. Ele \u00e9 a primeira causa de mortes frequentes por c\u00e2ncer em mulheres, segundo Organiza\u00e7\u00e3o Mundial da Sa\u00fade.<\/p>\n<p align=\"justify\">No Brasil, as taxas de mortalidade por c\u00e2ncer de mama continuam elevadas, muito provavelmente porque a doen\u00e7a ainda \u00e9 diagnosticada em est\u00e1dios avan\u00e7ados. Na popula\u00e7\u00e3o mundial, a sobrevida m\u00e9dia ap\u00f3s cinco anos \u00e9 de 61%.<\/p>\n<p align=\"justify\">Esse tipo de c\u00e2ncer \u00e9 uma doen\u00e7a causada pela multiplica\u00e7\u00e3o anormal das c\u00e9lulas da mama, que forma um tumor maligno. Quando descoberto no in\u00edcio, o c\u00e2ncer de mama tem cura. \u00c9 o c\u00e2ncer mais temido pelas mulheres, pois al\u00e9m da alta frequ\u00eancia da doen\u00e7a, os efeitos psicol\u00f3gicos em rela\u00e7\u00e3o \u00e0 sexualidade e \u00e0 imagem pessoal tamb\u00e9m s\u00e3o pontos que afetam.<\/p>\n<p align=\"justify\"><strong>Outubro Rosa<\/strong><\/p>\n<p align=\"justify\">O m\u00eas de outubro \u00e9 conhecido como Outubro Rosa e \u00e9 marcado por a\u00e7\u00f5es do de diversos \u00f3rg\u00e3os e entidades que intensificam os esfor\u00e7os pela detec\u00e7\u00e3o precoce do c\u00e2ncer de mama. S\u00e3o 31 dias dedicados a reflex\u00f5es e a\u00e7\u00f5es sobre o tema, mostra os avan\u00e7os j\u00e1 conquistados e tamb\u00e9m o desafio para vencer o c\u00e2ncer que atinge um grande n\u00famero de brasileiras por ano.<\/p>\n<p align=\"justify\">O Outubro Rosa foi criado no in\u00edcio da d\u00e9cada de 90, mesma \u00e9poca em que o s\u00edmbolo da preven\u00e7\u00e3o ao c\u00e2ncer de mama, o la\u00e7o cor-de-rosa, foi lan\u00e7ado pela Funda\u00e7\u00e3o Susan G. Komen for the Cure e distribu\u00eddo aos participantes da primeira Corrida pela Cura, realizada em Nova York (EUA) e, desde ent\u00e3o, promovido anualmente em diversos pa\u00edses.<\/p>\n<p align=\"justify\">No Brasil, a primeira iniciativa em rela\u00e7\u00e3o ao Outubro Rosa ocorreu em dois de outubro de 2002, com a ilumina\u00e7\u00e3o cor-de-rosa do Obelisco do Ibirapuera, em S\u00e3o Paulo.<\/p>\n","protected":false},"excerpt":{"rendered":"<p>A fachada do pr\u00e9dio de quatro andares do Centro Universit\u00e1rio UniSalesiano de Ara\u00e7atuba\u00a0ficou\u00a0inteiramente iluminada\u00a0pela cor rosa na noite de quinta-feira (02\/10), no lan\u00e7amento da campanha\u00a0\u201cOutubro Rosa\u201d, que tem como objetivo chamar a aten\u00e7\u00e3o para ocombate ao c\u00e2ncer de mama\u00a0e a import\u00e2ncia do\u00a0diagn\u00f3stico precoce. A fachada permanecer\u00e1 iluminada durante\u00a015 dias\u00a0em ades\u00e3o ao movimento mundial que acontece [&hellip;]<\/p>\n","protected":false},"author":1,"featured_media":22341,"comment_status":"open","ping_status":"open","sticky":false,"template":"","format":"standard","meta":{"footnotes":""},"categories":[11],"tags":[158,945,157,16],"class_list":["post-22340","post","type-post","status-publish","format-standard","has-post-thumbnail","hentry","category-institucional","tag-cancer-de-mama","tag-fachada-rosa","tag-outubro-rosa","tag-unisalesiano"],"yoast_head":"<!-- This site is optimized with the Yoast SEO plugin v17.4 - https:\/\/yoast.com\/wordpress\/plugins\/seo\/ -->\n<title>Ilumina\u00e7\u00e3o em cor rosa da fachada do pr\u00e9dio do UniSALESIANO \u00e9 inaugurada com grande a\u00e7\u00e3o para preven\u00e7\u00e3o do c\u00e2ncer de mama - UniSALESIANO Ara\u00e7atuba\/SP<\/title>\n<meta name=\"robots\" content=\"index, follow, max-snippet:-1, max-image-preview:large, max-video-preview:-1\" \/>\n<link rel=\"canonical\" href=\"https:\/\/unisalesiano.com.br\/aracatuba\/iluminacao-em-cor-rosa-da-fachada-do-predio-do-unisalesiano-e-inaugurada-com-grande-acao-para-prevencao-do-cancer-de-mama-2\/\" \/>\n<meta property=\"og:locale\" content=\"pt_BR\" \/>\n<meta property=\"og:type\" content=\"article\" \/>\n<meta property=\"og:title\" content=\"Ilumina\u00e7\u00e3o em cor rosa da fachada do pr\u00e9dio do UniSALESIANO \u00e9 inaugurada com grande a\u00e7\u00e3o para preven\u00e7\u00e3o do c\u00e2ncer de mama - UniSALESIANO Ara\u00e7atuba\/SP\" \/>\n<meta property=\"og:description\" content=\"A fachada do pr\u00e9dio de quatro andares do Centro Universit\u00e1rio UniSalesiano de Ara\u00e7atuba\u00a0ficou\u00a0inteiramente iluminada\u00a0pela cor rosa na noite de quinta-feira (02\/10), no lan\u00e7amento da campanha\u00a0\u201cOutubro Rosa\u201d, que tem como objetivo chamar a aten\u00e7\u00e3o para ocombate ao c\u00e2ncer de mama\u00a0e a import\u00e2ncia do\u00a0diagn\u00f3stico precoce. A fachada permanecer\u00e1 iluminada durante\u00a015 dias\u00a0em ades\u00e3o ao movimento mundial que acontece [&hellip;]\" \/>\n<meta property=\"og:url\" content=\"https:\/\/unisalesiano.com.br\/aracatuba\/iluminacao-em-cor-rosa-da-fachada-do-predio-do-unisalesiano-e-inaugurada-com-grande-acao-para-prevencao-do-cancer-de-mama-2\/\" \/>\n<meta property=\"og:site_name\" content=\"UniSALESIANO Ara\u00e7atuba\/SP\" \/>\n<meta property=\"article:published_time\" content=\"2014-10-03T19:20:44+00:00\" \/>\n<meta property=\"article:modified_time\" content=\"2019-07-25T19:22:57+00:00\" \/>\n<meta property=\"og:image\" content=\"https:\/\/unisalesiano.com.br\/aracatuba\/wp-content\/uploads\/2019\/07\/01-68.jpg\" \/>\n\t<meta property=\"og:image:width\" content=\"480\" \/>\n\t<meta property=\"og:image:height\" content=\"320\" \/>\n<meta name=\"twitter:card\" content=\"summary_large_image\" \/>\n<meta name=\"twitter:label1\" content=\"Escrito por\" \/>\n\t<meta name=\"twitter:data1\" content=\"admin\" \/>\n\t<meta name=\"twitter:label2\" content=\"Est. tempo de leitura\" \/>\n\t<meta name=\"twitter:data2\" content=\"3 minutos\" \/>\n<script type=\"application\/ld+json\" class=\"yoast-schema-graph\">{\"@context\":\"https:\/\/schema.org\",\"@graph\":[{\"@type\":\"WebSite\",\"@id\":\"https:\/\/unisalesiano.com.br\/aracatuba\/#website\",\"url\":\"https:\/\/unisalesiano.com.br\/aracatuba\/\",\"name\":\"UniSALESIANO Ara\\u00e7atuba\/SP\",\"description\":\"Centro Universit\\u00e1rio Cat\\u00f3lico Salesiano Auxilium\",\"potentialAction\":[{\"@type\":\"SearchAction\",\"target\":{\"@type\":\"EntryPoint\",\"urlTemplate\":\"https:\/\/unisalesiano.com.br\/aracatuba\/?s={search_term_string}\"},\"query-input\":\"required name=search_term_string\"}],\"inLanguage\":\"pt-BR\"},{\"@type\":\"ImageObject\",\"@id\":\"https:\/\/unisalesiano.com.br\/aracatuba\/iluminacao-em-cor-rosa-da-fachada-do-predio-do-unisalesiano-e-inaugurada-com-grande-acao-para-prevencao-do-cancer-de-mama-2\/#primaryimage\",\"inLanguage\":\"pt-BR\",\"url\":\"https:\/\/unisalesiano.com.br\/aracatuba\/wp-content\/uploads\/2019\/07\/01-68.jpg\",\"contentUrl\":\"https:\/\/unisalesiano.com.br\/aracatuba\/wp-content\/uploads\/2019\/07\/01-68.jpg\",\"width\":480,\"height\":320},{\"@type\":\"WebPage\",\"@id\":\"https:\/\/unisalesiano.com.br\/aracatuba\/iluminacao-em-cor-rosa-da-fachada-do-predio-do-unisalesiano-e-inaugurada-com-grande-acao-para-prevencao-do-cancer-de-mama-2\/#webpage\",\"url\":\"https:\/\/unisalesiano.com.br\/aracatuba\/iluminacao-em-cor-rosa-da-fachada-do-predio-do-unisalesiano-e-inaugurada-com-grande-acao-para-prevencao-do-cancer-de-mama-2\/\",\"name\":\"Ilumina\\u00e7\\u00e3o em cor rosa da fachada do pr\\u00e9dio do UniSALESIANO \\u00e9 inaugurada com grande a\\u00e7\\u00e3o para preven\\u00e7\\u00e3o do c\\u00e2ncer de mama - UniSALESIANO Ara\\u00e7atuba\/SP\",\"isPartOf\":{\"@id\":\"https:\/\/unisalesiano.com.br\/aracatuba\/#website\"},\"primaryImageOfPage\":{\"@id\":\"https:\/\/unisalesiano.com.br\/aracatuba\/iluminacao-em-cor-rosa-da-fachada-do-predio-do-unisalesiano-e-inaugurada-com-grande-acao-para-prevencao-do-cancer-de-mama-2\/#primaryimage\"},\"datePublished\":\"2014-10-03T19:20:44+00:00\",\"dateModified\":\"2019-07-25T19:22:57+00:00\",\"author\":{\"@id\":\"https:\/\/unisalesiano.com.br\/aracatuba\/#\/schema\/person\/afb1b2331f463570beda616f4cc14cc9\"},\"breadcrumb\":{\"@id\":\"https:\/\/unisalesiano.com.br\/aracatuba\/iluminacao-em-cor-rosa-da-fachada-do-predio-do-unisalesiano-e-inaugurada-com-grande-acao-para-prevencao-do-cancer-de-mama-2\/#breadcrumb\"},\"inLanguage\":\"pt-BR\",\"potentialAction\":[{\"@type\":\"ReadAction\",\"target\":[\"https:\/\/unisalesiano.com.br\/aracatuba\/iluminacao-em-cor-rosa-da-fachada-do-predio-do-unisalesiano-e-inaugurada-com-grande-acao-para-prevencao-do-cancer-de-mama-2\/\"]}]},{\"@type\":\"BreadcrumbList\",\"@id\":\"https:\/\/unisalesiano.com.br\/aracatuba\/iluminacao-em-cor-rosa-da-fachada-do-predio-do-unisalesiano-e-inaugurada-com-grande-acao-para-prevencao-do-cancer-de-mama-2\/#breadcrumb\",\"itemListElement\":[{\"@type\":\"ListItem\",\"position\":1,\"name\":\"In\\u00edcio\",\"item\":\"https:\/\/unisalesiano.com.br\/aracatuba\/\"},{\"@type\":\"ListItem\",\"position\":2,\"name\":\"Ilumina\\u00e7\\u00e3o em cor rosa da fachada do pr\\u00e9dio do UniSALESIANO \\u00e9 inaugurada com grande a\\u00e7\\u00e3o para preven\\u00e7\\u00e3o do c\\u00e2ncer de mama\"}]},{\"@type\":\"Person\",\"@id\":\"https:\/\/unisalesiano.com.br\/aracatuba\/#\/schema\/person\/afb1b2331f463570beda616f4cc14cc9\",\"name\":\"admin\",\"image\":{\"@type\":\"ImageObject\",\"@id\":\"https:\/\/unisalesiano.com.br\/aracatuba\/#personlogo\",\"inLanguage\":\"pt-BR\",\"url\":\"https:\/\/secure.gravatar.com\/avatar\/dfc5c63987fa9f19b5c366e55740b2a0ffac4aab41ba55c1bd96dbb85eb3a8ca?s=96&d=mm&r=g\",\"contentUrl\":\"https:\/\/secure.gravatar.com\/avatar\/dfc5c63987fa9f19b5c366e55740b2a0ffac4aab41ba55c1bd96dbb85eb3a8ca?s=96&d=mm&r=g\",\"caption\":\"admin\"},\"url\":\"https:\/\/unisalesiano.com.br\/aracatuba\/author\/admin\/\"}]}<\/script>\n<!-- \/ Yoast SEO plugin. -->","yoast_head_json":{"title":"Ilumina\u00e7\u00e3o em cor rosa da fachada do pr\u00e9dio do UniSALESIANO \u00e9 inaugurada com grande a\u00e7\u00e3o para preven\u00e7\u00e3o do c\u00e2ncer de mama - UniSALESIANO Ara\u00e7atuba\/SP","robots":{"index":"index","follow":"follow","max-snippet":"max-snippet:-1","max-image-preview":"max-image-preview:large","max-video-preview":"max-video-preview:-1"},"canonical":"https:\/\/unisalesiano.com.br\/aracatuba\/iluminacao-em-cor-rosa-da-fachada-do-predio-do-unisalesiano-e-inaugurada-com-grande-acao-para-prevencao-do-cancer-de-mama-2\/","og_locale":"pt_BR","og_type":"article","og_title":"Ilumina\u00e7\u00e3o em cor rosa da fachada do pr\u00e9dio do UniSALESIANO \u00e9 inaugurada com grande a\u00e7\u00e3o para preven\u00e7\u00e3o do c\u00e2ncer de mama - UniSALESIANO Ara\u00e7atuba\/SP","og_description":"A fachada do pr\u00e9dio de quatro andares do Centro Universit\u00e1rio UniSalesiano de Ara\u00e7atuba\u00a0ficou\u00a0inteiramente iluminada\u00a0pela cor rosa na noite de quinta-feira (02\/10), no lan\u00e7amento da campanha\u00a0\u201cOutubro Rosa\u201d, que tem como objetivo chamar a aten\u00e7\u00e3o para ocombate ao c\u00e2ncer de mama\u00a0e a import\u00e2ncia do\u00a0diagn\u00f3stico precoce. A fachada permanecer\u00e1 iluminada durante\u00a015 dias\u00a0em ades\u00e3o ao movimento mundial que acontece [&hellip;]","og_url":"https:\/\/unisalesiano.com.br\/aracatuba\/iluminacao-em-cor-rosa-da-fachada-do-predio-do-unisalesiano-e-inaugurada-com-grande-acao-para-prevencao-do-cancer-de-mama-2\/","og_site_name":"UniSALESIANO Ara\u00e7atuba\/SP","article_published_time":"2014-10-03T19:20:44+00:00","article_modified_time":"2019-07-25T19:22:57+00:00","og_image":[{"width":480,"height":320,"url":"https:\/\/unisalesiano.com.br\/aracatuba\/wp-content\/uploads\/2019\/07\/01-68.jpg","type":"image\/jpeg"}],"twitter_card":"summary_large_image","twitter_misc":{"Escrito por":"admin","Est. tempo de leitura":"3 minutos"},"schema":{"@context":"https:\/\/schema.org","@graph":[{"@type":"WebSite","@id":"https:\/\/unisalesiano.com.br\/aracatuba\/#website","url":"https:\/\/unisalesiano.com.br\/aracatuba\/","name":"UniSALESIANO Ara\u00e7atuba\/SP","description":"Centro Universit\u00e1rio Cat\u00f3lico Salesiano Auxilium","potentialAction":[{"@type":"SearchAction","target":{"@type":"EntryPoint","urlTemplate":"https:\/\/unisalesiano.com.br\/aracatuba\/?s={search_term_string}"},"query-input":"required name=search_term_string"}],"inLanguage":"pt-BR"},{"@type":"ImageObject","@id":"https:\/\/unisalesiano.com.br\/aracatuba\/iluminacao-em-cor-rosa-da-fachada-do-predio-do-unisalesiano-e-inaugurada-com-grande-acao-para-prevencao-do-cancer-de-mama-2\/#primaryimage","inLanguage":"pt-BR","url":"https:\/\/unisalesiano.com.br\/aracatuba\/wp-content\/uploads\/2019\/07\/01-68.jpg","contentUrl":"https:\/\/unisalesiano.com.br\/aracatuba\/wp-content\/uploads\/2019\/07\/01-68.jpg","width":480,"height":320},{"@type":"WebPage","@id":"https:\/\/unisalesiano.com.br\/aracatuba\/iluminacao-em-cor-rosa-da-fachada-do-predio-do-unisalesiano-e-inaugurada-com-grande-acao-para-prevencao-do-cancer-de-mama-2\/#webpage","url":"https:\/\/unisalesiano.com.br\/aracatuba\/iluminacao-em-cor-rosa-da-fachada-do-predio-do-unisalesiano-e-inaugurada-com-grande-acao-para-prevencao-do-cancer-de-mama-2\/","name":"Ilumina\u00e7\u00e3o em cor rosa da fachada do pr\u00e9dio do UniSALESIANO \u00e9 inaugurada com grande a\u00e7\u00e3o para preven\u00e7\u00e3o do c\u00e2ncer de mama - UniSALESIANO Ara\u00e7atuba\/SP","isPartOf":{"@id":"https:\/\/unisalesiano.com.br\/aracatuba\/#website"},"primaryImageOfPage":{"@id":"https:\/\/unisalesiano.com.br\/aracatuba\/iluminacao-em-cor-rosa-da-fachada-do-predio-do-unisalesiano-e-inaugurada-com-grande-acao-para-prevencao-do-cancer-de-mama-2\/#primaryimage"},"datePublished":"2014-10-03T19:20:44+00:00","dateModified":"2019-07-25T19:22:57+00:00","author":{"@id":"https:\/\/unisalesiano.com.br\/aracatuba\/#\/schema\/person\/afb1b2331f463570beda616f4cc14cc9"},"breadcrumb":{"@id":"https:\/\/unisalesiano.com.br\/aracatuba\/iluminacao-em-cor-rosa-da-fachada-do-predio-do-unisalesiano-e-inaugurada-com-grande-acao-para-prevencao-do-cancer-de-mama-2\/#breadcrumb"},"inLanguage":"pt-BR","potentialAction":[{"@type":"ReadAction","target":["https:\/\/unisalesiano.com.br\/aracatuba\/iluminacao-em-cor-rosa-da-fachada-do-predio-do-unisalesiano-e-inaugurada-com-grande-acao-para-prevencao-do-cancer-de-mama-2\/"]}]},{"@type":"BreadcrumbList","@id":"https:\/\/unisalesiano.com.br\/aracatuba\/iluminacao-em-cor-rosa-da-fachada-do-predio-do-unisalesiano-e-inaugurada-com-grande-acao-para-prevencao-do-cancer-de-mama-2\/#breadcrumb","itemListElement":[{"@type":"ListItem","position":1,"name":"In\u00edcio","item":"https:\/\/unisalesiano.com.br\/aracatuba\/"},{"@type":"ListItem","position":2,"name":"Ilumina\u00e7\u00e3o em cor rosa da fachada do pr\u00e9dio do UniSALESIANO \u00e9 inaugurada com grande a\u00e7\u00e3o para preven\u00e7\u00e3o do c\u00e2ncer de mama"}]},{"@type":"Person","@id":"https:\/\/unisalesiano.com.br\/aracatuba\/#\/schema\/person\/afb1b2331f463570beda616f4cc14cc9","name":"admin","image":{"@type":"ImageObject","@id":"https:\/\/unisalesiano.com.br\/aracatuba\/#personlogo","inLanguage":"pt-BR","url":"https:\/\/secure.gravatar.com\/avatar\/dfc5c63987fa9f19b5c366e55740b2a0ffac4aab41ba55c1bd96dbb85eb3a8ca?s=96&d=mm&r=g","contentUrl":"https:\/\/secure.gravatar.com\/avatar\/dfc5c63987fa9f19b5c366e55740b2a0ffac4aab41ba55c1bd96dbb85eb3a8ca?s=96&d=mm&r=g","caption":"admin"},"url":"https:\/\/unisalesiano.com.br\/aracatuba\/author\/admin\/"}]}},"_links":{"self":[{"href":"https:\/\/unisalesiano.com.br\/aracatuba\/wp-json\/wp\/v2\/posts\/22340","targetHints":{"allow":["GET"]}}],"collection":[{"href":"https:\/\/unisalesiano.com.br\/aracatuba\/wp-json\/wp\/v2\/posts"}],"about":[{"href":"https:\/\/unisalesiano.com.br\/aracatuba\/wp-json\/wp\/v2\/types\/post"}],"author":[{"embeddable":true,"href":"https:\/\/unisalesiano.com.br\/aracatuba\/wp-json\/wp\/v2\/users\/1"}],"replies":[{"embeddable":true,"href":"https:\/\/unisalesiano.com.br\/aracatuba\/wp-json\/wp\/v2\/comments?post=22340"}],"version-history":[{"count":0,"href":"https:\/\/unisalesiano.com.br\/aracatuba\/wp-json\/wp\/v2\/posts\/22340\/revisions"}],"wp:featuredmedia":[{"embeddable":true,"href":"https:\/\/unisalesiano.com.br\/aracatuba\/wp-json\/wp\/v2\/media\/22341"}],"wp:attachment":[{"href":"https:\/\/unisalesiano.com.br\/aracatuba\/wp-json\/wp\/v2\/media?parent=22340"}],"wp:term":[{"taxonomy":"category","embeddable":true,"href":"https:\/\/unisalesiano.com.br\/aracatuba\/wp-json\/wp\/v2\/categories?post=22340"},{"taxonomy":"post_tag","embeddable":true,"href":"https:\/\/unisalesiano.com.br\/aracatuba\/wp-json\/wp\/v2\/tags?post=22340"}],"curies":[{"name":"wp","href":"https:\/\/api.w.org\/{rel}","templated":true}]}}