{"id":1822,"date":"2017-04-12T08:34:44","date_gmt":"2017-04-12T11:34:44","guid":{"rendered":"https:\/\/unisalesiano.com.br\/?p=1822"},"modified":"2019-08-20T14:58:52","modified_gmt":"2019-08-20T17:58:52","slug":"vigilia-da-misericordia-atrai-300-jovens-no-unisalesiano","status":"publish","type":"post","link":"https:\/\/unisalesiano.com.br\/aracatuba\/vigilia-da-misericordia-atrai-300-jovens-no-unisalesiano\/","title":{"rendered":"Vig\u00edlia da Miseric\u00f3rdia atrai 300 jovens no UniSALESIANO"},"content":{"rendered":"<p>A <strong>1\u00aa Vig\u00edlia da Miseric\u00f3rdia<\/strong>, realizada pela <strong>Pastoral Universit\u00e1ria<\/strong>, atraiu aproximadamente 300 jovens na noite de s\u00e1bado, dia 08\/04. O pr\u00f3-reitor da Pastoral, <strong>Pe. Ademir Oliveira<\/strong>, disse ter ficado surpreso com a ades\u00e3o universit\u00e1ria no evento.<\/p>\n<p><strong>\u201cResolvi trazer a Vig\u00edlia para Ara\u00e7atuba porque os jovens t\u00eam sede de momentos como esse, espiritualizado, cheio de emo\u00e7\u00e3o e reflex\u00e3o\u201d<\/strong>, definiu Pe. Ademir.<\/p>\n<p>O evento come\u00e7ou \u00e0s 19h, no audit\u00f3rio Papa Francisco. A primeira parte consistiu no Taize, que \u00e9 uma ora\u00e7\u00e3o origin\u00e1ria da Fran\u00e7a, em que muitos jovens se re\u00fanem com o foco na medita\u00e7\u00e3o, no sil\u00eancio e no canto de mantras.<\/p>\n<p><strong>\u201cTodo ambiente foi preparado com tendas iluminadas, que favorecem a ora\u00e7\u00e3o, com ajuda do curso de Arquitetura, da professora Ariadne Bruno, junto com a Pastoral Universit\u00e1ria\u201d,<\/strong> explicou.<\/p>\n<p>O segundo momento foi definido como o lectio divina &#8211; que \u00e9 a pr\u00e1tica de ora\u00e7\u00e3o e leitura das Escrituras. Foi conduzida pelo <strong>chanceler do UniSALESIANO, Pe. Gild\u00e1sio Mendes. \u201cFoi feita uma reflex\u00e3o do texto b\u00edblico sobre a hist\u00f3ria do cego Bartimeu\u201d,<\/strong> disse.<\/p>\n<p>Por fim, foi realizada a via crucis <strong>\u201cSeguindo os Passos de Jesus\u201d,<\/strong> pelos jovens nos jardins da universidade, com cantos e encena\u00e7\u00f5es da vida de Cristo. <strong>\u201cLembramos as quatro passagens da vida de Cristo, preparadas pelos jovens. O encerramento se deu pela Adora\u00e7\u00e3o ao Sant\u00edssimo, foi um dos momentos mais fortes da Vig\u00edlia, de muita emo\u00e7\u00e3o\u201d,<\/strong> comentou Pe. Ademir, ao citar que o evento foi realizado com o apoio e participa\u00e7\u00e3o dos coordenadores, professores e o reitor do UniSALESIANO, <strong>Pe. Luigi Favero<\/strong>.<\/p>\n<p><strong>\u201cEssa foi a primeira de muitas Vig\u00edlias que acontecer\u00e3o no UniSALESIANO, sempre durante a prepara\u00e7\u00e3o da Semana Santa, envolvendo os jovens\u201d,<\/strong> concluiu.<\/p>\n<p><img loading=\"lazy\" decoding=\"async\" class=\"size-full wp-image-1824 aligncenter\" src=\"https:\/\/unisalesiano.com.br\/wp-content\/uploads\/2018\/06\/2017-04-12-1961-Vig\u00edlia-da-Miseric\u00f3rdia-atrai-300-jovens-no-UniSALESIANO-02.jpg\" alt=\"\" width=\"480\" height=\"320\" srcset=\"https:\/\/unisalesiano.com.br\/aracatuba\/wp-content\/uploads\/2018\/06\/2017-04-12-1961-Vig\u00edlia-da-Miseric\u00f3rdia-atrai-300-jovens-no-UniSALESIANO-02.jpg 480w, https:\/\/unisalesiano.com.br\/aracatuba\/wp-content\/uploads\/2018\/06\/2017-04-12-1961-Vig\u00edlia-da-Miseric\u00f3rdia-atrai-300-jovens-no-UniSALESIANO-02-300x200.jpg 300w\" sizes=\"auto, (max-width: 480px) 100vw, 480px\" \/><\/p>\n<p><img loading=\"lazy\" decoding=\"async\" class=\"size-full wp-image-1825 aligncenter\" src=\"https:\/\/unisalesiano.com.br\/wp-content\/uploads\/2018\/06\/2017-04-12-1961-Vig\u00edlia-da-Miseric\u00f3rdia-atrai-300-jovens-no-UniSALESIANO-03.jpg\" alt=\"\" width=\"480\" height=\"320\" srcset=\"https:\/\/unisalesiano.com.br\/aracatuba\/wp-content\/uploads\/2018\/06\/2017-04-12-1961-Vig\u00edlia-da-Miseric\u00f3rdia-atrai-300-jovens-no-UniSALESIANO-03.jpg 480w, https:\/\/unisalesiano.com.br\/aracatuba\/wp-content\/uploads\/2018\/06\/2017-04-12-1961-Vig\u00edlia-da-Miseric\u00f3rdia-atrai-300-jovens-no-UniSALESIANO-03-300x200.jpg 300w\" sizes=\"auto, (max-width: 480px) 100vw, 480px\" \/><\/p>\n<p><img loading=\"lazy\" decoding=\"async\" class=\"size-full wp-image-1826 aligncenter\" src=\"https:\/\/unisalesiano.com.br\/wp-content\/uploads\/2018\/06\/2017-04-12-1961-Vig\u00edlia-da-Miseric\u00f3rdia-atrai-300-jovens-no-UniSALESIANO-04.jpg\" alt=\"\" width=\"480\" height=\"320\" srcset=\"https:\/\/unisalesiano.com.br\/aracatuba\/wp-content\/uploads\/2018\/06\/2017-04-12-1961-Vig\u00edlia-da-Miseric\u00f3rdia-atrai-300-jovens-no-UniSALESIANO-04.jpg 480w, https:\/\/unisalesiano.com.br\/aracatuba\/wp-content\/uploads\/2018\/06\/2017-04-12-1961-Vig\u00edlia-da-Miseric\u00f3rdia-atrai-300-jovens-no-UniSALESIANO-04-300x200.jpg 300w\" sizes=\"auto, (max-width: 480px) 100vw, 480px\" \/><\/p>\n<p><img loading=\"lazy\" decoding=\"async\" class=\"size-full wp-image-1827 aligncenter\" src=\"https:\/\/unisalesiano.com.br\/wp-content\/uploads\/2018\/06\/2017-04-12-1961-Vig\u00edlia-da-Miseric\u00f3rdia-atrai-300-jovens-no-UniSALESIANO-05.jpg\" alt=\"\" width=\"480\" height=\"320\" srcset=\"https:\/\/unisalesiano.com.br\/aracatuba\/wp-content\/uploads\/2018\/06\/2017-04-12-1961-Vig\u00edlia-da-Miseric\u00f3rdia-atrai-300-jovens-no-UniSALESIANO-05.jpg 480w, https:\/\/unisalesiano.com.br\/aracatuba\/wp-content\/uploads\/2018\/06\/2017-04-12-1961-Vig\u00edlia-da-Miseric\u00f3rdia-atrai-300-jovens-no-UniSALESIANO-05-300x200.jpg 300w\" sizes=\"auto, (max-width: 480px) 100vw, 480px\" \/><\/p>\n<p><img loading=\"lazy\" decoding=\"async\" class=\"size-full wp-image-1828 aligncenter\" src=\"https:\/\/unisalesiano.com.br\/wp-content\/uploads\/2018\/06\/2017-04-12-1961-Vig\u00edlia-da-Miseric\u00f3rdia-atrai-300-jovens-no-UniSALESIANO-06.jpg\" alt=\"\" width=\"480\" height=\"320\" srcset=\"https:\/\/unisalesiano.com.br\/aracatuba\/wp-content\/uploads\/2018\/06\/2017-04-12-1961-Vig\u00edlia-da-Miseric\u00f3rdia-atrai-300-jovens-no-UniSALESIANO-06.jpg 480w, https:\/\/unisalesiano.com.br\/aracatuba\/wp-content\/uploads\/2018\/06\/2017-04-12-1961-Vig\u00edlia-da-Miseric\u00f3rdia-atrai-300-jovens-no-UniSALESIANO-06-300x200.jpg 300w\" sizes=\"auto, (max-width: 480px) 100vw, 480px\" \/><\/p>\n","protected":false},"excerpt":{"rendered":"<p>A 1\u00aa Vig\u00edlia da Miseric\u00f3rdia, realizada pela Pastoral Universit\u00e1ria, atraiu aproximadamente 300 jovens na noite de s\u00e1bado, dia 08\/04. O pr\u00f3-reitor da Pastoral, Pe. Ademir Oliveira, disse ter ficado surpreso com a ades\u00e3o universit\u00e1ria no evento. \u201cResolvi trazer a Vig\u00edlia para Ara\u00e7atuba porque os jovens t\u00eam sede de momentos como esse, espiritualizado, cheio de emo\u00e7\u00e3o [&hellip;]<\/p>\n","protected":false},"author":7,"featured_media":1823,"comment_status":"open","ping_status":"open","sticky":false,"template":"","format":"standard","meta":{"footnotes":""},"categories":[10],"tags":[23],"class_list":["post-1822","post","type-post","status-publish","format-standard","has-post-thumbnail","hentry","category-pastoral","tag-pastoral"],"yoast_head":"<!-- This site is optimized with the Yoast SEO plugin v17.4 - https:\/\/yoast.com\/wordpress\/plugins\/seo\/ -->\n<title>Vig\u00edlia da Miseric\u00f3rdia atrai 300 jovens no UniSALESIANO - UniSALESIANO Ara\u00e7atuba\/SP<\/title>\n<meta name=\"robots\" content=\"index, follow, max-snippet:-1, max-image-preview:large, max-video-preview:-1\" \/>\n<link rel=\"canonical\" href=\"https:\/\/unisalesiano.com.br\/aracatuba\/vigilia-da-misericordia-atrai-300-jovens-no-unisalesiano\/\" \/>\n<meta property=\"og:locale\" content=\"pt_BR\" \/>\n<meta property=\"og:type\" content=\"article\" \/>\n<meta property=\"og:title\" content=\"Vig\u00edlia da Miseric\u00f3rdia atrai 300 jovens no UniSALESIANO - UniSALESIANO Ara\u00e7atuba\/SP\" \/>\n<meta property=\"og:description\" content=\"A 1\u00aa Vig\u00edlia da Miseric\u00f3rdia, realizada pela Pastoral Universit\u00e1ria, atraiu aproximadamente 300 jovens na noite de s\u00e1bado, dia 08\/04. O pr\u00f3-reitor da Pastoral, Pe. Ademir Oliveira, disse ter ficado surpreso com a ades\u00e3o universit\u00e1ria no evento. \u201cResolvi trazer a Vig\u00edlia para Ara\u00e7atuba porque os jovens t\u00eam sede de momentos como esse, espiritualizado, cheio de emo\u00e7\u00e3o [&hellip;]\" \/>\n<meta property=\"og:url\" content=\"https:\/\/unisalesiano.com.br\/aracatuba\/vigilia-da-misericordia-atrai-300-jovens-no-unisalesiano\/\" \/>\n<meta property=\"og:site_name\" content=\"UniSALESIANO Ara\u00e7atuba\/SP\" \/>\n<meta property=\"article:published_time\" content=\"2017-04-12T11:34:44+00:00\" \/>\n<meta property=\"article:modified_time\" content=\"2019-08-20T17:58:52+00:00\" \/>\n<meta property=\"og:image\" content=\"https:\/\/unisalesiano.com.br\/aracatuba\/wp-content\/uploads\/2018\/06\/2017-04-12-1961-Vig\u00edlia-da-Miseric\u00f3rdia-atrai-300-jovens-no-UniSALESIANO-01.jpg\" \/>\n\t<meta property=\"og:image:width\" content=\"480\" \/>\n\t<meta property=\"og:image:height\" content=\"320\" \/>\n<meta name=\"twitter:card\" content=\"summary_large_image\" \/>\n<meta name=\"twitter:label1\" content=\"Escrito por\" \/>\n\t<meta name=\"twitter:data1\" content=\"Rosiane Cerverizzo\" \/>\n\t<meta name=\"twitter:label2\" content=\"Est. tempo de leitura\" \/>\n\t<meta name=\"twitter:data2\" content=\"2 minutos\" \/>\n<script type=\"application\/ld+json\" class=\"yoast-schema-graph\">{\"@context\":\"https:\/\/schema.org\",\"@graph\":[{\"@type\":\"WebSite\",\"@id\":\"https:\/\/unisalesiano.com.br\/aracatuba\/#website\",\"url\":\"https:\/\/unisalesiano.com.br\/aracatuba\/\",\"name\":\"UniSALESIANO Ara\\u00e7atuba\/SP\",\"description\":\"Centro Universit\\u00e1rio Cat\\u00f3lico Salesiano Auxilium\",\"potentialAction\":[{\"@type\":\"SearchAction\",\"target\":{\"@type\":\"EntryPoint\",\"urlTemplate\":\"https:\/\/unisalesiano.com.br\/aracatuba\/?s={search_term_string}\"},\"query-input\":\"required name=search_term_string\"}],\"inLanguage\":\"pt-BR\"},{\"@type\":\"ImageObject\",\"@id\":\"https:\/\/unisalesiano.com.br\/aracatuba\/vigilia-da-misericordia-atrai-300-jovens-no-unisalesiano\/#primaryimage\",\"inLanguage\":\"pt-BR\",\"url\":\"https:\/\/unisalesiano.com.br\/aracatuba\/wp-content\/uploads\/2018\/06\/2017-04-12-1961-Vig\\u00edlia-da-Miseric\\u00f3rdia-atrai-300-jovens-no-UniSALESIANO-01.jpg\",\"contentUrl\":\"https:\/\/unisalesiano.com.br\/aracatuba\/wp-content\/uploads\/2018\/06\/2017-04-12-1961-Vig\\u00edlia-da-Miseric\\u00f3rdia-atrai-300-jovens-no-UniSALESIANO-01.jpg\",\"width\":480,\"height\":320},{\"@type\":\"WebPage\",\"@id\":\"https:\/\/unisalesiano.com.br\/aracatuba\/vigilia-da-misericordia-atrai-300-jovens-no-unisalesiano\/#webpage\",\"url\":\"https:\/\/unisalesiano.com.br\/aracatuba\/vigilia-da-misericordia-atrai-300-jovens-no-unisalesiano\/\",\"name\":\"Vig\\u00edlia da Miseric\\u00f3rdia atrai 300 jovens no UniSALESIANO - UniSALESIANO Ara\\u00e7atuba\/SP\",\"isPartOf\":{\"@id\":\"https:\/\/unisalesiano.com.br\/aracatuba\/#website\"},\"primaryImageOfPage\":{\"@id\":\"https:\/\/unisalesiano.com.br\/aracatuba\/vigilia-da-misericordia-atrai-300-jovens-no-unisalesiano\/#primaryimage\"},\"datePublished\":\"2017-04-12T11:34:44+00:00\",\"dateModified\":\"2019-08-20T17:58:52+00:00\",\"author\":{\"@id\":\"https:\/\/unisalesiano.com.br\/aracatuba\/#\/schema\/person\/9b0bb7fe2888d8c52a9981cc9f499850\"},\"breadcrumb\":{\"@id\":\"https:\/\/unisalesiano.com.br\/aracatuba\/vigilia-da-misericordia-atrai-300-jovens-no-unisalesiano\/#breadcrumb\"},\"inLanguage\":\"pt-BR\",\"potentialAction\":[{\"@type\":\"ReadAction\",\"target\":[\"https:\/\/unisalesiano.com.br\/aracatuba\/vigilia-da-misericordia-atrai-300-jovens-no-unisalesiano\/\"]}]},{\"@type\":\"BreadcrumbList\",\"@id\":\"https:\/\/unisalesiano.com.br\/aracatuba\/vigilia-da-misericordia-atrai-300-jovens-no-unisalesiano\/#breadcrumb\",\"itemListElement\":[{\"@type\":\"ListItem\",\"position\":1,\"name\":\"In\\u00edcio\",\"item\":\"https:\/\/unisalesiano.com.br\/aracatuba\/\"},{\"@type\":\"ListItem\",\"position\":2,\"name\":\"Vig\\u00edlia da Miseric\\u00f3rdia atrai 300 jovens no UniSALESIANO\"}]},{\"@type\":\"Person\",\"@id\":\"https:\/\/unisalesiano.com.br\/aracatuba\/#\/schema\/person\/9b0bb7fe2888d8c52a9981cc9f499850\",\"name\":\"Rosiane Cerverizzo\",\"image\":{\"@type\":\"ImageObject\",\"@id\":\"https:\/\/unisalesiano.com.br\/aracatuba\/#personlogo\",\"inLanguage\":\"pt-BR\",\"url\":\"https:\/\/secure.gravatar.com\/avatar\/435d6972275f45fcd8db34d02c275aea169714405f437e6532d04aa71ef9cbe2?s=96&d=mm&r=g\",\"contentUrl\":\"https:\/\/secure.gravatar.com\/avatar\/435d6972275f45fcd8db34d02c275aea169714405f437e6532d04aa71ef9cbe2?s=96&d=mm&r=g\",\"caption\":\"Rosiane Cerverizzo\"},\"url\":\"https:\/\/unisalesiano.com.br\/aracatuba\/author\/rosi\/\"}]}<\/script>\n<!-- \/ Yoast SEO plugin. -->","yoast_head_json":{"title":"Vig\u00edlia da Miseric\u00f3rdia atrai 300 jovens no UniSALESIANO - UniSALESIANO Ara\u00e7atuba\/SP","robots":{"index":"index","follow":"follow","max-snippet":"max-snippet:-1","max-image-preview":"max-image-preview:large","max-video-preview":"max-video-preview:-1"},"canonical":"https:\/\/unisalesiano.com.br\/aracatuba\/vigilia-da-misericordia-atrai-300-jovens-no-unisalesiano\/","og_locale":"pt_BR","og_type":"article","og_title":"Vig\u00edlia da Miseric\u00f3rdia atrai 300 jovens no UniSALESIANO - UniSALESIANO Ara\u00e7atuba\/SP","og_description":"A 1\u00aa Vig\u00edlia da Miseric\u00f3rdia, realizada pela Pastoral Universit\u00e1ria, atraiu aproximadamente 300 jovens na noite de s\u00e1bado, dia 08\/04. O pr\u00f3-reitor da Pastoral, Pe. Ademir Oliveira, disse ter ficado surpreso com a ades\u00e3o universit\u00e1ria no evento. \u201cResolvi trazer a Vig\u00edlia para Ara\u00e7atuba porque os jovens t\u00eam sede de momentos como esse, espiritualizado, cheio de emo\u00e7\u00e3o [&hellip;]","og_url":"https:\/\/unisalesiano.com.br\/aracatuba\/vigilia-da-misericordia-atrai-300-jovens-no-unisalesiano\/","og_site_name":"UniSALESIANO Ara\u00e7atuba\/SP","article_published_time":"2017-04-12T11:34:44+00:00","article_modified_time":"2019-08-20T17:58:52+00:00","og_image":[{"width":480,"height":320,"url":"https:\/\/unisalesiano.com.br\/aracatuba\/wp-content\/uploads\/2018\/06\/2017-04-12-1961-Vig\u00edlia-da-Miseric\u00f3rdia-atrai-300-jovens-no-UniSALESIANO-01.jpg","type":"image\/jpeg"}],"twitter_card":"summary_large_image","twitter_misc":{"Escrito por":"Rosiane Cerverizzo","Est. tempo de leitura":"2 minutos"},"schema":{"@context":"https:\/\/schema.org","@graph":[{"@type":"WebSite","@id":"https:\/\/unisalesiano.com.br\/aracatuba\/#website","url":"https:\/\/unisalesiano.com.br\/aracatuba\/","name":"UniSALESIANO Ara\u00e7atuba\/SP","description":"Centro Universit\u00e1rio Cat\u00f3lico Salesiano Auxilium","potentialAction":[{"@type":"SearchAction","target":{"@type":"EntryPoint","urlTemplate":"https:\/\/unisalesiano.com.br\/aracatuba\/?s={search_term_string}"},"query-input":"required name=search_term_string"}],"inLanguage":"pt-BR"},{"@type":"ImageObject","@id":"https:\/\/unisalesiano.com.br\/aracatuba\/vigilia-da-misericordia-atrai-300-jovens-no-unisalesiano\/#primaryimage","inLanguage":"pt-BR","url":"https:\/\/unisalesiano.com.br\/aracatuba\/wp-content\/uploads\/2018\/06\/2017-04-12-1961-Vig\u00edlia-da-Miseric\u00f3rdia-atrai-300-jovens-no-UniSALESIANO-01.jpg","contentUrl":"https:\/\/unisalesiano.com.br\/aracatuba\/wp-content\/uploads\/2018\/06\/2017-04-12-1961-Vig\u00edlia-da-Miseric\u00f3rdia-atrai-300-jovens-no-UniSALESIANO-01.jpg","width":480,"height":320},{"@type":"WebPage","@id":"https:\/\/unisalesiano.com.br\/aracatuba\/vigilia-da-misericordia-atrai-300-jovens-no-unisalesiano\/#webpage","url":"https:\/\/unisalesiano.com.br\/aracatuba\/vigilia-da-misericordia-atrai-300-jovens-no-unisalesiano\/","name":"Vig\u00edlia da Miseric\u00f3rdia atrai 300 jovens no UniSALESIANO - UniSALESIANO Ara\u00e7atuba\/SP","isPartOf":{"@id":"https:\/\/unisalesiano.com.br\/aracatuba\/#website"},"primaryImageOfPage":{"@id":"https:\/\/unisalesiano.com.br\/aracatuba\/vigilia-da-misericordia-atrai-300-jovens-no-unisalesiano\/#primaryimage"},"datePublished":"2017-04-12T11:34:44+00:00","dateModified":"2019-08-20T17:58:52+00:00","author":{"@id":"https:\/\/unisalesiano.com.br\/aracatuba\/#\/schema\/person\/9b0bb7fe2888d8c52a9981cc9f499850"},"breadcrumb":{"@id":"https:\/\/unisalesiano.com.br\/aracatuba\/vigilia-da-misericordia-atrai-300-jovens-no-unisalesiano\/#breadcrumb"},"inLanguage":"pt-BR","potentialAction":[{"@type":"ReadAction","target":["https:\/\/unisalesiano.com.br\/aracatuba\/vigilia-da-misericordia-atrai-300-jovens-no-unisalesiano\/"]}]},{"@type":"BreadcrumbList","@id":"https:\/\/unisalesiano.com.br\/aracatuba\/vigilia-da-misericordia-atrai-300-jovens-no-unisalesiano\/#breadcrumb","itemListElement":[{"@type":"ListItem","position":1,"name":"In\u00edcio","item":"https:\/\/unisalesiano.com.br\/aracatuba\/"},{"@type":"ListItem","position":2,"name":"Vig\u00edlia da Miseric\u00f3rdia atrai 300 jovens no UniSALESIANO"}]},{"@type":"Person","@id":"https:\/\/unisalesiano.com.br\/aracatuba\/#\/schema\/person\/9b0bb7fe2888d8c52a9981cc9f499850","name":"Rosiane Cerverizzo","image":{"@type":"ImageObject","@id":"https:\/\/unisalesiano.com.br\/aracatuba\/#personlogo","inLanguage":"pt-BR","url":"https:\/\/secure.gravatar.com\/avatar\/435d6972275f45fcd8db34d02c275aea169714405f437e6532d04aa71ef9cbe2?s=96&d=mm&r=g","contentUrl":"https:\/\/secure.gravatar.com\/avatar\/435d6972275f45fcd8db34d02c275aea169714405f437e6532d04aa71ef9cbe2?s=96&d=mm&r=g","caption":"Rosiane Cerverizzo"},"url":"https:\/\/unisalesiano.com.br\/aracatuba\/author\/rosi\/"}]}},"_links":{"self":[{"href":"https:\/\/unisalesiano.com.br\/aracatuba\/wp-json\/wp\/v2\/posts\/1822","targetHints":{"allow":["GET"]}}],"collection":[{"href":"https:\/\/unisalesiano.com.br\/aracatuba\/wp-json\/wp\/v2\/posts"}],"about":[{"href":"https:\/\/unisalesiano.com.br\/aracatuba\/wp-json\/wp\/v2\/types\/post"}],"author":[{"embeddable":true,"href":"https:\/\/unisalesiano.com.br\/aracatuba\/wp-json\/wp\/v2\/users\/7"}],"replies":[{"embeddable":true,"href":"https:\/\/unisalesiano.com.br\/aracatuba\/wp-json\/wp\/v2\/comments?post=1822"}],"version-history":[{"count":0,"href":"https:\/\/unisalesiano.com.br\/aracatuba\/wp-json\/wp\/v2\/posts\/1822\/revisions"}],"wp:featuredmedia":[{"embeddable":true,"href":"https:\/\/unisalesiano.com.br\/aracatuba\/wp-json\/wp\/v2\/media\/1823"}],"wp:attachment":[{"href":"https:\/\/unisalesiano.com.br\/aracatuba\/wp-json\/wp\/v2\/media?parent=1822"}],"wp:term":[{"taxonomy":"category","embeddable":true,"href":"https:\/\/unisalesiano.com.br\/aracatuba\/wp-json\/wp\/v2\/categories?post=1822"},{"taxonomy":"post_tag","embeddable":true,"href":"https:\/\/unisalesiano.com.br\/aracatuba\/wp-json\/wp\/v2\/tags?post=1822"}],"curies":[{"name":"wp","href":"https:\/\/api.w.org\/{rel}","templated":true}]}}