{"id":17028,"date":"2006-06-26T15:18:39","date_gmt":"2006-06-26T18:18:39","guid":{"rendered":"https:\/\/unisalesiano.com.br\/?p=17028"},"modified":"2019-06-27T15:29:16","modified_gmt":"2019-06-27T18:29:16","slug":"alunos-de-enfermagem-participam-do-evento-comemorativo-aos-60-anos-do-sesi-2","status":"publish","type":"post","link":"https:\/\/unisalesiano.com.br\/aracatuba\/alunos-de-enfermagem-participam-do-evento-comemorativo-aos-60-anos-do-sesi-2\/","title":{"rendered":"Alunos de Enfermagem participam do evento comemorativo aos 60 anos do SESI"},"content":{"rendered":"<p>Neste s\u00e1bado, dia 24 de junho, em comemora\u00e7\u00e3o aos 60 anos do SESI &#8211; Servi\u00e7o Social Industrial, foi realizado um dia de a\u00e7\u00f5es voltadas para a comunidade de Ara\u00e7atuba e regi\u00e3o, nas depend\u00eancias do SESI, com dan\u00e7as, m\u00fasicas, corte de cabelo e pr\u00e9-exames, entre outras atividades.<\/p>\n<p>O UniSALESIANO de Ara\u00e7atuba participou desse evento com a presen\u00e7a de alunos do curso de gradua\u00e7\u00e3o em enfermagem.<\/p>\n<p>O primeiro grupo contou com a presen\u00e7a de 20 alunos acompanhados de 5 docentes da Institui\u00e7\u00e3o, que realizaram aferi\u00e7\u00e3o de press\u00e3o arterial, inclusive distribuindo folhetos explicativos sobre o assunto e preven\u00e7\u00e3o da doen\u00e7a. Isso aconteceu em parceria com a Santa Casa Sa\u00fade de Ara\u00e7atuba. Esses alunos tamb\u00e9m realizaram teste de glicemia, o qual era feito instantaneamente, para orientar poss\u00edveis portadores de diabetes.<\/p>\n<p>O segundo grupo de alunos de enfermagem orientou a popula\u00e7\u00e3o infantil presente, no caso crian\u00e7as at\u00e9 12 anos, para os cuidados com a sa\u00fade ambiental, realizando assim um trabalho de conscientiza\u00e7\u00e3o da comunidade. Na oportunidade as crian\u00e7as est\u00e3o formando suas opini\u00f5es, podendo dessa forma levar suas conclus\u00f5es a seus familiares, criando assim uma corrente educativa que vai dos filhos para os pais.<\/p>\n<p>O terceiro grupo de alunos de enfermagem realizou, em parceria com o SEST\/SENAT de Ara\u00e7atuba, teste de acuidade visual para motoristas profissionais.<\/p>\n<p>O UniSALESIANO de Ara\u00e7atuba tende a colaborar com essas a\u00e7\u00f5es, n\u00e3o s\u00f3 visando ao enriquecimento das atividades pr\u00e1ticas de seus alunos, mas a uma colabora\u00e7\u00e3o social para o munic\u00edpio de Ara\u00e7atuba, trazendo acesso a informa\u00e7\u00f5es de grande utilidade, sejam elas na sa\u00fade ou no meio educacional.<\/p>\n","protected":false},"excerpt":{"rendered":"<p>Neste s\u00e1bado, dia 24 de junho, em comemora\u00e7\u00e3o aos 60 anos do SESI &#8211; Servi\u00e7o Social Industrial, foi realizado um dia de a\u00e7\u00f5es voltadas para a comunidade de Ara\u00e7atuba e regi\u00e3o, nas depend\u00eancias do SESI, com dan\u00e7as, m\u00fasicas, corte de cabelo e pr\u00e9-exames, entre outras atividades. O UniSALESIANO de Ara\u00e7atuba participou desse evento com a [&hellip;]<\/p>\n","protected":false},"author":1,"featured_media":17067,"comment_status":"open","ping_status":"open","sticky":false,"template":"","format":"standard","meta":{"footnotes":""},"categories":[5],"tags":[15,320],"class_list":["post-17028","post","type-post","status-publish","format-standard","has-post-thumbnail","hentry","category-saude","tag-enfermagem","tag-sesi"],"yoast_head":"<!-- This site is optimized with the Yoast SEO plugin v17.4 - https:\/\/yoast.com\/wordpress\/plugins\/seo\/ -->\n<title>Alunos de Enfermagem participam do evento comemorativo aos 60 anos do SESI - UniSALESIANO Ara\u00e7atuba\/SP<\/title>\n<meta name=\"robots\" content=\"index, follow, max-snippet:-1, max-image-preview:large, max-video-preview:-1\" \/>\n<link rel=\"canonical\" href=\"https:\/\/unisalesiano.com.br\/aracatuba\/alunos-de-enfermagem-participam-do-evento-comemorativo-aos-60-anos-do-sesi-2\/\" \/>\n<meta property=\"og:locale\" content=\"pt_BR\" \/>\n<meta property=\"og:type\" content=\"article\" \/>\n<meta property=\"og:title\" content=\"Alunos de Enfermagem participam do evento comemorativo aos 60 anos do SESI - UniSALESIANO Ara\u00e7atuba\/SP\" \/>\n<meta property=\"og:description\" content=\"Neste s\u00e1bado, dia 24 de junho, em comemora\u00e7\u00e3o aos 60 anos do SESI &#8211; Servi\u00e7o Social Industrial, foi realizado um dia de a\u00e7\u00f5es voltadas para a comunidade de Ara\u00e7atuba e regi\u00e3o, nas depend\u00eancias do SESI, com dan\u00e7as, m\u00fasicas, corte de cabelo e pr\u00e9-exames, entre outras atividades. O UniSALESIANO de Ara\u00e7atuba participou desse evento com a [&hellip;]\" \/>\n<meta property=\"og:url\" content=\"https:\/\/unisalesiano.com.br\/aracatuba\/alunos-de-enfermagem-participam-do-evento-comemorativo-aos-60-anos-do-sesi-2\/\" \/>\n<meta property=\"og:site_name\" content=\"UniSALESIANO Ara\u00e7atuba\/SP\" \/>\n<meta property=\"article:published_time\" content=\"2006-06-26T18:18:39+00:00\" \/>\n<meta property=\"article:modified_time\" content=\"2019-06-27T18:29:16+00:00\" \/>\n<meta property=\"og:image\" content=\"https:\/\/unisalesiano.com.br\/aracatuba\/wp-content\/uploads\/2019\/06\/fsfss-002_jpg.jpg\" \/>\n\t<meta property=\"og:image:width\" content=\"605\" \/>\n\t<meta property=\"og:image:height\" content=\"454\" \/>\n<meta name=\"twitter:card\" content=\"summary_large_image\" \/>\n<meta name=\"twitter:label1\" content=\"Escrito por\" \/>\n\t<meta name=\"twitter:data1\" content=\"admin\" \/>\n\t<meta name=\"twitter:label2\" content=\"Est. tempo de leitura\" \/>\n\t<meta name=\"twitter:data2\" content=\"1 minuto\" \/>\n<script type=\"application\/ld+json\" class=\"yoast-schema-graph\">{\"@context\":\"https:\/\/schema.org\",\"@graph\":[{\"@type\":\"WebSite\",\"@id\":\"https:\/\/unisalesiano.com.br\/aracatuba\/#website\",\"url\":\"https:\/\/unisalesiano.com.br\/aracatuba\/\",\"name\":\"UniSALESIANO Ara\\u00e7atuba\/SP\",\"description\":\"Centro Universit\\u00e1rio Cat\\u00f3lico Salesiano Auxilium\",\"potentialAction\":[{\"@type\":\"SearchAction\",\"target\":{\"@type\":\"EntryPoint\",\"urlTemplate\":\"https:\/\/unisalesiano.com.br\/aracatuba\/?s={search_term_string}\"},\"query-input\":\"required name=search_term_string\"}],\"inLanguage\":\"pt-BR\"},{\"@type\":\"ImageObject\",\"@id\":\"https:\/\/unisalesiano.com.br\/aracatuba\/alunos-de-enfermagem-participam-do-evento-comemorativo-aos-60-anos-do-sesi-2\/#primaryimage\",\"inLanguage\":\"pt-BR\",\"url\":\"https:\/\/unisalesiano.com.br\/aracatuba\/wp-content\/uploads\/2019\/06\/fsfss-002_jpg.jpg\",\"contentUrl\":\"https:\/\/unisalesiano.com.br\/aracatuba\/wp-content\/uploads\/2019\/06\/fsfss-002_jpg.jpg\",\"width\":605,\"height\":454},{\"@type\":\"WebPage\",\"@id\":\"https:\/\/unisalesiano.com.br\/aracatuba\/alunos-de-enfermagem-participam-do-evento-comemorativo-aos-60-anos-do-sesi-2\/#webpage\",\"url\":\"https:\/\/unisalesiano.com.br\/aracatuba\/alunos-de-enfermagem-participam-do-evento-comemorativo-aos-60-anos-do-sesi-2\/\",\"name\":\"Alunos de Enfermagem participam do evento comemorativo aos 60 anos do SESI - UniSALESIANO Ara\\u00e7atuba\/SP\",\"isPartOf\":{\"@id\":\"https:\/\/unisalesiano.com.br\/aracatuba\/#website\"},\"primaryImageOfPage\":{\"@id\":\"https:\/\/unisalesiano.com.br\/aracatuba\/alunos-de-enfermagem-participam-do-evento-comemorativo-aos-60-anos-do-sesi-2\/#primaryimage\"},\"datePublished\":\"2006-06-26T18:18:39+00:00\",\"dateModified\":\"2019-06-27T18:29:16+00:00\",\"author\":{\"@id\":\"https:\/\/unisalesiano.com.br\/aracatuba\/#\/schema\/person\/afb1b2331f463570beda616f4cc14cc9\"},\"breadcrumb\":{\"@id\":\"https:\/\/unisalesiano.com.br\/aracatuba\/alunos-de-enfermagem-participam-do-evento-comemorativo-aos-60-anos-do-sesi-2\/#breadcrumb\"},\"inLanguage\":\"pt-BR\",\"potentialAction\":[{\"@type\":\"ReadAction\",\"target\":[\"https:\/\/unisalesiano.com.br\/aracatuba\/alunos-de-enfermagem-participam-do-evento-comemorativo-aos-60-anos-do-sesi-2\/\"]}]},{\"@type\":\"BreadcrumbList\",\"@id\":\"https:\/\/unisalesiano.com.br\/aracatuba\/alunos-de-enfermagem-participam-do-evento-comemorativo-aos-60-anos-do-sesi-2\/#breadcrumb\",\"itemListElement\":[{\"@type\":\"ListItem\",\"position\":1,\"name\":\"In\\u00edcio\",\"item\":\"https:\/\/unisalesiano.com.br\/aracatuba\/\"},{\"@type\":\"ListItem\",\"position\":2,\"name\":\"Alunos de Enfermagem participam do evento comemorativo aos 60 anos do SESI\"}]},{\"@type\":\"Person\",\"@id\":\"https:\/\/unisalesiano.com.br\/aracatuba\/#\/schema\/person\/afb1b2331f463570beda616f4cc14cc9\",\"name\":\"admin\",\"image\":{\"@type\":\"ImageObject\",\"@id\":\"https:\/\/unisalesiano.com.br\/aracatuba\/#personlogo\",\"inLanguage\":\"pt-BR\",\"url\":\"https:\/\/secure.gravatar.com\/avatar\/dfc5c63987fa9f19b5c366e55740b2a0ffac4aab41ba55c1bd96dbb85eb3a8ca?s=96&d=mm&r=g\",\"contentUrl\":\"https:\/\/secure.gravatar.com\/avatar\/dfc5c63987fa9f19b5c366e55740b2a0ffac4aab41ba55c1bd96dbb85eb3a8ca?s=96&d=mm&r=g\",\"caption\":\"admin\"},\"url\":\"https:\/\/unisalesiano.com.br\/aracatuba\/author\/admin\/\"}]}<\/script>\n<!-- \/ Yoast SEO plugin. -->","yoast_head_json":{"title":"Alunos de Enfermagem participam do evento comemorativo aos 60 anos do SESI - UniSALESIANO Ara\u00e7atuba\/SP","robots":{"index":"index","follow":"follow","max-snippet":"max-snippet:-1","max-image-preview":"max-image-preview:large","max-video-preview":"max-video-preview:-1"},"canonical":"https:\/\/unisalesiano.com.br\/aracatuba\/alunos-de-enfermagem-participam-do-evento-comemorativo-aos-60-anos-do-sesi-2\/","og_locale":"pt_BR","og_type":"article","og_title":"Alunos de Enfermagem participam do evento comemorativo aos 60 anos do SESI - UniSALESIANO Ara\u00e7atuba\/SP","og_description":"Neste s\u00e1bado, dia 24 de junho, em comemora\u00e7\u00e3o aos 60 anos do SESI &#8211; Servi\u00e7o Social Industrial, foi realizado um dia de a\u00e7\u00f5es voltadas para a comunidade de Ara\u00e7atuba e regi\u00e3o, nas depend\u00eancias do SESI, com dan\u00e7as, m\u00fasicas, corte de cabelo e pr\u00e9-exames, entre outras atividades. O UniSALESIANO de Ara\u00e7atuba participou desse evento com a [&hellip;]","og_url":"https:\/\/unisalesiano.com.br\/aracatuba\/alunos-de-enfermagem-participam-do-evento-comemorativo-aos-60-anos-do-sesi-2\/","og_site_name":"UniSALESIANO Ara\u00e7atuba\/SP","article_published_time":"2006-06-26T18:18:39+00:00","article_modified_time":"2019-06-27T18:29:16+00:00","og_image":[{"width":605,"height":454,"url":"https:\/\/unisalesiano.com.br\/aracatuba\/wp-content\/uploads\/2019\/06\/fsfss-002_jpg.jpg","type":"image\/jpeg"}],"twitter_card":"summary_large_image","twitter_misc":{"Escrito por":"admin","Est. tempo de leitura":"1 minuto"},"schema":{"@context":"https:\/\/schema.org","@graph":[{"@type":"WebSite","@id":"https:\/\/unisalesiano.com.br\/aracatuba\/#website","url":"https:\/\/unisalesiano.com.br\/aracatuba\/","name":"UniSALESIANO Ara\u00e7atuba\/SP","description":"Centro Universit\u00e1rio Cat\u00f3lico Salesiano Auxilium","potentialAction":[{"@type":"SearchAction","target":{"@type":"EntryPoint","urlTemplate":"https:\/\/unisalesiano.com.br\/aracatuba\/?s={search_term_string}"},"query-input":"required name=search_term_string"}],"inLanguage":"pt-BR"},{"@type":"ImageObject","@id":"https:\/\/unisalesiano.com.br\/aracatuba\/alunos-de-enfermagem-participam-do-evento-comemorativo-aos-60-anos-do-sesi-2\/#primaryimage","inLanguage":"pt-BR","url":"https:\/\/unisalesiano.com.br\/aracatuba\/wp-content\/uploads\/2019\/06\/fsfss-002_jpg.jpg","contentUrl":"https:\/\/unisalesiano.com.br\/aracatuba\/wp-content\/uploads\/2019\/06\/fsfss-002_jpg.jpg","width":605,"height":454},{"@type":"WebPage","@id":"https:\/\/unisalesiano.com.br\/aracatuba\/alunos-de-enfermagem-participam-do-evento-comemorativo-aos-60-anos-do-sesi-2\/#webpage","url":"https:\/\/unisalesiano.com.br\/aracatuba\/alunos-de-enfermagem-participam-do-evento-comemorativo-aos-60-anos-do-sesi-2\/","name":"Alunos de Enfermagem participam do evento comemorativo aos 60 anos do SESI - UniSALESIANO Ara\u00e7atuba\/SP","isPartOf":{"@id":"https:\/\/unisalesiano.com.br\/aracatuba\/#website"},"primaryImageOfPage":{"@id":"https:\/\/unisalesiano.com.br\/aracatuba\/alunos-de-enfermagem-participam-do-evento-comemorativo-aos-60-anos-do-sesi-2\/#primaryimage"},"datePublished":"2006-06-26T18:18:39+00:00","dateModified":"2019-06-27T18:29:16+00:00","author":{"@id":"https:\/\/unisalesiano.com.br\/aracatuba\/#\/schema\/person\/afb1b2331f463570beda616f4cc14cc9"},"breadcrumb":{"@id":"https:\/\/unisalesiano.com.br\/aracatuba\/alunos-de-enfermagem-participam-do-evento-comemorativo-aos-60-anos-do-sesi-2\/#breadcrumb"},"inLanguage":"pt-BR","potentialAction":[{"@type":"ReadAction","target":["https:\/\/unisalesiano.com.br\/aracatuba\/alunos-de-enfermagem-participam-do-evento-comemorativo-aos-60-anos-do-sesi-2\/"]}]},{"@type":"BreadcrumbList","@id":"https:\/\/unisalesiano.com.br\/aracatuba\/alunos-de-enfermagem-participam-do-evento-comemorativo-aos-60-anos-do-sesi-2\/#breadcrumb","itemListElement":[{"@type":"ListItem","position":1,"name":"In\u00edcio","item":"https:\/\/unisalesiano.com.br\/aracatuba\/"},{"@type":"ListItem","position":2,"name":"Alunos de Enfermagem participam do evento comemorativo aos 60 anos do SESI"}]},{"@type":"Person","@id":"https:\/\/unisalesiano.com.br\/aracatuba\/#\/schema\/person\/afb1b2331f463570beda616f4cc14cc9","name":"admin","image":{"@type":"ImageObject","@id":"https:\/\/unisalesiano.com.br\/aracatuba\/#personlogo","inLanguage":"pt-BR","url":"https:\/\/secure.gravatar.com\/avatar\/dfc5c63987fa9f19b5c366e55740b2a0ffac4aab41ba55c1bd96dbb85eb3a8ca?s=96&d=mm&r=g","contentUrl":"https:\/\/secure.gravatar.com\/avatar\/dfc5c63987fa9f19b5c366e55740b2a0ffac4aab41ba55c1bd96dbb85eb3a8ca?s=96&d=mm&r=g","caption":"admin"},"url":"https:\/\/unisalesiano.com.br\/aracatuba\/author\/admin\/"}]}},"_links":{"self":[{"href":"https:\/\/unisalesiano.com.br\/aracatuba\/wp-json\/wp\/v2\/posts\/17028","targetHints":{"allow":["GET"]}}],"collection":[{"href":"https:\/\/unisalesiano.com.br\/aracatuba\/wp-json\/wp\/v2\/posts"}],"about":[{"href":"https:\/\/unisalesiano.com.br\/aracatuba\/wp-json\/wp\/v2\/types\/post"}],"author":[{"embeddable":true,"href":"https:\/\/unisalesiano.com.br\/aracatuba\/wp-json\/wp\/v2\/users\/1"}],"replies":[{"embeddable":true,"href":"https:\/\/unisalesiano.com.br\/aracatuba\/wp-json\/wp\/v2\/comments?post=17028"}],"version-history":[{"count":0,"href":"https:\/\/unisalesiano.com.br\/aracatuba\/wp-json\/wp\/v2\/posts\/17028\/revisions"}],"wp:featuredmedia":[{"embeddable":true,"href":"https:\/\/unisalesiano.com.br\/aracatuba\/wp-json\/wp\/v2\/media\/17067"}],"wp:attachment":[{"href":"https:\/\/unisalesiano.com.br\/aracatuba\/wp-json\/wp\/v2\/media?parent=17028"}],"wp:term":[{"taxonomy":"category","embeddable":true,"href":"https:\/\/unisalesiano.com.br\/aracatuba\/wp-json\/wp\/v2\/categories?post=17028"},{"taxonomy":"post_tag","embeddable":true,"href":"https:\/\/unisalesiano.com.br\/aracatuba\/wp-json\/wp\/v2\/tags?post=17028"}],"curies":[{"name":"wp","href":"https:\/\/api.w.org\/{rel}","templated":true}]}}