{"id":1678,"date":"2018-06-05T13:36:06","date_gmt":"2018-06-05T16:36:06","guid":{"rendered":"https:\/\/unisalesiano.com.br\/?p=1678"},"modified":"2018-06-05T13:36:06","modified_gmt":"2018-06-05T16:36:06","slug":"pro-reitor-de-pastoral-destaca-sagrado-coracao-de-jesus-em-evento-na-una","status":"publish","type":"post","link":"https:\/\/unisalesiano.com.br\/aracatuba\/pro-reitor-de-pastoral-destaca-sagrado-coracao-de-jesus-em-evento-na-una\/","title":{"rendered":"Pr\u00f3-Reitor de Pastoral destaca Sagrado Cora\u00e7\u00e3o de Jesus em evento na UNA"},"content":{"rendered":"<p>A <strong>\u201cReflex\u00e3o e Forma\u00e7\u00e3o da Espiritualidade Salesiana\u201d,<\/strong> promovida pela <strong>Pastoral Universit\u00e1ria e Departamento de Recursos Humanos<\/strong> aos colaboradores do <strong>UniSALESIANO<\/strong> que atuam na <strong>UNA (Universidade Aberta da Melhor Idade)<\/strong>, teve como tema o Sagrado Cora\u00e7\u00e3o de Jesus, cuja dia \u00e9 lembrado em 8 de junho.<\/p>\n<p>O encontro foi realizado na manh\u00e3 do dia 4 de junho e contou com a participa\u00e7\u00e3o de 20 pessoas.<\/p>\n<p>O <strong>Pr\u00f3-Reitor de Pastoral, Pe. Waldomiro Bronakowski<\/strong>, lembrou os presentes sobre as comemora\u00e7\u00f5es do m\u00eas de junho, como o Dia dos Namorados, dos santos Ant\u00f4nio, Jo\u00e3o, Pedro e Paulo, e do Sagrado Cora\u00e7\u00e3o de Jesus. \u201cCora\u00e7\u00e3o manso e humilde. O cora\u00e7\u00e3o aproxima as pessoas e \u00e9 o s\u00edmbolo do amor, da ternura e da simplicidade\u201d, salientou.<\/p>\n<p>Os colaboradores leram em voz alta as 12 promessas do Sagrado Cora\u00e7\u00e3o de Jesus e ganharam como lembran\u00e7a a <strong>Receita do Amor<\/strong>, que cont\u00e9m os ingredientes necess\u00e1rios para conviver em harmonia. No final do evento, duas funcion\u00e1rias, aniversariantes do m\u00eas, ganharam presentes.<\/p>\n<p><img loading=\"lazy\" decoding=\"async\" class=\"alignnone wp-image-1680 size-large\" src=\"https:\/\/unisalesiano.com.br\/wp-content\/uploads\/2018\/06\/IMG_9554-1024x683.jpg\" alt=\"\" width=\"1024\" height=\"683\" srcset=\"https:\/\/unisalesiano.com.br\/aracatuba\/wp-content\/uploads\/2018\/06\/IMG_9554-1024x683.jpg 1024w, https:\/\/unisalesiano.com.br\/aracatuba\/wp-content\/uploads\/2018\/06\/IMG_9554-300x200.jpg 300w, https:\/\/unisalesiano.com.br\/aracatuba\/wp-content\/uploads\/2018\/06\/IMG_9554-768x512.jpg 768w\" sizes=\"auto, (max-width: 1024px) 100vw, 1024px\" \/> <img loading=\"lazy\" decoding=\"async\" class=\"alignnone wp-image-1681 size-large\" src=\"https:\/\/unisalesiano.com.br\/wp-content\/uploads\/2018\/06\/IMG_9563-1024x683.jpg\" alt=\"\" width=\"1024\" height=\"683\" srcset=\"https:\/\/unisalesiano.com.br\/aracatuba\/wp-content\/uploads\/2018\/06\/IMG_9563-1024x683.jpg 1024w, https:\/\/unisalesiano.com.br\/aracatuba\/wp-content\/uploads\/2018\/06\/IMG_9563-300x200.jpg 300w, https:\/\/unisalesiano.com.br\/aracatuba\/wp-content\/uploads\/2018\/06\/IMG_9563-768x512.jpg 768w\" sizes=\"auto, (max-width: 1024px) 100vw, 1024px\" \/> <img loading=\"lazy\" decoding=\"async\" class=\"alignnone wp-image-1682 size-large\" src=\"https:\/\/unisalesiano.com.br\/wp-content\/uploads\/2018\/06\/IMG_9569-1024x683.jpg\" alt=\"\" width=\"1024\" height=\"683\" srcset=\"https:\/\/unisalesiano.com.br\/aracatuba\/wp-content\/uploads\/2018\/06\/IMG_9569-1024x683.jpg 1024w, https:\/\/unisalesiano.com.br\/aracatuba\/wp-content\/uploads\/2018\/06\/IMG_9569-300x200.jpg 300w, https:\/\/unisalesiano.com.br\/aracatuba\/wp-content\/uploads\/2018\/06\/IMG_9569-768x512.jpg 768w\" sizes=\"auto, (max-width: 1024px) 100vw, 1024px\" \/> <img loading=\"lazy\" decoding=\"async\" class=\"alignnone wp-image-1683 size-large\" src=\"https:\/\/unisalesiano.com.br\/wp-content\/uploads\/2018\/06\/IMG_9574-1024x683.jpg\" alt=\"\" width=\"1024\" height=\"683\" srcset=\"https:\/\/unisalesiano.com.br\/aracatuba\/wp-content\/uploads\/2018\/06\/IMG_9574-1024x683.jpg 1024w, https:\/\/unisalesiano.com.br\/aracatuba\/wp-content\/uploads\/2018\/06\/IMG_9574-300x200.jpg 300w, https:\/\/unisalesiano.com.br\/aracatuba\/wp-content\/uploads\/2018\/06\/IMG_9574-768x512.jpg 768w\" sizes=\"auto, (max-width: 1024px) 100vw, 1024px\" \/><\/p>\n","protected":false},"excerpt":{"rendered":"<p>A \u201cReflex\u00e3o e Forma\u00e7\u00e3o da Espiritualidade Salesiana\u201d, promovida pela Pastoral Universit\u00e1ria e Departamento de Recursos Humanos aos colaboradores do UniSALESIANO que atuam na UNA (Universidade Aberta da Melhor Idade), teve como tema o Sagrado Cora\u00e7\u00e3o de Jesus, cuja dia \u00e9 lembrado em 8 de junho. O encontro foi realizado na manh\u00e3 do dia 4 de [&hellip;]<\/p>\n","protected":false},"author":2,"featured_media":1679,"comment_status":"open","ping_status":"open","sticky":false,"template":"","format":"standard","meta":{"footnotes":""},"categories":[10],"tags":[],"class_list":["post-1678","post","type-post","status-publish","format-standard","has-post-thumbnail","hentry","category-pastoral"],"yoast_head":"<!-- This site is optimized with the Yoast SEO plugin v17.4 - https:\/\/yoast.com\/wordpress\/plugins\/seo\/ -->\n<title>Pr\u00f3-Reitor de Pastoral destaca Sagrado Cora\u00e7\u00e3o de Jesus em evento na UNA - UniSALESIANO Ara\u00e7atuba\/SP<\/title>\n<meta name=\"robots\" content=\"index, follow, max-snippet:-1, max-image-preview:large, max-video-preview:-1\" \/>\n<link rel=\"canonical\" href=\"https:\/\/unisalesiano.com.br\/aracatuba\/pro-reitor-de-pastoral-destaca-sagrado-coracao-de-jesus-em-evento-na-una\/\" \/>\n<meta property=\"og:locale\" content=\"pt_BR\" \/>\n<meta property=\"og:type\" content=\"article\" \/>\n<meta property=\"og:title\" content=\"Pr\u00f3-Reitor de Pastoral destaca Sagrado Cora\u00e7\u00e3o de Jesus em evento na UNA - UniSALESIANO Ara\u00e7atuba\/SP\" \/>\n<meta property=\"og:description\" content=\"A \u201cReflex\u00e3o e Forma\u00e7\u00e3o da Espiritualidade Salesiana\u201d, promovida pela Pastoral Universit\u00e1ria e Departamento de Recursos Humanos aos colaboradores do UniSALESIANO que atuam na UNA (Universidade Aberta da Melhor Idade), teve como tema o Sagrado Cora\u00e7\u00e3o de Jesus, cuja dia \u00e9 lembrado em 8 de junho. O encontro foi realizado na manh\u00e3 do dia 4 de [&hellip;]\" \/>\n<meta property=\"og:url\" content=\"https:\/\/unisalesiano.com.br\/aracatuba\/pro-reitor-de-pastoral-destaca-sagrado-coracao-de-jesus-em-evento-na-una\/\" \/>\n<meta property=\"og:site_name\" content=\"UniSALESIANO Ara\u00e7atuba\/SP\" \/>\n<meta property=\"article:published_time\" content=\"2018-06-05T16:36:06+00:00\" \/>\n<meta property=\"og:image\" content=\"https:\/\/unisalesiano.com.br\/aracatuba\/wp-content\/uploads\/2018\/06\/IMG_9560-scaled.jpg\" \/>\n\t<meta property=\"og:image:width\" content=\"2560\" \/>\n\t<meta property=\"og:image:height\" content=\"1707\" \/>\n<meta name=\"twitter:card\" content=\"summary_large_image\" \/>\n<meta name=\"twitter:label1\" content=\"Escrito por\" \/>\n\t<meta name=\"twitter:data1\" content=\"UniSALESIANO\" \/>\n\t<meta name=\"twitter:label2\" content=\"Est. tempo de leitura\" \/>\n\t<meta name=\"twitter:data2\" content=\"1 minuto\" \/>\n<script type=\"application\/ld+json\" class=\"yoast-schema-graph\">{\"@context\":\"https:\/\/schema.org\",\"@graph\":[{\"@type\":\"WebSite\",\"@id\":\"https:\/\/unisalesiano.com.br\/aracatuba\/#website\",\"url\":\"https:\/\/unisalesiano.com.br\/aracatuba\/\",\"name\":\"UniSALESIANO Ara\\u00e7atuba\/SP\",\"description\":\"Centro Universit\\u00e1rio Cat\\u00f3lico Salesiano Auxilium\",\"potentialAction\":[{\"@type\":\"SearchAction\",\"target\":{\"@type\":\"EntryPoint\",\"urlTemplate\":\"https:\/\/unisalesiano.com.br\/aracatuba\/?s={search_term_string}\"},\"query-input\":\"required name=search_term_string\"}],\"inLanguage\":\"pt-BR\"},{\"@type\":\"ImageObject\",\"@id\":\"https:\/\/unisalesiano.com.br\/aracatuba\/pro-reitor-de-pastoral-destaca-sagrado-coracao-de-jesus-em-evento-na-una\/#primaryimage\",\"inLanguage\":\"pt-BR\",\"url\":\"https:\/\/unisalesiano.com.br\/aracatuba\/wp-content\/uploads\/2018\/06\/IMG_9560-scaled.jpg\",\"contentUrl\":\"https:\/\/unisalesiano.com.br\/aracatuba\/wp-content\/uploads\/2018\/06\/IMG_9560-scaled.jpg\",\"width\":2560,\"height\":1707},{\"@type\":\"WebPage\",\"@id\":\"https:\/\/unisalesiano.com.br\/aracatuba\/pro-reitor-de-pastoral-destaca-sagrado-coracao-de-jesus-em-evento-na-una\/#webpage\",\"url\":\"https:\/\/unisalesiano.com.br\/aracatuba\/pro-reitor-de-pastoral-destaca-sagrado-coracao-de-jesus-em-evento-na-una\/\",\"name\":\"Pr\\u00f3-Reitor de Pastoral destaca Sagrado Cora\\u00e7\\u00e3o de Jesus em evento na UNA - UniSALESIANO Ara\\u00e7atuba\/SP\",\"isPartOf\":{\"@id\":\"https:\/\/unisalesiano.com.br\/aracatuba\/#website\"},\"primaryImageOfPage\":{\"@id\":\"https:\/\/unisalesiano.com.br\/aracatuba\/pro-reitor-de-pastoral-destaca-sagrado-coracao-de-jesus-em-evento-na-una\/#primaryimage\"},\"datePublished\":\"2018-06-05T16:36:06+00:00\",\"dateModified\":\"2018-06-05T16:36:06+00:00\",\"author\":{\"@id\":\"https:\/\/unisalesiano.com.br\/aracatuba\/#\/schema\/person\/d7c14e9af025bdb0c17efbe45300a759\"},\"breadcrumb\":{\"@id\":\"https:\/\/unisalesiano.com.br\/aracatuba\/pro-reitor-de-pastoral-destaca-sagrado-coracao-de-jesus-em-evento-na-una\/#breadcrumb\"},\"inLanguage\":\"pt-BR\",\"potentialAction\":[{\"@type\":\"ReadAction\",\"target\":[\"https:\/\/unisalesiano.com.br\/aracatuba\/pro-reitor-de-pastoral-destaca-sagrado-coracao-de-jesus-em-evento-na-una\/\"]}]},{\"@type\":\"BreadcrumbList\",\"@id\":\"https:\/\/unisalesiano.com.br\/aracatuba\/pro-reitor-de-pastoral-destaca-sagrado-coracao-de-jesus-em-evento-na-una\/#breadcrumb\",\"itemListElement\":[{\"@type\":\"ListItem\",\"position\":1,\"name\":\"In\\u00edcio\",\"item\":\"https:\/\/unisalesiano.com.br\/aracatuba\/\"},{\"@type\":\"ListItem\",\"position\":2,\"name\":\"Pr\\u00f3-Reitor de Pastoral destaca Sagrado Cora\\u00e7\\u00e3o de Jesus em evento na UNA\"}]},{\"@type\":\"Person\",\"@id\":\"https:\/\/unisalesiano.com.br\/aracatuba\/#\/schema\/person\/d7c14e9af025bdb0c17efbe45300a759\",\"name\":\"UniSALESIANO\",\"image\":{\"@type\":\"ImageObject\",\"@id\":\"https:\/\/unisalesiano.com.br\/aracatuba\/#personlogo\",\"inLanguage\":\"pt-BR\",\"url\":\"https:\/\/secure.gravatar.com\/avatar\/096c34677cebe39224fb173ad06634a6b38585bd1b4ace28136b30c224e43afc?s=96&d=mm&r=g\",\"contentUrl\":\"https:\/\/secure.gravatar.com\/avatar\/096c34677cebe39224fb173ad06634a6b38585bd1b4ace28136b30c224e43afc?s=96&d=mm&r=g\",\"caption\":\"UniSALESIANO\"},\"url\":\"https:\/\/unisalesiano.com.br\/aracatuba\/author\/unisale\/\"}]}<\/script>\n<!-- \/ Yoast SEO plugin. -->","yoast_head_json":{"title":"Pr\u00f3-Reitor de Pastoral destaca Sagrado Cora\u00e7\u00e3o de Jesus em evento na UNA - UniSALESIANO Ara\u00e7atuba\/SP","robots":{"index":"index","follow":"follow","max-snippet":"max-snippet:-1","max-image-preview":"max-image-preview:large","max-video-preview":"max-video-preview:-1"},"canonical":"https:\/\/unisalesiano.com.br\/aracatuba\/pro-reitor-de-pastoral-destaca-sagrado-coracao-de-jesus-em-evento-na-una\/","og_locale":"pt_BR","og_type":"article","og_title":"Pr\u00f3-Reitor de Pastoral destaca Sagrado Cora\u00e7\u00e3o de Jesus em evento na UNA - UniSALESIANO Ara\u00e7atuba\/SP","og_description":"A \u201cReflex\u00e3o e Forma\u00e7\u00e3o da Espiritualidade Salesiana\u201d, promovida pela Pastoral Universit\u00e1ria e Departamento de Recursos Humanos aos colaboradores do UniSALESIANO que atuam na UNA (Universidade Aberta da Melhor Idade), teve como tema o Sagrado Cora\u00e7\u00e3o de Jesus, cuja dia \u00e9 lembrado em 8 de junho. O encontro foi realizado na manh\u00e3 do dia 4 de [&hellip;]","og_url":"https:\/\/unisalesiano.com.br\/aracatuba\/pro-reitor-de-pastoral-destaca-sagrado-coracao-de-jesus-em-evento-na-una\/","og_site_name":"UniSALESIANO Ara\u00e7atuba\/SP","article_published_time":"2018-06-05T16:36:06+00:00","og_image":[{"width":2560,"height":1707,"url":"https:\/\/unisalesiano.com.br\/aracatuba\/wp-content\/uploads\/2018\/06\/IMG_9560-scaled.jpg","type":"image\/jpeg"}],"twitter_card":"summary_large_image","twitter_misc":{"Escrito por":"UniSALESIANO","Est. tempo de leitura":"1 minuto"},"schema":{"@context":"https:\/\/schema.org","@graph":[{"@type":"WebSite","@id":"https:\/\/unisalesiano.com.br\/aracatuba\/#website","url":"https:\/\/unisalesiano.com.br\/aracatuba\/","name":"UniSALESIANO Ara\u00e7atuba\/SP","description":"Centro Universit\u00e1rio Cat\u00f3lico Salesiano Auxilium","potentialAction":[{"@type":"SearchAction","target":{"@type":"EntryPoint","urlTemplate":"https:\/\/unisalesiano.com.br\/aracatuba\/?s={search_term_string}"},"query-input":"required name=search_term_string"}],"inLanguage":"pt-BR"},{"@type":"ImageObject","@id":"https:\/\/unisalesiano.com.br\/aracatuba\/pro-reitor-de-pastoral-destaca-sagrado-coracao-de-jesus-em-evento-na-una\/#primaryimage","inLanguage":"pt-BR","url":"https:\/\/unisalesiano.com.br\/aracatuba\/wp-content\/uploads\/2018\/06\/IMG_9560-scaled.jpg","contentUrl":"https:\/\/unisalesiano.com.br\/aracatuba\/wp-content\/uploads\/2018\/06\/IMG_9560-scaled.jpg","width":2560,"height":1707},{"@type":"WebPage","@id":"https:\/\/unisalesiano.com.br\/aracatuba\/pro-reitor-de-pastoral-destaca-sagrado-coracao-de-jesus-em-evento-na-una\/#webpage","url":"https:\/\/unisalesiano.com.br\/aracatuba\/pro-reitor-de-pastoral-destaca-sagrado-coracao-de-jesus-em-evento-na-una\/","name":"Pr\u00f3-Reitor de Pastoral destaca Sagrado Cora\u00e7\u00e3o de Jesus em evento na UNA - UniSALESIANO Ara\u00e7atuba\/SP","isPartOf":{"@id":"https:\/\/unisalesiano.com.br\/aracatuba\/#website"},"primaryImageOfPage":{"@id":"https:\/\/unisalesiano.com.br\/aracatuba\/pro-reitor-de-pastoral-destaca-sagrado-coracao-de-jesus-em-evento-na-una\/#primaryimage"},"datePublished":"2018-06-05T16:36:06+00:00","dateModified":"2018-06-05T16:36:06+00:00","author":{"@id":"https:\/\/unisalesiano.com.br\/aracatuba\/#\/schema\/person\/d7c14e9af025bdb0c17efbe45300a759"},"breadcrumb":{"@id":"https:\/\/unisalesiano.com.br\/aracatuba\/pro-reitor-de-pastoral-destaca-sagrado-coracao-de-jesus-em-evento-na-una\/#breadcrumb"},"inLanguage":"pt-BR","potentialAction":[{"@type":"ReadAction","target":["https:\/\/unisalesiano.com.br\/aracatuba\/pro-reitor-de-pastoral-destaca-sagrado-coracao-de-jesus-em-evento-na-una\/"]}]},{"@type":"BreadcrumbList","@id":"https:\/\/unisalesiano.com.br\/aracatuba\/pro-reitor-de-pastoral-destaca-sagrado-coracao-de-jesus-em-evento-na-una\/#breadcrumb","itemListElement":[{"@type":"ListItem","position":1,"name":"In\u00edcio","item":"https:\/\/unisalesiano.com.br\/aracatuba\/"},{"@type":"ListItem","position":2,"name":"Pr\u00f3-Reitor de Pastoral destaca Sagrado Cora\u00e7\u00e3o de Jesus em evento na UNA"}]},{"@type":"Person","@id":"https:\/\/unisalesiano.com.br\/aracatuba\/#\/schema\/person\/d7c14e9af025bdb0c17efbe45300a759","name":"UniSALESIANO","image":{"@type":"ImageObject","@id":"https:\/\/unisalesiano.com.br\/aracatuba\/#personlogo","inLanguage":"pt-BR","url":"https:\/\/secure.gravatar.com\/avatar\/096c34677cebe39224fb173ad06634a6b38585bd1b4ace28136b30c224e43afc?s=96&d=mm&r=g","contentUrl":"https:\/\/secure.gravatar.com\/avatar\/096c34677cebe39224fb173ad06634a6b38585bd1b4ace28136b30c224e43afc?s=96&d=mm&r=g","caption":"UniSALESIANO"},"url":"https:\/\/unisalesiano.com.br\/aracatuba\/author\/unisale\/"}]}},"_links":{"self":[{"href":"https:\/\/unisalesiano.com.br\/aracatuba\/wp-json\/wp\/v2\/posts\/1678","targetHints":{"allow":["GET"]}}],"collection":[{"href":"https:\/\/unisalesiano.com.br\/aracatuba\/wp-json\/wp\/v2\/posts"}],"about":[{"href":"https:\/\/unisalesiano.com.br\/aracatuba\/wp-json\/wp\/v2\/types\/post"}],"author":[{"embeddable":true,"href":"https:\/\/unisalesiano.com.br\/aracatuba\/wp-json\/wp\/v2\/users\/2"}],"replies":[{"embeddable":true,"href":"https:\/\/unisalesiano.com.br\/aracatuba\/wp-json\/wp\/v2\/comments?post=1678"}],"version-history":[{"count":0,"href":"https:\/\/unisalesiano.com.br\/aracatuba\/wp-json\/wp\/v2\/posts\/1678\/revisions"}],"wp:featuredmedia":[{"embeddable":true,"href":"https:\/\/unisalesiano.com.br\/aracatuba\/wp-json\/wp\/v2\/media\/1679"}],"wp:attachment":[{"href":"https:\/\/unisalesiano.com.br\/aracatuba\/wp-json\/wp\/v2\/media?parent=1678"}],"wp:term":[{"taxonomy":"category","embeddable":true,"href":"https:\/\/unisalesiano.com.br\/aracatuba\/wp-json\/wp\/v2\/categories?post=1678"},{"taxonomy":"post_tag","embeddable":true,"href":"https:\/\/unisalesiano.com.br\/aracatuba\/wp-json\/wp\/v2\/tags?post=1678"}],"curies":[{"name":"wp","href":"https:\/\/api.w.org\/{rel}","templated":true}]}}