{"id":10473,"date":"2019-04-29T11:14:18","date_gmt":"2019-04-29T14:14:18","guid":{"rendered":"https:\/\/unisalesiano.com.br\/?p=10473"},"modified":"2019-04-29T11:14:18","modified_gmt":"2019-04-29T14:14:18","slug":"alunos-de-fisioterapia-do-unisalesiano-realizam-visita-tecnica-a-equipe-do-nasf","status":"publish","type":"post","link":"https:\/\/unisalesiano.com.br\/aracatuba\/alunos-de-fisioterapia-do-unisalesiano-realizam-visita-tecnica-a-equipe-do-nasf\/","title":{"rendered":"Alunos de Fisioterapia do UniSALESIANO realizam visita t\u00e9cnica \u00e0 equipe do NASF"},"content":{"rendered":"<p>Alunos do curso de <strong>Fisioterapia do UniSALESIANO<\/strong> realizaram na tarde de ter\u00e7a-feira, dia 23, uma visita t\u00e9cnica \u00e0 equipe do <strong>NASF Oeste (N\u00facleo de Apoio \u00e0 Sa\u00fade da Fam\u00edlia)<\/strong>.<\/p>\n<p>A atividade faz parte da <strong>disciplina Sa\u00fade da Comunidade<\/strong>, ministrada pela professora, <strong>Gislene Marcelino<\/strong>; pelo <strong>orientador de Est\u00e1gio Supervisionado,<\/strong> <strong>Fernando Henrique<\/strong> <strong>Alves Benedito<\/strong>; pela <strong>coordenadora do curso de Fisioterapia,<\/strong> <strong>Carla Komatsu Machado<\/strong>.<\/p>\n<p>Segundo a docente essas a\u00e7\u00f5es s\u00e3o de extrema import\u00e2ncia para a comunidade acad\u00eamica.<\/p>\n<p><strong>\u201cPor meio dessas atividades os alunos podem vivenciar na pr\u00e1tica o que \u00e9 trabalhado em sala de aula\u201d<\/strong>, disse Gislene.<\/p>\n<p>Ainda segundo a docente, a cria\u00e7\u00e3o dos<strong> N\u00facleos de Apoio \u00e0 Sa\u00fade da Fam\u00edlia (NASF)<\/strong>, tem como objetivo, ampliar as a\u00e7\u00f5es de aten\u00e7\u00e3o b\u00e1sica melhorando a qualidade e a resolutividade da aten\u00e7\u00e3o \u00e0 sa\u00fade.<\/p>\n<p>Assim, o fisioterapeuta pode atuar em conjunto com os outros profissionais, integrando uma equipe multidisciplinar, desenvolvendo uma pr\u00e1tica integral que contemple a humaniza\u00e7\u00e3o e o acolhimento dos usu\u00e1rios.<\/p>\n<p><strong>\u201cO atendimento compartilhado, a educa\u00e7\u00e3o em sa\u00fade, entre outros, quebram o paradigma de que o fisioterapeuta \u00e9 um profissional apenas reabilitador\u201d<\/strong>, enfatizou a docente.<\/p>\n<p>&nbsp;<\/p>\n<p><strong>REDIMENSIONAR\u00a0\u00a0\u00a0\u00a0<\/strong><\/p>\n<p>A docente Gislene Marcelino esclarece que as mudan\u00e7as na organiza\u00e7\u00e3o social e dos sistemas de sa\u00fade, no perfil epidemiol\u00f3gico, geraram a necessidade de redimensionamento do objeto de trabalho da Fisioterapia, aproximando-o da promo\u00e7\u00e3o da sa\u00fade, sem abandonar a reabilita\u00e7\u00e3o.<\/p>\n<p>A atua\u00e7\u00e3o do Fisioterapeuta na Estrat\u00e9gia Sa\u00fade da Fam\u00edlia \u00e9 um processo em edifica\u00e7\u00e3o, sendo necess\u00e1rio a incorpora\u00e7\u00e3o e o comprometimento com as a\u00e7\u00f5es de promo\u00e7\u00e3o e prote\u00e7\u00e3o \u00e0 sa\u00fade, de preven\u00e7\u00e3o de agravos e de assist\u00eancia, desenvolvendo uma pr\u00e1tica integral e interdisciplinar de sa\u00fade, o que vem de encontro com a <strong>Miss\u00e3o Salesiana<\/strong>.<\/p>\n<p><strong>\u201cFormar profissionais com grande capacidade t\u00e9cnica, mas acima de todas as coisas, que os mesmos tenham um compromisso social\u201d<\/strong>, concluiu Gislene.<\/p>\n<p><img loading=\"lazy\" decoding=\"async\" class=\"aligncenter size-full wp-image-10479\" src=\"https:\/\/unisalesiano.com.br\/wp-content\/uploads\/2019\/04\/20190423_072848-1.jpg\" alt=\"\" width=\"1024\" height=\"768\" \/> <img loading=\"lazy\" decoding=\"async\" class=\"aligncenter size-full wp-image-10480\" src=\"https:\/\/unisalesiano.com.br\/wp-content\/uploads\/2019\/04\/20190423_072856-1.jpg\" alt=\"\" width=\"1024\" height=\"768\" \/> <img loading=\"lazy\" decoding=\"async\" class=\"aligncenter size-full wp-image-10481\" src=\"https:\/\/unisalesiano.com.br\/wp-content\/uploads\/2019\/04\/20190423_072916-1.jpg\" alt=\"\" width=\"1024\" height=\"768\" \/> <img loading=\"lazy\" decoding=\"async\" class=\"aligncenter size-full wp-image-10482\" src=\"https:\/\/unisalesiano.com.br\/wp-content\/uploads\/2019\/04\/20190423_072953-1.jpg\" alt=\"\" width=\"1024\" height=\"768\" \/><\/p>\n","protected":false},"excerpt":{"rendered":"<p>Alunos do curso de Fisioterapia do UniSALESIANO realizaram na tarde de ter\u00e7a-feira, dia 23, uma visita t\u00e9cnica \u00e0 equipe do NASF Oeste (N\u00facleo de Apoio \u00e0 Sa\u00fade da Fam\u00edlia). A atividade faz parte da disciplina Sa\u00fade da Comunidade, ministrada pela professora, Gislene Marcelino; pelo orientador de Est\u00e1gio Supervisionado, Fernando Henrique Alves Benedito; pela coordenadora do [&hellip;]<\/p>\n","protected":false},"author":7,"featured_media":10474,"comment_status":"open","ping_status":"open","sticky":false,"template":"","format":"standard","meta":{"footnotes":""},"categories":[5],"tags":[17,632,115,739],"class_list":["post-10473","post","type-post","status-publish","format-standard","has-post-thumbnail","hentry","category-saude","tag-fisioterapia","tag-fisioterapia-do-unisalesiano","tag-missao-salesiana","tag-nucleo-de-apoio-a-saude-da-familia"],"yoast_head":"<!-- This site is optimized with the Yoast SEO plugin v17.4 - https:\/\/yoast.com\/wordpress\/plugins\/seo\/ -->\n<title>Alunos de Fisioterapia do UniSALESIANO realizam visita t\u00e9cnica \u00e0 equipe do NASF - UniSALESIANO Ara\u00e7atuba\/SP<\/title>\n<meta name=\"robots\" content=\"index, follow, max-snippet:-1, max-image-preview:large, max-video-preview:-1\" \/>\n<link rel=\"canonical\" href=\"https:\/\/unisalesiano.com.br\/aracatuba\/alunos-de-fisioterapia-do-unisalesiano-realizam-visita-tecnica-a-equipe-do-nasf\/\" \/>\n<meta property=\"og:locale\" content=\"pt_BR\" \/>\n<meta property=\"og:type\" content=\"article\" \/>\n<meta property=\"og:title\" content=\"Alunos de Fisioterapia do UniSALESIANO realizam visita t\u00e9cnica \u00e0 equipe do NASF - UniSALESIANO Ara\u00e7atuba\/SP\" \/>\n<meta property=\"og:description\" content=\"Alunos do curso de Fisioterapia do UniSALESIANO realizaram na tarde de ter\u00e7a-feira, dia 23, uma visita t\u00e9cnica \u00e0 equipe do NASF Oeste (N\u00facleo de Apoio \u00e0 Sa\u00fade da Fam\u00edlia). A atividade faz parte da disciplina Sa\u00fade da Comunidade, ministrada pela professora, Gislene Marcelino; pelo orientador de Est\u00e1gio Supervisionado, Fernando Henrique Alves Benedito; pela coordenadora do [&hellip;]\" \/>\n<meta property=\"og:url\" content=\"https:\/\/unisalesiano.com.br\/aracatuba\/alunos-de-fisioterapia-do-unisalesiano-realizam-visita-tecnica-a-equipe-do-nasf\/\" \/>\n<meta property=\"og:site_name\" content=\"UniSALESIANO Ara\u00e7atuba\/SP\" \/>\n<meta property=\"article:published_time\" content=\"2019-04-29T14:14:18+00:00\" \/>\n<meta property=\"og:image\" content=\"https:\/\/unisalesiano.com.br\/aracatuba\/wp-content\/uploads\/2019\/04\/20190423_080212-scaled.jpg\" \/>\n\t<meta property=\"og:image:width\" content=\"2560\" \/>\n\t<meta property=\"og:image:height\" content=\"1920\" \/>\n<meta name=\"twitter:card\" content=\"summary_large_image\" \/>\n<meta name=\"twitter:label1\" content=\"Escrito por\" \/>\n\t<meta name=\"twitter:data1\" content=\"Rosiane Cerverizzo\" \/>\n\t<meta name=\"twitter:label2\" content=\"Est. tempo de leitura\" \/>\n\t<meta name=\"twitter:data2\" content=\"2 minutos\" \/>\n<script type=\"application\/ld+json\" class=\"yoast-schema-graph\">{\"@context\":\"https:\/\/schema.org\",\"@graph\":[{\"@type\":\"WebSite\",\"@id\":\"https:\/\/unisalesiano.com.br\/aracatuba\/#website\",\"url\":\"https:\/\/unisalesiano.com.br\/aracatuba\/\",\"name\":\"UniSALESIANO Ara\\u00e7atuba\/SP\",\"description\":\"Centro Universit\\u00e1rio Cat\\u00f3lico Salesiano Auxilium\",\"potentialAction\":[{\"@type\":\"SearchAction\",\"target\":{\"@type\":\"EntryPoint\",\"urlTemplate\":\"https:\/\/unisalesiano.com.br\/aracatuba\/?s={search_term_string}\"},\"query-input\":\"required name=search_term_string\"}],\"inLanguage\":\"pt-BR\"},{\"@type\":\"ImageObject\",\"@id\":\"https:\/\/unisalesiano.com.br\/aracatuba\/alunos-de-fisioterapia-do-unisalesiano-realizam-visita-tecnica-a-equipe-do-nasf\/#primaryimage\",\"inLanguage\":\"pt-BR\",\"url\":\"https:\/\/unisalesiano.com.br\/aracatuba\/wp-content\/uploads\/2019\/04\/20190423_080212-scaled.jpg\",\"contentUrl\":\"https:\/\/unisalesiano.com.br\/aracatuba\/wp-content\/uploads\/2019\/04\/20190423_080212-scaled.jpg\",\"width\":2560,\"height\":1920},{\"@type\":\"WebPage\",\"@id\":\"https:\/\/unisalesiano.com.br\/aracatuba\/alunos-de-fisioterapia-do-unisalesiano-realizam-visita-tecnica-a-equipe-do-nasf\/#webpage\",\"url\":\"https:\/\/unisalesiano.com.br\/aracatuba\/alunos-de-fisioterapia-do-unisalesiano-realizam-visita-tecnica-a-equipe-do-nasf\/\",\"name\":\"Alunos de Fisioterapia do UniSALESIANO realizam visita t\\u00e9cnica \\u00e0 equipe do NASF - UniSALESIANO Ara\\u00e7atuba\/SP\",\"isPartOf\":{\"@id\":\"https:\/\/unisalesiano.com.br\/aracatuba\/#website\"},\"primaryImageOfPage\":{\"@id\":\"https:\/\/unisalesiano.com.br\/aracatuba\/alunos-de-fisioterapia-do-unisalesiano-realizam-visita-tecnica-a-equipe-do-nasf\/#primaryimage\"},\"datePublished\":\"2019-04-29T14:14:18+00:00\",\"dateModified\":\"2019-04-29T14:14:18+00:00\",\"author\":{\"@id\":\"https:\/\/unisalesiano.com.br\/aracatuba\/#\/schema\/person\/9b0bb7fe2888d8c52a9981cc9f499850\"},\"breadcrumb\":{\"@id\":\"https:\/\/unisalesiano.com.br\/aracatuba\/alunos-de-fisioterapia-do-unisalesiano-realizam-visita-tecnica-a-equipe-do-nasf\/#breadcrumb\"},\"inLanguage\":\"pt-BR\",\"potentialAction\":[{\"@type\":\"ReadAction\",\"target\":[\"https:\/\/unisalesiano.com.br\/aracatuba\/alunos-de-fisioterapia-do-unisalesiano-realizam-visita-tecnica-a-equipe-do-nasf\/\"]}]},{\"@type\":\"BreadcrumbList\",\"@id\":\"https:\/\/unisalesiano.com.br\/aracatuba\/alunos-de-fisioterapia-do-unisalesiano-realizam-visita-tecnica-a-equipe-do-nasf\/#breadcrumb\",\"itemListElement\":[{\"@type\":\"ListItem\",\"position\":1,\"name\":\"In\\u00edcio\",\"item\":\"https:\/\/unisalesiano.com.br\/aracatuba\/\"},{\"@type\":\"ListItem\",\"position\":2,\"name\":\"Alunos de Fisioterapia do UniSALESIANO realizam visita t\\u00e9cnica \\u00e0 equipe do NASF\"}]},{\"@type\":\"Person\",\"@id\":\"https:\/\/unisalesiano.com.br\/aracatuba\/#\/schema\/person\/9b0bb7fe2888d8c52a9981cc9f499850\",\"name\":\"Rosiane Cerverizzo\",\"image\":{\"@type\":\"ImageObject\",\"@id\":\"https:\/\/unisalesiano.com.br\/aracatuba\/#personlogo\",\"inLanguage\":\"pt-BR\",\"url\":\"https:\/\/secure.gravatar.com\/avatar\/435d6972275f45fcd8db34d02c275aea169714405f437e6532d04aa71ef9cbe2?s=96&d=mm&r=g\",\"contentUrl\":\"https:\/\/secure.gravatar.com\/avatar\/435d6972275f45fcd8db34d02c275aea169714405f437e6532d04aa71ef9cbe2?s=96&d=mm&r=g\",\"caption\":\"Rosiane Cerverizzo\"},\"url\":\"https:\/\/unisalesiano.com.br\/aracatuba\/author\/rosi\/\"}]}<\/script>\n<!-- \/ Yoast SEO plugin. -->","yoast_head_json":{"title":"Alunos de Fisioterapia do UniSALESIANO realizam visita t\u00e9cnica \u00e0 equipe do NASF - UniSALESIANO Ara\u00e7atuba\/SP","robots":{"index":"index","follow":"follow","max-snippet":"max-snippet:-1","max-image-preview":"max-image-preview:large","max-video-preview":"max-video-preview:-1"},"canonical":"https:\/\/unisalesiano.com.br\/aracatuba\/alunos-de-fisioterapia-do-unisalesiano-realizam-visita-tecnica-a-equipe-do-nasf\/","og_locale":"pt_BR","og_type":"article","og_title":"Alunos de Fisioterapia do UniSALESIANO realizam visita t\u00e9cnica \u00e0 equipe do NASF - UniSALESIANO Ara\u00e7atuba\/SP","og_description":"Alunos do curso de Fisioterapia do UniSALESIANO realizaram na tarde de ter\u00e7a-feira, dia 23, uma visita t\u00e9cnica \u00e0 equipe do NASF Oeste (N\u00facleo de Apoio \u00e0 Sa\u00fade da Fam\u00edlia). A atividade faz parte da disciplina Sa\u00fade da Comunidade, ministrada pela professora, Gislene Marcelino; pelo orientador de Est\u00e1gio Supervisionado, Fernando Henrique Alves Benedito; pela coordenadora do [&hellip;]","og_url":"https:\/\/unisalesiano.com.br\/aracatuba\/alunos-de-fisioterapia-do-unisalesiano-realizam-visita-tecnica-a-equipe-do-nasf\/","og_site_name":"UniSALESIANO Ara\u00e7atuba\/SP","article_published_time":"2019-04-29T14:14:18+00:00","og_image":[{"width":2560,"height":1920,"url":"https:\/\/unisalesiano.com.br\/aracatuba\/wp-content\/uploads\/2019\/04\/20190423_080212-scaled.jpg","type":"image\/jpeg"}],"twitter_card":"summary_large_image","twitter_misc":{"Escrito por":"Rosiane Cerverizzo","Est. tempo de leitura":"2 minutos"},"schema":{"@context":"https:\/\/schema.org","@graph":[{"@type":"WebSite","@id":"https:\/\/unisalesiano.com.br\/aracatuba\/#website","url":"https:\/\/unisalesiano.com.br\/aracatuba\/","name":"UniSALESIANO Ara\u00e7atuba\/SP","description":"Centro Universit\u00e1rio Cat\u00f3lico Salesiano Auxilium","potentialAction":[{"@type":"SearchAction","target":{"@type":"EntryPoint","urlTemplate":"https:\/\/unisalesiano.com.br\/aracatuba\/?s={search_term_string}"},"query-input":"required name=search_term_string"}],"inLanguage":"pt-BR"},{"@type":"ImageObject","@id":"https:\/\/unisalesiano.com.br\/aracatuba\/alunos-de-fisioterapia-do-unisalesiano-realizam-visita-tecnica-a-equipe-do-nasf\/#primaryimage","inLanguage":"pt-BR","url":"https:\/\/unisalesiano.com.br\/aracatuba\/wp-content\/uploads\/2019\/04\/20190423_080212-scaled.jpg","contentUrl":"https:\/\/unisalesiano.com.br\/aracatuba\/wp-content\/uploads\/2019\/04\/20190423_080212-scaled.jpg","width":2560,"height":1920},{"@type":"WebPage","@id":"https:\/\/unisalesiano.com.br\/aracatuba\/alunos-de-fisioterapia-do-unisalesiano-realizam-visita-tecnica-a-equipe-do-nasf\/#webpage","url":"https:\/\/unisalesiano.com.br\/aracatuba\/alunos-de-fisioterapia-do-unisalesiano-realizam-visita-tecnica-a-equipe-do-nasf\/","name":"Alunos de Fisioterapia do UniSALESIANO realizam visita t\u00e9cnica \u00e0 equipe do NASF - UniSALESIANO Ara\u00e7atuba\/SP","isPartOf":{"@id":"https:\/\/unisalesiano.com.br\/aracatuba\/#website"},"primaryImageOfPage":{"@id":"https:\/\/unisalesiano.com.br\/aracatuba\/alunos-de-fisioterapia-do-unisalesiano-realizam-visita-tecnica-a-equipe-do-nasf\/#primaryimage"},"datePublished":"2019-04-29T14:14:18+00:00","dateModified":"2019-04-29T14:14:18+00:00","author":{"@id":"https:\/\/unisalesiano.com.br\/aracatuba\/#\/schema\/person\/9b0bb7fe2888d8c52a9981cc9f499850"},"breadcrumb":{"@id":"https:\/\/unisalesiano.com.br\/aracatuba\/alunos-de-fisioterapia-do-unisalesiano-realizam-visita-tecnica-a-equipe-do-nasf\/#breadcrumb"},"inLanguage":"pt-BR","potentialAction":[{"@type":"ReadAction","target":["https:\/\/unisalesiano.com.br\/aracatuba\/alunos-de-fisioterapia-do-unisalesiano-realizam-visita-tecnica-a-equipe-do-nasf\/"]}]},{"@type":"BreadcrumbList","@id":"https:\/\/unisalesiano.com.br\/aracatuba\/alunos-de-fisioterapia-do-unisalesiano-realizam-visita-tecnica-a-equipe-do-nasf\/#breadcrumb","itemListElement":[{"@type":"ListItem","position":1,"name":"In\u00edcio","item":"https:\/\/unisalesiano.com.br\/aracatuba\/"},{"@type":"ListItem","position":2,"name":"Alunos de Fisioterapia do UniSALESIANO realizam visita t\u00e9cnica \u00e0 equipe do NASF"}]},{"@type":"Person","@id":"https:\/\/unisalesiano.com.br\/aracatuba\/#\/schema\/person\/9b0bb7fe2888d8c52a9981cc9f499850","name":"Rosiane Cerverizzo","image":{"@type":"ImageObject","@id":"https:\/\/unisalesiano.com.br\/aracatuba\/#personlogo","inLanguage":"pt-BR","url":"https:\/\/secure.gravatar.com\/avatar\/435d6972275f45fcd8db34d02c275aea169714405f437e6532d04aa71ef9cbe2?s=96&d=mm&r=g","contentUrl":"https:\/\/secure.gravatar.com\/avatar\/435d6972275f45fcd8db34d02c275aea169714405f437e6532d04aa71ef9cbe2?s=96&d=mm&r=g","caption":"Rosiane Cerverizzo"},"url":"https:\/\/unisalesiano.com.br\/aracatuba\/author\/rosi\/"}]}},"_links":{"self":[{"href":"https:\/\/unisalesiano.com.br\/aracatuba\/wp-json\/wp\/v2\/posts\/10473","targetHints":{"allow":["GET"]}}],"collection":[{"href":"https:\/\/unisalesiano.com.br\/aracatuba\/wp-json\/wp\/v2\/posts"}],"about":[{"href":"https:\/\/unisalesiano.com.br\/aracatuba\/wp-json\/wp\/v2\/types\/post"}],"author":[{"embeddable":true,"href":"https:\/\/unisalesiano.com.br\/aracatuba\/wp-json\/wp\/v2\/users\/7"}],"replies":[{"embeddable":true,"href":"https:\/\/unisalesiano.com.br\/aracatuba\/wp-json\/wp\/v2\/comments?post=10473"}],"version-history":[{"count":0,"href":"https:\/\/unisalesiano.com.br\/aracatuba\/wp-json\/wp\/v2\/posts\/10473\/revisions"}],"wp:featuredmedia":[{"embeddable":true,"href":"https:\/\/unisalesiano.com.br\/aracatuba\/wp-json\/wp\/v2\/media\/10474"}],"wp:attachment":[{"href":"https:\/\/unisalesiano.com.br\/aracatuba\/wp-json\/wp\/v2\/media?parent=10473"}],"wp:term":[{"taxonomy":"category","embeddable":true,"href":"https:\/\/unisalesiano.com.br\/aracatuba\/wp-json\/wp\/v2\/categories?post=10473"},{"taxonomy":"post_tag","embeddable":true,"href":"https:\/\/unisalesiano.com.br\/aracatuba\/wp-json\/wp\/v2\/tags?post=10473"}],"curies":[{"name":"wp","href":"https:\/\/api.w.org\/{rel}","templated":true}]}}